{"id":1879193,"date":"2026-04-08T13:21:33","date_gmt":"2026-04-08T10:21:33","guid":{"rendered":"https:\/\/analyse.optim.biz\/?p=1879193"},"modified":"2026-04-08T13:21:33","modified_gmt":"2026-04-08T10:21:33","slug":"barbat-retinut-pentru-24-de-ore-dupa-ce-a-fost-prins-baut-la-volan-si-fara-permis-in-suceava","status":"publish","type":"post","link":"https:\/\/analyse.optim.biz\/?p=1879193","title":{"rendered":"B\u0103rbat re\u021binut pentru 24 de ore dup\u0103 ce a fost prins b\u0103ut la volan \u0219i f\u0103r\u0103 permis, \u00een Suceava"},"content":{"rendered":"<p>[analyse_image type=&#8221;featured&#8221; src=&#8221;https:\/\/img.svnews.ro\/foto\/2024\/04\/02\/378977\/544e217a60b3497e747a11bad.jpg&#8221;]<\/p>\n<div class=\"entry\"><img loading=\"lazy\" decoding=\"async\" width=\"650\" height=\"325\" src=\"https:\/\/img.svnews.ro\/foto\/2024\/04\/02\/378977\/544e217a60b3497e747a11bad06500325.jpg\" alt><\/p>\n<div class=\"entry_content\">\n<p>Un b\u0103rbat \u00een v\u00e2rst\u0103 de 38 de ani, din municipiul Suceava, a fost re\u021binut pentru 24 de ore de poli\u021bi\u0219ti, fiind cercetat pentru mai multe infrac\u021biuni la regimul rutier.<\/p>\n<p>\u00cen cursul zilei de 7 aprilie 2026, poli\u021bi\u0219tii au continuat cercet\u0103rile privind infrac\u021biunile la regimul rutier comise de c\u0103tre suceveanul \u00een cauz\u0103, care este cercetat pentru s\u0103v\u00e2r\u0219irea infrac\u021biunilor de \u201econducerea unui vehicul f\u0103r\u0103 permis de conducere\u201d \u0219i \u201econducerea unui vehicul sub influen\u021ba alcoolului\u201d.<\/p>\n<p>De precizat c\u0103 la data de 5.04.2026, orele 21.45, lucr\u0103torii din cadrul Sec\u021biei de Poli\u021bie Burdujeni, \u00een timp ac\u021bionau conform Planului de M\u0103suri privind prevenirea comiterii de fapte de natur\u0103 penale \u0219i antisociale \u00een zona cartierului Gara Burdujeni au observat autoturismul marca Volkswagen Passat, ce se deplasa pe strada Nicolae Iorga c\u0103tre Calea Unirii, al c\u0103rui conduc\u0103tor a adoptat un comportament suspect la observarea echipajului de poli\u021bie.<\/p>\n<p>S-a procedat la efectuarea semnalelor acustice \u0219i luminoase de oprire de pe autospeciala de poli\u021bie, iar conduc\u0103torul autoturismului s-a conformat \u0219i a oprit pe str. Calea Unirii.<\/p>\n<p>Dup\u0103 declinarea calit\u0103\u021bii s-a procedat la legitimarea conduc\u0103torului auto, stabilind c\u0103 acesta este un b\u0103rbat de 38 de ani din Suceava, \u00een ma\u0219in\u0103 afl\u00e2ndu-se \u0219i so\u021bia acestuia.<\/p>\n<p>Av\u00e2nd \u00een vedere c\u0103 \u0219oferul emana halen\u0103 alcoolic\u0103, a fost testat cu aparatul etilotest, rezultatul fiind 0,96 mg\/l alcool pur \u00een aerul expirat, iar ulterior a fost condus la U.P.U. din cadrul Spitalului Jude\u021bean Suceava, pentru a i se recolta dou\u0103 mostre biologice de s\u00e2nge \u00een vederea stabilirii cu exactitate a alcoolemiei.<\/p>\n<p>\u00cen urma efectu\u0103rii verific\u0103rilor \u00een bazele de date ale Poli\u021biei Rom\u00e2ne, s-a constatat faptul c\u0103 autoturismul marca Volkswagen Passat, are poli\u021ba RCA este expirat\u0103, vehiculul fiind imobilizat.<\/p>\n<p>Totodat\u0103 cu ocazia verific\u0103rii conduc\u0103torului auto \u00een bazele de date ale Poli\u021biei Rom\u00e2ne aplica\u021bia InterId, s-a constatat faptul c\u0103 dreptul de conducere al acestuia este anulat, \u00een urma unei infrac\u021biuni privind conducerea unui autovehicul sub influen\u021ba b\u0103uturilor alcoolice s\u0103v\u00e2r\u0219ite \u00een anul 2008.<\/p>\n<p>\u00cen cauz\u0103 a fost \u00eentocmit proces-verbal de constatare a infrac\u021biunii flagrante, privind \u201dconducerea unui autovehicul sub influen\u021ba alcoolului sau a altor substan\u021be\u201d \u0219i \u201dconducerea unui autovehicul cu permisul de conducere anulat\u201d cercet\u0103rile urm\u00e2nd a fi continuate de c\u0103tre lucr\u0103torii Biroului Rutier, urm\u00e2nd s\u0103 dispun\u0103 procedural.<\/p>\n<p>\u00a0<\/p>\n<\/div>\n<div>\n<div>VN:F [1.9.22_1171]<\/div>\n<div class=\"ratingblock \">\n<div class=\"ratingstars \">\n<div id=\"article_loader_528320\" class=\"ratingloaderarticle\">\n<div class=\"loader arrows \">\n<div class=\"loaderinner\">se actualizeaz\u0103&#8230;<\/div>\n<\/div>\n<\/div>\n<\/div>\n<div class=\"ratingtext \">\n<div id=\"gdr_text_a528320\">Rating: 0.0\/<strong>10<\/strong> (0 votes cast)<\/div>\n<\/div>\n<\/div>\n<\/div>\n<\/div>\n<div class=\"entry_content\">\n<p>Un b\u0103rbat \u00een v\u00e2rst\u0103 de 38 de ani, din municipiul Suceava, a fost re\u021binut pentru 24 de ore de poli\u021bi\u0219ti, fiind cercetat pentru mai multe infrac\u021biuni la regimul rutier.<\/p>\n<p>\u00cen cursul zilei de 7 aprilie 2026, poli\u021bi\u0219tii au continuat cercet\u0103rile privind infrac\u021biunile la regimul rutier comise de c\u0103tre suceveanul \u00een cauz\u0103, care este cercetat pentru s\u0103v\u00e2r\u0219irea infrac\u021biunilor de \u201econducerea unui vehicul f\u0103r\u0103 permis de conducere\u201d \u0219i \u201econducerea unui vehicul sub influen\u021ba alcoolului\u201d.<\/p>\n<p>De precizat c\u0103 la data de 5.04.2026, orele 21.45, lucr\u0103torii din cadrul Sec\u021biei de Poli\u021bie Burdujeni, \u00een timp ac\u021bionau conform Planului de M\u0103suri privind prevenirea comiterii de fapte de natur\u0103 penale \u0219i antisociale \u00een zona cartierului Gara Burdujeni au observat autoturismul marca Volkswagen Passat, ce se deplasa pe strada Nicolae Iorga c\u0103tre Calea Unirii, al c\u0103rui conduc\u0103tor a adoptat un comportament suspect la observarea echipajului de poli\u021bie.<\/p>\n<p>S-a procedat la efectuarea semnalelor acustice \u0219i luminoase de oprire de pe autospeciala de poli\u021bie, iar conduc\u0103torul autoturismului s-a conformat \u0219i a oprit pe str. Calea Unirii.<\/p>\n<p>Dup\u0103 declinarea calit\u0103\u021bii s-a procedat la legitimarea conduc\u0103torului auto, stabilind c\u0103 acesta este un b\u0103rbat de 38 de ani din Suceava, \u00een ma\u0219in\u0103 afl\u00e2ndu-se \u0219i so\u021bia acestuia.<\/p>\n<p>Av\u00e2nd \u00een vedere c\u0103 \u0219oferul emana halen\u0103 alcoolic\u0103, a fost testat cu aparatul etilotest, rezultatul fiind 0,96 mg\/l alcool pur \u00een aerul expirat, iar ulterior a fost condus la U.P.U. din cadrul Spitalului Jude\u021bean Suceava, pentru a i se recolta dou\u0103 mostre biologice de s\u00e2nge \u00een vederea stabilirii cu exactitate a alcoolemiei.<\/p>\n<p>\u00cen urma efectu\u0103rii verific\u0103rilor \u00een bazele de date ale Poli\u021biei Rom\u00e2ne, s-a constatat faptul c\u0103 autoturismul marca Volkswagen Passat, are poli\u021ba RCA este expirat\u0103, vehiculul fiind imobilizat.<\/p>\n<p>Totodat\u0103 cu ocazia verific\u0103rii conduc\u0103torului auto \u00een bazele de date ale Poli\u021biei Rom\u00e2ne aplica\u021bia InterId, s-a constatat faptul c\u0103 dreptul de conducere al acestuia este anulat, \u00een urma unei infrac\u021biuni privind conducerea unui autovehicul sub influen\u021ba b\u0103uturilor alcoolice s\u0103v\u00e2r\u0219ite \u00een anul 2008.<\/p>\n<p>\u00cen cauz\u0103 a fost \u00eentocmit proces-verbal de constatare a infrac\u021biunii flagrante, privind \u201dconducerea unui autovehicul sub influen\u021ba alcoolului sau a altor substan\u021be\u201d \u0219i \u201dconducerea unui autovehicul cu permisul de conducere anulat\u201d cercet\u0103rile urm\u00e2nd a fi continuate de c\u0103tre lucr\u0103torii Biroului Rutier, urm\u00e2nd s\u0103 dispun\u0103 procedural.<\/p>\n<p>\u00a0<\/p>\n<\/div>\n<p>[analyse_source url=&#8221;https:\/\/www.svnews.ro\/barbat-retinut-pentru-24-de-ore-dupa-ce-a-fost-prins-baut-la-volan-si-fara-permis-in-suceava\/528320\/&#8221;]<\/p>\n","protected":false},"excerpt":{"rendered":"<p>[analyse_image type=&#8221;featured&#8221; src=&#8221;https:\/\/img.svnews.ro\/foto\/2024\/04\/02\/378977\/544e217a60b3497e747a11bad.jpg&#8221;] Un b\u0103rbat \u00een v\u00e2rst\u0103 de 38 de ani, din municipiul Suceava, a fost re\u021binut pentru 24 de ore de poli\u021bi\u0219ti, fiind cercetat pentru mai multe infrac\u021biuni la regimul rutier. \u00cen cursul zilei de 7 aprilie 2026, poli\u021bi\u0219tii au continuat cercet\u0103rile privind infrac\u021biunile la regimul rutier comise de c\u0103tre suceveanul \u00een cauz\u0103, care [&hellip;]<\/p>\n","protected":false},"author":1,"featured_media":0,"comment_status":"open","ping_status":"","sticky":false,"template":"","format":"standard","meta":{"footnotes":""},"categories":[89],"tags":[226,175],"class_list":["post-1879193","post","type-post","status-publish","format-standard","hentry","category-romania","tag-crawlmanager","tag-svnews-ro"],"_links":{"self":[{"href":"https:\/\/analyse.optim.biz\/index.php?rest_route=\/wp\/v2\/posts\/1879193","targetHints":{"allow":["GET"]}}],"collection":[{"href":"https:\/\/analyse.optim.biz\/index.php?rest_route=\/wp\/v2\/posts"}],"about":[{"href":"https:\/\/analyse.optim.biz\/index.php?rest_route=\/wp\/v2\/types\/post"}],"author":[{"embeddable":true,"href":"https:\/\/analyse.optim.biz\/index.php?rest_route=\/wp\/v2\/users\/1"}],"replies":[{"embeddable":true,"href":"https:\/\/analyse.optim.biz\/index.php?rest_route=%2Fwp%2Fv2%2Fcomments&post=1879193"}],"version-history":[{"count":0,"href":"https:\/\/analyse.optim.biz\/index.php?rest_route=\/wp\/v2\/posts\/1879193\/revisions"}],"wp:attachment":[{"href":"https:\/\/analyse.optim.biz\/index.php?rest_route=%2Fwp%2Fv2%2Fmedia&parent=1879193"}],"wp:term":[{"taxonomy":"category","embeddable":true,"href":"https:\/\/analyse.optim.biz\/index.php?rest_route=%2Fwp%2Fv2%2Fcategories&post=1879193"},{"taxonomy":"post_tag","embeddable":true,"href":"https:\/\/analyse.optim.biz\/index.php?rest_route=%2Fwp%2Fv2%2Ftags&post=1879193"}],"curies":[{"name":"wp","href":"https:\/\/api.w.org\/{rel}","templated":true}]}}