{"id":1879192,"date":"2026-04-08T13:13:51","date_gmt":"2026-04-08T10:13:51","guid":{"rendered":"https:\/\/analyse.optim.biz\/?p=1879192"},"modified":"2026-04-08T13:13:51","modified_gmt":"2026-04-08T10:13:51","slug":"recomandari-ale-politistilor-suceveni-pentru-perioada-sarbatorilor-pascale","status":"publish","type":"post","link":"https:\/\/analyse.optim.biz\/?p=1879192","title":{"rendered":"Recomand\u0103ri ale poli\u021bi\u0219tilor suceveni pentru perioada S\u0103rb\u0103torilor Pascale"},"content":{"rendered":"<p>[analyse_image type=&#8221;featured&#8221; src=&#8221;https:\/\/img.svnews.ro\/foto\/2026\/04\/08\/528318\/5aaa7b1199d87bdba8492599c.jpeg&#8221;]<\/p>\n<div class=\"entry\"><img loading=\"lazy\" decoding=\"async\" width=\"650\" height=\"325\" src=\"https:\/\/img.svnews.ro\/foto\/2026\/04\/08\/528318\/5aaa7b1199d87bdba8492599c06500325.jpeg\" alt><\/p>\n<div class=\"entry_content\">\n<p>Poli\u021bi\u0219tii suceveni vor fi la datorie \u00een perioada S\u0103rb\u0103torilor Pascale pentru ca acestea s\u0103 poat\u0103 fi petrecute \u00een siguran\u021b\u0103 de c\u0103tre suceveni \u0219i de turi\u0219tii care sunt prezen\u021bi \u00een aceste zile \u00een jude\u021b.<\/p>\n<p>Poli\u021bia Suceava a recomandat cet\u0103\u021benilor s\u0103 manifeste pruden\u021b\u0103 \u0219i responsabilitate, at\u00e2t acas\u0103, c\u00e2t \u0219i \u00een spa\u021biile publice:<\/p>\n<p>\u2013 asigura\u021bi locuin\u021ba atunci c\u00e2nd pleca\u021bi de acas\u0103;<\/p>\n<p>\u2013 \u2060ave\u021bi grij\u0103 de bunurile personale, mai ales \u00een zonele aglomerate;<\/p>\n<p>\u2013 \u2060evita\u021bi consumul excesiv de alcool \u0219i implicarea \u00een conflicte;<\/p>\n<p>\u2013 nu urca\u021bi la volan dup\u0103 consumul de b\u0103uturi alcoolice;<\/p>\n<p>\u2013 respecta\u021bi regulile de circula\u021bie \u0219i indica\u021biile poli\u021bi\u0219tilor afla\u021bi \u00een serviciu.<\/p>\n<p>\u201eS\u0103 ne bucur\u0103m de aceste zile cu calm, grij\u0103 fa\u021b\u0103 de cei din jur \u0219i responsabilitate. \u00cen cazul \u00een care sunte\u021bi martorii sau victimele unor fapte antisociale, apela\u021bi cu \u00eencredere 112 \u2013 Apelul Unic de Urgen\u021b\u0103. Poli\u021bi\u0219tii suceveni v\u0103 ureaz\u0103 S\u0103rb\u0103tori Pascale lini\u0219tite, \u00een pace \u0219i \u00een siguran\u021b\u0103, al\u0103turi de to\u021bi cei dragi!\u201d, a transmis Poli\u021bia Suceava.<\/p>\n<\/div>\n<div>\n<div>VN:F [1.9.22_1171]<\/div>\n<div class=\"ratingblock \">\n<div class=\"ratingstars \">\n<div id=\"article_loader_528318\" class=\"ratingloaderarticle\">\n<div class=\"loader arrows \">\n<div class=\"loaderinner\">se actualizeaz\u0103&#8230;<\/div>\n<\/div>\n<\/div>\n<\/div>\n<div class=\"ratingtext \">\n<div id=\"gdr_text_a528318\">Rating: 0.0\/<strong>10<\/strong> (0 votes cast)<\/div>\n<\/div>\n<\/div>\n<\/div>\n<\/div>\n<div class=\"entry_content\">\n<p>Poli\u021bi\u0219tii suceveni vor fi la datorie \u00een perioada S\u0103rb\u0103torilor Pascale pentru ca acestea s\u0103 poat\u0103 fi petrecute \u00een siguran\u021b\u0103 de c\u0103tre suceveni \u0219i de turi\u0219tii care sunt prezen\u021bi \u00een aceste zile \u00een jude\u021b.<\/p>\n<p>Poli\u021bia Suceava a recomandat cet\u0103\u021benilor s\u0103 manifeste pruden\u021b\u0103 \u0219i responsabilitate, at\u00e2t acas\u0103, c\u00e2t \u0219i \u00een spa\u021biile publice:<\/p>\n<p>\u2013 asigura\u021bi locuin\u021ba atunci c\u00e2nd pleca\u021bi de acas\u0103;<\/p>\n<p>\u2013 \u2060ave\u021bi grij\u0103 de bunurile personale, mai ales \u00een zonele aglomerate;<\/p>\n<p>\u2013 \u2060evita\u021bi consumul excesiv de alcool \u0219i implicarea \u00een conflicte;<\/p>\n<p>\u2013 nu urca\u021bi la volan dup\u0103 consumul de b\u0103uturi alcoolice;<\/p>\n<p>\u2013 respecta\u021bi regulile de circula\u021bie \u0219i indica\u021biile poli\u021bi\u0219tilor afla\u021bi \u00een serviciu.<\/p>\n<p>\u201eS\u0103 ne bucur\u0103m de aceste zile cu calm, grij\u0103 fa\u021b\u0103 de cei din jur \u0219i responsabilitate. \u00cen cazul \u00een care sunte\u021bi martorii sau victimele unor fapte antisociale, apela\u021bi cu \u00eencredere 112 \u2013 Apelul Unic de Urgen\u021b\u0103. Poli\u021bi\u0219tii suceveni v\u0103 ureaz\u0103 S\u0103rb\u0103tori Pascale lini\u0219tite, \u00een pace \u0219i \u00een siguran\u021b\u0103, al\u0103turi de to\u021bi cei dragi!\u201d, a transmis Poli\u021bia Suceava.<\/p>\n<\/div>\n<p>[analyse_source url=&#8221;https:\/\/www.svnews.ro\/recomandari-ale-politistilor-suceveni-pentru-perioada-sarbatorilor-pascale\/528318\/&#8221;]<\/p>\n","protected":false},"excerpt":{"rendered":"<p>[analyse_image type=&#8221;featured&#8221; src=&#8221;https:\/\/img.svnews.ro\/foto\/2026\/04\/08\/528318\/5aaa7b1199d87bdba8492599c.jpeg&#8221;] Poli\u021bi\u0219tii suceveni vor fi la datorie \u00een perioada S\u0103rb\u0103torilor Pascale pentru ca acestea s\u0103 poat\u0103 fi petrecute \u00een siguran\u021b\u0103 de c\u0103tre suceveni \u0219i de turi\u0219tii care sunt prezen\u021bi \u00een aceste zile \u00een jude\u021b. Poli\u021bia Suceava a recomandat cet\u0103\u021benilor s\u0103 manifeste pruden\u021b\u0103 \u0219i responsabilitate, at\u00e2t acas\u0103, c\u00e2t \u0219i \u00een spa\u021biile publice: \u2013 asigura\u021bi [&hellip;]<\/p>\n","protected":false},"author":1,"featured_media":0,"comment_status":"open","ping_status":"","sticky":false,"template":"","format":"standard","meta":{"footnotes":""},"categories":[89],"tags":[226,175],"class_list":["post-1879192","post","type-post","status-publish","format-standard","hentry","category-romania","tag-crawlmanager","tag-svnews-ro"],"_links":{"self":[{"href":"https:\/\/analyse.optim.biz\/index.php?rest_route=\/wp\/v2\/posts\/1879192","targetHints":{"allow":["GET"]}}],"collection":[{"href":"https:\/\/analyse.optim.biz\/index.php?rest_route=\/wp\/v2\/posts"}],"about":[{"href":"https:\/\/analyse.optim.biz\/index.php?rest_route=\/wp\/v2\/types\/post"}],"author":[{"embeddable":true,"href":"https:\/\/analyse.optim.biz\/index.php?rest_route=\/wp\/v2\/users\/1"}],"replies":[{"embeddable":true,"href":"https:\/\/analyse.optim.biz\/index.php?rest_route=%2Fwp%2Fv2%2Fcomments&post=1879192"}],"version-history":[{"count":0,"href":"https:\/\/analyse.optim.biz\/index.php?rest_route=\/wp\/v2\/posts\/1879192\/revisions"}],"wp:attachment":[{"href":"https:\/\/analyse.optim.biz\/index.php?rest_route=%2Fwp%2Fv2%2Fmedia&parent=1879192"}],"wp:term":[{"taxonomy":"category","embeddable":true,"href":"https:\/\/analyse.optim.biz\/index.php?rest_route=%2Fwp%2Fv2%2Fcategories&post=1879192"},{"taxonomy":"post_tag","embeddable":true,"href":"https:\/\/analyse.optim.biz\/index.php?rest_route=%2Fwp%2Fv2%2Ftags&post=1879192"}],"curies":[{"name":"wp","href":"https:\/\/api.w.org\/{rel}","templated":true}]}}