{"id":1879191,"date":"2026-04-08T11:45:40","date_gmt":"2026-04-08T08:45:40","guid":{"rendered":"https:\/\/analyse.optim.biz\/?p=1879191"},"modified":"2026-04-08T11:45:40","modified_gmt":"2026-04-08T08:45:40","slug":"cerere-ciudata-a-unui-enorias-sucevean-catre-ips-calinic-sa-nu-se-mai-aduca-lumina-sfanta-de-la-ierusalim-e-o-traditie-periculoasa","status":"publish","type":"post","link":"https:\/\/analyse.optim.biz\/?p=1879191","title":{"rendered":"Cerere ciudat\u0103 a unui enoria\u0219 sucevean c\u0103tre IPS Calinic: s\u0103 nu se mai aduc\u0103 Lumina Sf\u00e2nt\u0103 de la Ierusalim. \u201dE o tradi\u021bie periculoas\u0103\u201d"},"content":{"rendered":"<p>[analyse_image type=&#8221;featured&#8221; src=&#8221;https:\/\/img.svnews.ro\/foto\/2023\/04\/15\/335354\/6c2fb2b7bb99579c15ac11acb.jpg&#8221;]<\/p>\n<div class=\"entry\"><img loading=\"lazy\" decoding=\"async\" width=\"650\" height=\"325\" src=\"https:\/\/img.svnews.ro\/foto\/2023\/04\/15\/335354\/6c2fb2b7bb99579c15ac11acb06500325.jpg\" alt><\/p>\n<div class=\"entry_content\">\n<p>Un enoria\u0219 sucevean pune un semn de \u00eentrebare asupra aducerii Luminii Sfinte de la Ierusalim. El i-a scris arhiepiscopului Sucevei \u0219i R\u0103d\u0103u\u021bilor, IPS Calinic, prin care \u00eei sugereaz\u0103 s\u0103 renun\u021be la aceast\u0103 \u201dtradi\u021bie periculoas\u0103\u201d.<\/p>\n<p>\u201e\u00cenaltpreasfin\u021bite, v\u0103 \u00eentreb dac\u0103 vi se pare corect ce face Sinodul cu aducerea luminii de la Ierusalim. Un vestit p\u0103rinte rom\u00e2n din Sco\u021bia a scris despre asta cu critic\u0103 \u0219i foarte mul\u021bi sunt de acord, inclusiv ierarhi. De ce a\u0219a ceva? Pentru ca unele babe de la sate s\u0103 cread\u0103 c\u0103 la ei \u00cenvierea nu e a\u0219a ca \u00een Ierusalim. \u00cen Potir ce este \u00een orice sat \u00een comuniune, nu e Hristos cum e la Ierusalim \u0219i \u00een Athos \u0219i \u00een Sinai? Atunci de ce Sinodul se l\u0103f\u0103ie\u0219te cu ceva cu care niciun sf\u00e2nt nu a scris. E o tradi\u021bie periculoas\u0103. Nu crede\u021bi c\u0103 trebuie oprit\u0103? Sigur, mul\u021bi preo\u021bi sunt de acord cu asta. Sinodul nu e robul m\u0103dularelor Bisericii? De ce tot vor s\u0103 fac\u0103 ei ceva spectaculos, ca al\u021bii s\u0103 par\u0103 inferiori? Pe c\u00e2nd \u00eencepe\u021bi din Sinod s\u0103 cl\u0103di\u021bi biserici vii \u00een inimile credincio\u0219ilor. Cateheze cu ierarhi nu prea s-au v\u0103zut \u00een acest post \u0219i mul\u021bi credincio\u0219i zic c\u0103 habar nu au cum s\u0103 se spovedeasc\u0103. Ierta\u021bi, binecuv\u00e2nta\u021bi \u0219i e un g\u00e2nd la care mul\u021bi vor scrie online, mediu \u00een care e prezent\u0103 \u0219i Biserica, cu toate c\u0103 preo\u021bii zic mirenilor s\u0103 nu stea\u2026 Dublu standard.\u201d, a scris enoria\u0219ul.<\/p>\n<p>\u201dCeea ce reprezint\u0103 Giulgiul de la Torino pentru fiecare Epitaf folosit \u00een Sf\u00e2nta \u0219i Marea Vineri, tot astfel este Sf\u00e2nta Lumin\u0103 de la Ierusalim pentru fiecare candel\u0103 care arde pe Sf\u00e2nta Mas\u0103 \u2013 prefigurare a Sf\u00e2ntului Morm\u00e2nt\u201d, i-a r\u0103spuns IPS Calinic.<\/p>\n<\/div>\n<div>\n<div>VN:F [1.9.22_1171]<\/div>\n<div class=\"ratingblock \">\n<div class=\"ratingstars \">\n<div id=\"article_loader_528310\" class=\"ratingloaderarticle\">\n<div class=\"loader arrows \">\n<div class=\"loaderinner\">se actualizeaz\u0103&#8230;<\/div>\n<\/div>\n<\/div>\n<\/div>\n<div class=\"ratingtext \">\n<div id=\"gdr_text_a528310\">Rating: 0.0\/<strong>10<\/strong> (0 votes cast)<\/div>\n<\/div>\n<\/div>\n<\/div>\n<\/div>\n<div class=\"entry_content\">\n<p>Un enoria\u0219 sucevean pune un semn de \u00eentrebare asupra aducerii Luminii Sfinte de la Ierusalim. El i-a scris arhiepiscopului Sucevei \u0219i R\u0103d\u0103u\u021bilor, IPS Calinic, prin care \u00eei sugereaz\u0103 s\u0103 renun\u021be la aceast\u0103 \u201dtradi\u021bie periculoas\u0103\u201d.<\/p>\n<p>\u201e\u00cenaltpreasfin\u021bite, v\u0103 \u00eentreb dac\u0103 vi se pare corect ce face Sinodul cu aducerea luminii de la Ierusalim. Un vestit p\u0103rinte rom\u00e2n din Sco\u021bia a scris despre asta cu critic\u0103 \u0219i foarte mul\u021bi sunt de acord, inclusiv ierarhi. De ce a\u0219a ceva? Pentru ca unele babe de la sate s\u0103 cread\u0103 c\u0103 la ei \u00cenvierea nu e a\u0219a ca \u00een Ierusalim. \u00cen Potir ce este \u00een orice sat \u00een comuniune, nu e Hristos cum e la Ierusalim \u0219i \u00een Athos \u0219i \u00een Sinai? Atunci de ce Sinodul se l\u0103f\u0103ie\u0219te cu ceva cu care niciun sf\u00e2nt nu a scris. E o tradi\u021bie periculoas\u0103. Nu crede\u021bi c\u0103 trebuie oprit\u0103? Sigur, mul\u021bi preo\u021bi sunt de acord cu asta. Sinodul nu e robul m\u0103dularelor Bisericii? De ce tot vor s\u0103 fac\u0103 ei ceva spectaculos, ca al\u021bii s\u0103 par\u0103 inferiori? Pe c\u00e2nd \u00eencepe\u021bi din Sinod s\u0103 cl\u0103di\u021bi biserici vii \u00een inimile credincio\u0219ilor. Cateheze cu ierarhi nu prea s-au v\u0103zut \u00een acest post \u0219i mul\u021bi credincio\u0219i zic c\u0103 habar nu au cum s\u0103 se spovedeasc\u0103. Ierta\u021bi, binecuv\u00e2nta\u021bi \u0219i e un g\u00e2nd la care mul\u021bi vor scrie online, mediu \u00een care e prezent\u0103 \u0219i Biserica, cu toate c\u0103 preo\u021bii zic mirenilor s\u0103 nu stea\u2026 Dublu standard.\u201d, a scris enoria\u0219ul.<\/p>\n<p>\u201dCeea ce reprezint\u0103 Giulgiul de la Torino pentru fiecare Epitaf folosit \u00een Sf\u00e2nta \u0219i Marea Vineri, tot astfel este Sf\u00e2nta Lumin\u0103 de la Ierusalim pentru fiecare candel\u0103 care arde pe Sf\u00e2nta Mas\u0103 \u2013 prefigurare a Sf\u00e2ntului Morm\u00e2nt\u201d, i-a r\u0103spuns IPS Calinic.<\/p>\n<\/div>\n<p>[analyse_source url=&#8221;https:\/\/www.svnews.ro\/cerere-ciudata-a-unui-enorias-sucevean-catre-ips-calinic-sa-nu-se-mai-aduca-lumina-sfanta-de-la-ierusalim-e-o-traditie-periculoasa\/528310\/&#8221;]<\/p>\n","protected":false},"excerpt":{"rendered":"<p>[analyse_image type=&#8221;featured&#8221; src=&#8221;https:\/\/img.svnews.ro\/foto\/2023\/04\/15\/335354\/6c2fb2b7bb99579c15ac11acb.jpg&#8221;] Un enoria\u0219 sucevean pune un semn de \u00eentrebare asupra aducerii Luminii Sfinte de la Ierusalim. El i-a scris arhiepiscopului Sucevei \u0219i R\u0103d\u0103u\u021bilor, IPS Calinic, prin care \u00eei sugereaz\u0103 s\u0103 renun\u021be la aceast\u0103 \u201dtradi\u021bie periculoas\u0103\u201d. \u201e\u00cenaltpreasfin\u021bite, v\u0103 \u00eentreb dac\u0103 vi se pare corect ce face Sinodul cu aducerea luminii de la Ierusalim. Un [&hellip;]<\/p>\n","protected":false},"author":1,"featured_media":0,"comment_status":"open","ping_status":"","sticky":false,"template":"","format":"standard","meta":{"footnotes":""},"categories":[89],"tags":[226,175],"class_list":["post-1879191","post","type-post","status-publish","format-standard","hentry","category-romania","tag-crawlmanager","tag-svnews-ro"],"_links":{"self":[{"href":"https:\/\/analyse.optim.biz\/index.php?rest_route=\/wp\/v2\/posts\/1879191","targetHints":{"allow":["GET"]}}],"collection":[{"href":"https:\/\/analyse.optim.biz\/index.php?rest_route=\/wp\/v2\/posts"}],"about":[{"href":"https:\/\/analyse.optim.biz\/index.php?rest_route=\/wp\/v2\/types\/post"}],"author":[{"embeddable":true,"href":"https:\/\/analyse.optim.biz\/index.php?rest_route=\/wp\/v2\/users\/1"}],"replies":[{"embeddable":true,"href":"https:\/\/analyse.optim.biz\/index.php?rest_route=%2Fwp%2Fv2%2Fcomments&post=1879191"}],"version-history":[{"count":0,"href":"https:\/\/analyse.optim.biz\/index.php?rest_route=\/wp\/v2\/posts\/1879191\/revisions"}],"wp:attachment":[{"href":"https:\/\/analyse.optim.biz\/index.php?rest_route=%2Fwp%2Fv2%2Fmedia&parent=1879191"}],"wp:term":[{"taxonomy":"category","embeddable":true,"href":"https:\/\/analyse.optim.biz\/index.php?rest_route=%2Fwp%2Fv2%2Fcategories&post=1879191"},{"taxonomy":"post_tag","embeddable":true,"href":"https:\/\/analyse.optim.biz\/index.php?rest_route=%2Fwp%2Fv2%2Ftags&post=1879191"}],"curies":[{"name":"wp","href":"https:\/\/api.w.org\/{rel}","templated":true}]}}