{"id":1879190,"date":"2026-04-08T11:40:15","date_gmt":"2026-04-08T08:40:15","guid":{"rendered":"https:\/\/analyse.optim.biz\/?p=1879190"},"modified":"2026-04-08T11:40:15","modified_gmt":"2026-04-08T08:40:15","slug":"un-distins-profesor-sucevean-stabilit-in-strainatate-manhnit-ca-a-fost-refuzat-la-spovedanie-de-preotii-de-la-manastirea-sf-ioan-cel-nou-suceava-ips-calinic-a-incercat-sa-le-gaseasca-scuze-programul","status":"publish","type":"post","link":"https:\/\/analyse.optim.biz\/?p=1879190","title":{"rendered":"Un distins profesor sucevean stabilit \u00een str\u0103in\u0103tate m\u00e2nhnit c\u0103 a fost refuzat la spovedanie de preo\u021bii de la M\u0103n\u0103stirea Sf.Ioan cel Nou Suceava. IPS Calinic a \u00eencercat s\u0103 le g\u0103seasc\u0103 scuze: programul nu le-a permis, fiind implica\u021bi \u00een multe \u0219i felurite ascult\u0103ri\u201d"},"content":{"rendered":"<p>[analyse_image type=&#8221;featured&#8221; src=&#8221;https:\/\/img.svnews.ro\/foto\/2021\/12\/01\/275556\/e48767a08c3cc26f0e73986a2.jpg&#8221;]<\/p>\n<div class=\"entry\"><img loading=\"lazy\" decoding=\"async\" width=\"650\" height=\"325\" src=\"https:\/\/img.svnews.ro\/foto\/2021\/12\/01\/275556\/e48767a08c3cc26f0e73986a206500325.jpg\" alt><\/p>\n<div class=\"entry_content\">\n<p>Un distins profesor sucevean stabilit \u00een str\u0103in\u0103tate care a dorit s\u0103-\u0219i p\u0103streze anonimatul este m\u00e2nhnit pentru c\u0103 a fost refuzat la spovedanie de preo\u021bii de la M\u0103n\u0103stirea Sf.Ioan cel Nou Suceava. El a relatat situa\u021bia arhiepiscopului Sucevei \u0219i R\u0103d\u0103u\u021bilor, IPS Calinic, c\u0103ruia i-a solicitat s\u0103 \u00eendrepte lucrurile.<\/p>\n<p>\u201dV\u0103 scriu acest mesaj cu respect, dar \u0219i cu o anumit\u0103 triste\u021be, \u00een speran\u021ba c\u0103 experien\u021ba pe care am avut-o recent poate fi adus\u0103 \u00een aten\u021bia dumneavoastr\u0103. Locuiesc \u00een str\u0103in\u0103tate \u0219i ajung rar \u00een Rom\u00e2nia. De fiecare dat\u0103 c\u00e2nd revin, \u00eencerc s\u0103 m\u0103 apropii de Biseric\u0103 \u0219i s\u0103 \u00eemi g\u0103sesc lini\u0219tea sufleteasc\u0103. \u00cen acest context, am fost recent la M\u0103n\u0103stirea Sf\u00e2ntul Ioan din Suceava, cu dorin\u021ba sincer\u0103 de a m\u0103 spovedi. Am \u00eencercat s\u0103 vorbesc cu mai mul\u021bi preo\u021bi, printre care p\u0103rintele \u2026. \u0219i p\u0103rintele \u2026., \u00eens\u0103 r\u0103spunsul primit a fost acela\u0219i: nu primesc oameni noi. Mai mult, am fost \u00eentrebat de fiecare dat\u0103 \u201eal cui sunt?\u201d, ca \u0219i cum accesul la Taina Spovedaniei ar depinde de apartenen\u021ba la un anumit duhovnic. \u00cen \u00een\u021belegerea mea, spovedania este o tain\u0103 deschis\u0103 tuturor credincio\u0219ilor care vin cu sinceritate \u0219i dorin\u021b\u0103 de \u00eendreptare, nu doar celor care apar\u021bin deja unui duhovnic. Preotul este chemat s\u0103 fie p\u0103stor pentru to\u021bi cei care \u00eei caut\u0103, mai ales pentru cei care nu au un duhovnic stabil sau care vin din dep\u0103rtare. \u00cen\u021beleg c\u0103 pot exista constr\u00e2ngeri organizatorice sau pastorale, \u00eens\u0103 pentru un credincios aflat \u00eentr-o astfel de situa\u021bie, refuzul repetat las\u0103 un sentiment de respingere \u0219i ridic\u0103 \u00eentreb\u0103ri cu privire la accesibilitatea uneia dintre cele mai importante taine ale Bisericii. Nu scriu cu dorin\u021ba de a acuza, ci mai degrab\u0103 cu speran\u021ba c\u0103 aceast\u0103 situa\u021bie poate fi analizat\u0103 \u0219i, dac\u0103 este cazul, \u00eembun\u0103t\u0103\u021bit\u0103, astfel \u00eenc\u00e2t Biserica s\u0103 r\u0103m\u00e2n\u0103 un loc deschis \u0219i primitor pentru to\u021bi cei care caut\u0103 sprijin sufletesc\u201d, a scris profesorul.<\/p>\n<p>\u201dDomnule profesor, din c\u00e2te cunosc, preotul care este de s\u0103pt\u0103m\u00e2n\u0103 la racla Sf\u00e2ntului spovede\u0219te pe to\u021bi cei care solicit\u0103 acest lucru. Sunt convins c\u0103 cei c\u0103rora v-a\u021bi adresat nu v-au refuzat din rea-voin\u021b\u0103, ci pentru c\u0103 pur \u0219i simplu programul nu le-a permis, fiind implica\u021bi \u00een multe \u0219i felurite ascult\u0103ri\u201d, i-a r\u0103spuns IPS Calinic.<\/p>\n<\/div>\n<div>\n<div>VN:F [1.9.22_1171]<\/div>\n<div class=\"ratingblock \">\n<div class=\"ratingstars \">\n<div id=\"article_loader_528309\" class=\"ratingloaderarticle\">\n<div class=\"loader arrows \">\n<div class=\"loaderinner\">se actualizeaz\u0103&#8230;<\/div>\n<\/div>\n<\/div>\n<\/div>\n<div class=\"ratingtext \">\n<div id=\"gdr_text_a528309\">Rating: 0.0\/<strong>10<\/strong> (0 votes cast)<\/div>\n<\/div>\n<\/div>\n<\/div>\n<\/div>\n<div class=\"entry_content\">\n<p>Un distins profesor sucevean stabilit \u00een str\u0103in\u0103tate care a dorit s\u0103-\u0219i p\u0103streze anonimatul este m\u00e2nhnit pentru c\u0103 a fost refuzat la spovedanie de preo\u021bii de la M\u0103n\u0103stirea Sf.Ioan cel Nou Suceava. El a relatat situa\u021bia arhiepiscopului Sucevei \u0219i R\u0103d\u0103u\u021bilor, IPS Calinic, c\u0103ruia i-a solicitat s\u0103 \u00eendrepte lucrurile.<\/p>\n<p>\u201dV\u0103 scriu acest mesaj cu respect, dar \u0219i cu o anumit\u0103 triste\u021be, \u00een speran\u021ba c\u0103 experien\u021ba pe care am avut-o recent poate fi adus\u0103 \u00een aten\u021bia dumneavoastr\u0103. Locuiesc \u00een str\u0103in\u0103tate \u0219i ajung rar \u00een Rom\u00e2nia. De fiecare dat\u0103 c\u00e2nd revin, \u00eencerc s\u0103 m\u0103 apropii de Biseric\u0103 \u0219i s\u0103 \u00eemi g\u0103sesc lini\u0219tea sufleteasc\u0103. \u00cen acest context, am fost recent la M\u0103n\u0103stirea Sf\u00e2ntul Ioan din Suceava, cu dorin\u021ba sincer\u0103 de a m\u0103 spovedi. Am \u00eencercat s\u0103 vorbesc cu mai mul\u021bi preo\u021bi, printre care p\u0103rintele \u2026. \u0219i p\u0103rintele \u2026., \u00eens\u0103 r\u0103spunsul primit a fost acela\u0219i: nu primesc oameni noi. Mai mult, am fost \u00eentrebat de fiecare dat\u0103 \u201eal cui sunt?\u201d, ca \u0219i cum accesul la Taina Spovedaniei ar depinde de apartenen\u021ba la un anumit duhovnic. \u00cen \u00een\u021belegerea mea, spovedania este o tain\u0103 deschis\u0103 tuturor credincio\u0219ilor care vin cu sinceritate \u0219i dorin\u021b\u0103 de \u00eendreptare, nu doar celor care apar\u021bin deja unui duhovnic. Preotul este chemat s\u0103 fie p\u0103stor pentru to\u021bi cei care \u00eei caut\u0103, mai ales pentru cei care nu au un duhovnic stabil sau care vin din dep\u0103rtare. \u00cen\u021beleg c\u0103 pot exista constr\u00e2ngeri organizatorice sau pastorale, \u00eens\u0103 pentru un credincios aflat \u00eentr-o astfel de situa\u021bie, refuzul repetat las\u0103 un sentiment de respingere \u0219i ridic\u0103 \u00eentreb\u0103ri cu privire la accesibilitatea uneia dintre cele mai importante taine ale Bisericii. Nu scriu cu dorin\u021ba de a acuza, ci mai degrab\u0103 cu speran\u021ba c\u0103 aceast\u0103 situa\u021bie poate fi analizat\u0103 \u0219i, dac\u0103 este cazul, \u00eembun\u0103t\u0103\u021bit\u0103, astfel \u00eenc\u00e2t Biserica s\u0103 r\u0103m\u00e2n\u0103 un loc deschis \u0219i primitor pentru to\u021bi cei care caut\u0103 sprijin sufletesc\u201d, a scris profesorul.<\/p>\n<p>\u201dDomnule profesor, din c\u00e2te cunosc, preotul care este de s\u0103pt\u0103m\u00e2n\u0103 la racla Sf\u00e2ntului spovede\u0219te pe to\u021bi cei care solicit\u0103 acest lucru. Sunt convins c\u0103 cei c\u0103rora v-a\u021bi adresat nu v-au refuzat din rea-voin\u021b\u0103, ci pentru c\u0103 pur \u0219i simplu programul nu le-a permis, fiind implica\u021bi \u00een multe \u0219i felurite ascult\u0103ri\u201d, i-a r\u0103spuns IPS Calinic.<\/p>\n<\/div>\n<p>[analyse_source url=&#8221;https:\/\/www.svnews.ro\/un-distins-profesor-sucevean-stabilit-in-strainatate-manhnit-ca-a-fost-refuzat-la-spovedanie-de-preotii-de-la-manastirea-sf-ioan-cel-nou-suceava-ips-calinic-a-incercat-sa-le-gaseasca-scuze-programul\/528309\/&#8221;]<\/p>\n","protected":false},"excerpt":{"rendered":"<p>[analyse_image type=&#8221;featured&#8221; src=&#8221;https:\/\/img.svnews.ro\/foto\/2021\/12\/01\/275556\/e48767a08c3cc26f0e73986a2.jpg&#8221;] Un distins profesor sucevean stabilit \u00een str\u0103in\u0103tate care a dorit s\u0103-\u0219i p\u0103streze anonimatul este m\u00e2nhnit pentru c\u0103 a fost refuzat la spovedanie de preo\u021bii de la M\u0103n\u0103stirea Sf.Ioan cel Nou Suceava. El a relatat situa\u021bia arhiepiscopului Sucevei \u0219i R\u0103d\u0103u\u021bilor, IPS Calinic, c\u0103ruia i-a solicitat s\u0103 \u00eendrepte lucrurile. \u201dV\u0103 scriu acest mesaj cu [&hellip;]<\/p>\n","protected":false},"author":1,"featured_media":0,"comment_status":"open","ping_status":"","sticky":false,"template":"","format":"standard","meta":{"footnotes":""},"categories":[89],"tags":[226,175],"class_list":["post-1879190","post","type-post","status-publish","format-standard","hentry","category-romania","tag-crawlmanager","tag-svnews-ro"],"_links":{"self":[{"href":"https:\/\/analyse.optim.biz\/index.php?rest_route=\/wp\/v2\/posts\/1879190","targetHints":{"allow":["GET"]}}],"collection":[{"href":"https:\/\/analyse.optim.biz\/index.php?rest_route=\/wp\/v2\/posts"}],"about":[{"href":"https:\/\/analyse.optim.biz\/index.php?rest_route=\/wp\/v2\/types\/post"}],"author":[{"embeddable":true,"href":"https:\/\/analyse.optim.biz\/index.php?rest_route=\/wp\/v2\/users\/1"}],"replies":[{"embeddable":true,"href":"https:\/\/analyse.optim.biz\/index.php?rest_route=%2Fwp%2Fv2%2Fcomments&post=1879190"}],"version-history":[{"count":0,"href":"https:\/\/analyse.optim.biz\/index.php?rest_route=\/wp\/v2\/posts\/1879190\/revisions"}],"wp:attachment":[{"href":"https:\/\/analyse.optim.biz\/index.php?rest_route=%2Fwp%2Fv2%2Fmedia&parent=1879190"}],"wp:term":[{"taxonomy":"category","embeddable":true,"href":"https:\/\/analyse.optim.biz\/index.php?rest_route=%2Fwp%2Fv2%2Fcategories&post=1879190"},{"taxonomy":"post_tag","embeddable":true,"href":"https:\/\/analyse.optim.biz\/index.php?rest_route=%2Fwp%2Fv2%2Ftags&post=1879190"}],"curies":[{"name":"wp","href":"https:\/\/api.w.org\/{rel}","templated":true}]}}