{"id":187909,"date":"2015-01-20T22:03:51","date_gmt":"2015-01-20T19:03:51","guid":{"rendered":"https:\/\/analyse.optim.biz\/?p=187909"},"modified":"2015-01-20T22:03:51","modified_gmt":"2015-01-20T19:03:51","slug":"dan-dungaciu-daca-la-chisinau-se-va-forma-o-coalitie-cu-comunistii-pentru-romania-vor-urma-ani-extrem-de-complicati","status":"publish","type":"post","link":"https:\/\/analyse.optim.biz\/?p=187909","title":{"rendered":"Dan Dungaciu: Dac\u0103 la Chi\u0219in\u0103u se va forma o coali\u021bie cu comuni\u0219tii, pentru Rom\u00e2nia vor urma ani extrem de complica\u021bi"},"content":{"rendered":"<div class=\"entry data-app-meta data-app-meta-article\" data-embed-base-url-canonical=\"https:\/\/www.digi24.ro\/embed\/stiri\/actualitate\/politica\/dan-dungaciu-daca-la-chisinau-se-va-forma-o-coalitie-cu-comunistii-pentru-romania-vor-urma-ani-extrem-de-complicati-349604\">\n<p data-index=\"1\">\u201e<span>Faptul c\u0103 la Chi\u0219in\u0103u se afl\u0103 o delega\u021bie a Parlamentului European format\u0103 din trei membri ai celor trei partide importante ale Parlamentului European \u00eenseamn\u0103 c\u0103 Uniunea European\u0103 percepe la un nivel maxim de gravitate ce se poate \u00eent\u00e2mpla la Chi\u0219in\u0103u. \u0218i spun c\u0103 Uniunea European\u0103 pentru c\u0103 senza\u021bia mea este c\u0103 aceast\u0103 delega\u021bie european\u0103 nu este doar a Parlamentului, ci are, \u00eentr-un fel sau altul, girul Comisiei Europene\u201d, a spus Dan Dungaciu, la \u201eJurnalul de Sear\u0103\u201d.<\/span><\/p>\n<p data-index=\"2\">\u201e<span><strong><em>De ce percepe aceast\u0103 gravitate? Cred c\u0103 din dou\u0103 motive: o coali\u021bie cu Partidul Comuni\u0219tilor a dou\u0103 partide proeuropene din Republica Moldova \u00eenseamn\u0103 c\u0103 Federa\u021bia Rus\u0103 poate c\u00e2\u0219tiga prin negocieri <strong><em>ce a pierdut la urne<\/em><\/strong>. Altminteri spus, dac\u0103 Federa\u021bia Rus\u0103 a pierdut la urne majoritatea parlamentar\u0103, deci guvernamental\u0103, poate c\u00e2\u0219tiga, prin negocieri, suprema\u021bia indirect\u0103 \u0219i direct\u0103 \u00een Republica Moldova, prin aducerea comuni\u0219tilor la guvernare. Aceast\u0103 delega\u021bie are ca prim obiectiv ca Partidul Comuni\u0219tilor s\u0103 nu ajung\u0103 la guvernare \u00een Republica Moldova \u0219i s\u0103 fie, totu\u0219i, o guvernare proeuropean\u0103 din cele trei partide, la Chi\u0219in\u0103u<\/em><\/strong>. A doua chestiune fundamental\u0103 pe care insist\u0103 delega\u021bia european\u0103 este lupta \u00eempotriva corup\u021biei. Chestiunea corup\u021biei va deveni, dup\u0103 p\u0103rerea mea, aproape un al doilea criteriu politic de aderare a Republicii Moldova la spa\u021biul european. Corup\u021bia va deveni, pe agend\u0103, o tem\u0103 fundamental\u0103 pe care Chi\u0219in\u0103ul nu o poate ignora\u201d, a explicat Dan Dungaciu.<\/span><\/p>\n<h5><span>O absen\u021b\u0103 \u201eprofund regretabil\u0103\u201d<\/span><\/h5>\n<p data-index=\"3\">Premierul Victor Ponta<a href=\"https:\/\/www.digi24.ro\/Stiri\/Digi24\/Actualitate\/Politica\/Victor+Ponta+vizita+surpriza+la+Chisinau\" target=\"_blank\" data-skip-linkfix=\"1\" rel=\"noopener\"><strong> \u0219i-a anulat, mar\u021bi, \u201evizita-fulger\u201d<\/strong><\/a>la Chi\u0219in\u0103u din cauza instabilit\u0103\u021bii politice. Victor Ponta ar fi vrut s\u0103 aib\u0103 o discu\u0163ie cu liderii partidelor proeuropene din Republica Moldova.<\/p>\n<p data-index=\"4\">Pe de alt\u0103 parte, Administra\u021bia Preziden\u021bial\u0103<a href=\"https:\/\/www.digi24.ro\/Stiri\/Digi24\/Actualitate\/Politica\/iohannis+amanare+vizita+chisinau\" target=\"_blank\" data-skip-linkfix=\"1\" rel=\"noopener\"><strong> a confirmat, luni, informa\u021bia<\/strong><\/a> c\u0103 vizita lui Klaus Iohannis la Chi\u0219in\u0103u, programat\u0103 pentru 22-23 ianuarie, a fost am\u00e2nat\u0103.<\/p>\n<p data-index=\"5\">\u201e<span><strong><em>\u00cen opinia mea, este profund regretabil c\u0103 o \u021bar\u0103 ca Rom\u00e2nia, care are sute de mii de cet\u0103\u021beni \u00een Republica Moldova, nu este prezent\u0103 la aceste negocieri esen\u021biale \u0219i este parte doar prin telefoane, Facebook sau alte instrumente de acest tip. Cred c\u0103 Rom\u00e2nia trebuia s\u0103 fie prezent\u0103, \u00een acest moment, \u00een Republica Moldova. Dac\u0103 se va face o coali\u021bie cu comuni\u0219tii, pentru Rom\u00e2nia vor urma ani extrem de complica\u021bi \u00een politica extern\u0103, pentru c\u0103 Partidul Comuni\u0219tilor este un partid profund identitar, \u00een sensul \u00een care proiectul lui politic se suprapune cu un proiect politic \u00eempotriva Rom\u00e2niei<\/em><\/strong>\u201d, a apreciat directorul Institutului de \u015etiin\u0163e Politice \u015fi Rela\u0163ii Interna\u0163ionale al Academiei Rom\u00e2ne. <\/span><\/p>\n<p data-index=\"6\">\u201e<strong><em>Am senza\u021bia c\u0103 politicienii rom\u00e2ni au evaluat inadecvat ceea ce se petrece la Chi\u0219in\u0103u.<\/em><\/strong> Faptul c\u0103 s-au programat vizite c\u00e2nd nu era cert cum se va sf\u00e2r\u0219i negocierea, faptul c\u0103 s-au anun\u021bat vizite la Chi\u0219in\u0103u c\u00e2nd nu se \u0219tia dac\u0103 aceste vizite erau bine primite sau nu, faptul c\u0103 s-a mizat pe anumi\u021bi politicieni care acum, pur \u0219i simplu, \u00eentorc spatele Rom\u00e2niei, toate lucrurile acestea ar trebui s\u0103 intre \u00eentr-un proces de evaluare. Pentru c\u0103 dintre cele trei partide proeuropene de la Chi\u0219in\u0103u, Partidul Liberal Democrat, Partidul Democrat \u0219i Partidul Liberal, doar Partidul Liberal are ca cerin\u021be pentru viitoarea coali\u021bie exact cam ce a spus Comisia European\u0103. Primele dou\u0103 partide refuz\u0103 cu obstina\u021bie reforma sistemului juridic din Republica Moldova, acoperind, \u00een mod iresponsabil, chestiunea corup\u021biei \u0219i cocheteaz\u0103 cu ideea aducerii Partidului Comuni\u0219tilor la guvernare, ceea ce ar fi o ofens\u0103, \u00een primul r\u00e2nd, la adresa UE, dar, \u00een al doilea r\u00e2nd, \u0219i la adresa Rom\u00e2niei\u201d, a spus Dan Dungaciu.<\/p>\n<\/div>\n<p> Source URL: https:\/\/www.digi24.ro\/stiri\/actualitate\/politica\/dan-dungaciu-daca-la-chisinau-se-va-forma-o-coalitie-cu-comunistii-pentru-romania-vor-urma-ani-extrem-de-complicati-349604<\/p>\n","protected":false},"excerpt":{"rendered":"<p>\u201eFaptul c\u0103 la Chi\u0219in\u0103u se afl\u0103 o delega\u021bie a Parlamentului European format\u0103 din trei membri ai celor trei partide importante ale Parlamentului European \u00eenseamn\u0103 c\u0103 Uniunea European\u0103 percepe la un nivel maxim de gravitate ce se poate \u00eent\u00e2mpla la Chi\u0219in\u0103u. \u0218i spun c\u0103 Uniunea European\u0103 pentru c\u0103 senza\u021bia mea este c\u0103 aceast\u0103 delega\u021bie european\u0103 nu [&hellip;]<\/p>\n","protected":false},"author":1,"featured_media":187910,"comment_status":"open","ping_status":"","sticky":false,"template":"","format":"standard","meta":{"footnotes":""},"categories":[2],"tags":[11],"class_list":["post-187909","post","type-post","status-publish","format-standard","has-post-thumbnail","hentry","category-politics","tag-digi24"],"_links":{"self":[{"href":"https:\/\/analyse.optim.biz\/index.php?rest_route=\/wp\/v2\/posts\/187909","targetHints":{"allow":["GET"]}}],"collection":[{"href":"https:\/\/analyse.optim.biz\/index.php?rest_route=\/wp\/v2\/posts"}],"about":[{"href":"https:\/\/analyse.optim.biz\/index.php?rest_route=\/wp\/v2\/types\/post"}],"author":[{"embeddable":true,"href":"https:\/\/analyse.optim.biz\/index.php?rest_route=\/wp\/v2\/users\/1"}],"replies":[{"embeddable":true,"href":"https:\/\/analyse.optim.biz\/index.php?rest_route=%2Fwp%2Fv2%2Fcomments&post=187909"}],"version-history":[{"count":0,"href":"https:\/\/analyse.optim.biz\/index.php?rest_route=\/wp\/v2\/posts\/187909\/revisions"}],"wp:featuredmedia":[{"embeddable":true,"href":"https:\/\/analyse.optim.biz\/index.php?rest_route=\/wp\/v2\/media\/187910"}],"wp:attachment":[{"href":"https:\/\/analyse.optim.biz\/index.php?rest_route=%2Fwp%2Fv2%2Fmedia&parent=187909"}],"wp:term":[{"taxonomy":"category","embeddable":true,"href":"https:\/\/analyse.optim.biz\/index.php?rest_route=%2Fwp%2Fv2%2Fcategories&post=187909"},{"taxonomy":"post_tag","embeddable":true,"href":"https:\/\/analyse.optim.biz\/index.php?rest_route=%2Fwp%2Fv2%2Ftags&post=187909"}],"curies":[{"name":"wp","href":"https:\/\/api.w.org\/{rel}","templated":true}]}}