{"id":187894,"date":"2015-01-21T11:24:46","date_gmt":"2015-01-21T08:24:46","guid":{"rendered":"https:\/\/analyse.optim.biz\/?p=187894"},"modified":"2015-01-21T11:24:46","modified_gmt":"2015-01-21T08:24:46","slug":"ordonanta-traseistilor-pnl-ameninta-ca-va-depune-plangeri-penale-in-cazul-in-care-consiliile-locale-si-judetene-nu-aplica-deciziile-ccr","status":"publish","type":"post","link":"https:\/\/analyse.optim.biz\/?p=187894","title":{"rendered":"ORDONAN\u021aA TRASEI\u0218TILOR. PNL amenin\u021b\u0103 c\u0103 va depune pl\u00e2ngeri penale \u00een cazul \u00een care consiliile locale \u0219i jude\u021bene nu aplic\u0103 deciziile CCR"},"content":{"rendered":"<div class=\"entry data-app-meta data-app-meta-article\" data-embed-base-url-canonical=\"https:\/\/www.digi24.ro\/embed\/stiri\/actualitate\/politica\/ordonanta-traseistilor-pnl-ameninta-ca-va-depune-plangeri-penale-in-cazul-in-care-consiliile-locale-si-judetene-nu-aplica-deciziile-ccr-349728\">\n<p data-index=\"1\">Ludovic Orban: &#8220;<strong>Ne vom adresa consiliilor s\u0103 respecte decizia CCR \u0219i principiul invocat de CCR \u2013 obligativitatea institu\u021biilor publice de a respecta deciziile CCR. \u00cen privin\u021ba primarilor \u2013 se face diferen\u021biere \u2013 CCR las\u0103 la latitudinea Parlamentului ca \u00een legea de respingere s\u0103 decid\u0103 dac\u0103 \u0219i primarii \u00ee\u0219i pierd mandatul. \u00cen cazul \u0219efilor de CJ este obliga\u021bia consiliilor locale \u0219i jude\u021bene s\u0103 aplice deciziile CCR. Deciziile CCR produc efecte juridice. \u00cen cazul refuzului vom formula inclusiv pl\u00e2ngere penal\u0103.<\/strong>&#8220;<\/p>\n<p data-index=\"2\"><img decoding=\"async\" src=\"https:\/\/analyse.optim.biz\/wp-content\/uploads\/2024\/09\/odawjmhhc2g9y2nlythmmdrlmwi3ndjjotk4ndfjzgm5ytk0yziyzta-thumb_.jpg\" data-skip-htmlfix=\"1\" title=\"odawjmhhc2g9y2nlythmmdrlmwi3ndjjotk4ndfjzgm5ytk0yziyzta-thumb_\"><\/p>\n<p data-index=\"3\">Pre\u0219edintele Senatului, C\u0103lin Popescu T\u0103riceanu, nu e de acord cu decizia CCR. T\u0103riceanu spune c\u0103 OUG 55 &#8220;<strong>a eliberat ale\u015fii locali de sub tirania partidelor care \u015fi-au schimbat din mers doctrina \u015fi a permis formarea unor majorit\u0103\u0163i \u00een consiliile locale blocate<\/strong>&#8220;.<\/p>\n<p data-index=\"4\">Curtea Constitu\u0163ional\u0103 a decis, \u00een 17 decembrie 2014, c\u0103 Ordonan\u0163a de Urgen\u0163\u0103 a Guvernului 55\/2014 privind migra\u0163ia ale\u015filor locali este neconstitu\u0163ional\u0103, fiind admis\u0103 astfel sesizarea parlamentarilor PNL. Decizia Cur\u0163ii Constitu\u0163ionale este general <span>obligatorie.<\/span><\/p>\n<p data-index=\"5\">Proiectul de lege de aprobare a OUG 55 care a permis migra\u0163ia ale\u015filor locali a fost adoptat, \u00een 9 decembrie, de plenul Senatului, fiind \u00eenregistrate 86 de voturi &#8220;pentru&#8221;, 36 &#8220;\u00eempotriv\u0103&#8221; \u015fi 6 ab\u0163ineri.<\/p>\n<p data-index=\"6\">Ordonan\u021ba care a permis migra\u0163ia ale\u015filor locali pentru 45 de zile f\u0103r\u0103 ca ace\u015ftia s\u0103-\u015fi piard\u0103 mandatul a fost adoptat\u0103 de Guvern \u00een 28 august. Ale\u015fii locali au putut opta pentru un partid p\u00e2n\u0103 pe 17 octombrie.<\/p>\n<\/div>\n<p> Source URL: https:\/\/www.digi24.ro\/stiri\/actualitate\/politica\/ordonanta-traseistilor-pnl-ameninta-ca-va-depune-plangeri-penale-in-cazul-in-care-consiliile-locale-si-judetene-nu-aplica-deciziile-ccr-349728<\/p>\n","protected":false},"excerpt":{"rendered":"<p>Ludovic Orban: &#8220;Ne vom adresa consiliilor s\u0103 respecte decizia CCR \u0219i principiul invocat de CCR \u2013 obligativitatea institu\u021biilor publice de a respecta deciziile CCR. \u00cen privin\u021ba primarilor \u2013 se face diferen\u021biere \u2013 CCR las\u0103 la latitudinea Parlamentului ca \u00een legea de respingere s\u0103 decid\u0103 dac\u0103 \u0219i primarii \u00ee\u0219i pierd mandatul. \u00cen cazul \u0219efilor de CJ [&hellip;]<\/p>\n","protected":false},"author":1,"featured_media":187895,"comment_status":"open","ping_status":"","sticky":false,"template":"","format":"standard","meta":{"footnotes":""},"categories":[2],"tags":[11],"class_list":["post-187894","post","type-post","status-publish","format-standard","has-post-thumbnail","hentry","category-politics","tag-digi24"],"_links":{"self":[{"href":"https:\/\/analyse.optim.biz\/index.php?rest_route=\/wp\/v2\/posts\/187894","targetHints":{"allow":["GET"]}}],"collection":[{"href":"https:\/\/analyse.optim.biz\/index.php?rest_route=\/wp\/v2\/posts"}],"about":[{"href":"https:\/\/analyse.optim.biz\/index.php?rest_route=\/wp\/v2\/types\/post"}],"author":[{"embeddable":true,"href":"https:\/\/analyse.optim.biz\/index.php?rest_route=\/wp\/v2\/users\/1"}],"replies":[{"embeddable":true,"href":"https:\/\/analyse.optim.biz\/index.php?rest_route=%2Fwp%2Fv2%2Fcomments&post=187894"}],"version-history":[{"count":0,"href":"https:\/\/analyse.optim.biz\/index.php?rest_route=\/wp\/v2\/posts\/187894\/revisions"}],"wp:featuredmedia":[{"embeddable":true,"href":"https:\/\/analyse.optim.biz\/index.php?rest_route=\/wp\/v2\/media\/187895"}],"wp:attachment":[{"href":"https:\/\/analyse.optim.biz\/index.php?rest_route=%2Fwp%2Fv2%2Fmedia&parent=187894"}],"wp:term":[{"taxonomy":"category","embeddable":true,"href":"https:\/\/analyse.optim.biz\/index.php?rest_route=%2Fwp%2Fv2%2Fcategories&post=187894"},{"taxonomy":"post_tag","embeddable":true,"href":"https:\/\/analyse.optim.biz\/index.php?rest_route=%2Fwp%2Fv2%2Ftags&post=187894"}],"curies":[{"name":"wp","href":"https:\/\/api.w.org\/{rel}","templated":true}]}}