{"id":1878872,"date":"2026-04-10T12:14:25","date_gmt":"2026-04-10T09:14:25","guid":{"rendered":"https:\/\/analyse.optim.biz\/?p=1878872"},"modified":"2026-04-10T12:14:25","modified_gmt":"2026-04-10T09:14:25","slug":"soferul-care-a-provocat-accidentul-de-la-vulturesti-in-urma-caruia-masina-pe-care-o-conducea-s-a-izbit-de-o-autoutilitara-si-a-luat-foc-era-baut","status":"publish","type":"post","link":"https:\/\/analyse.optim.biz\/?p=1878872","title":{"rendered":"\u0218oferul care a provocat accidentul de la Vulture\u0219ti \u00een urma c\u0103ruia ma\u0219ina pe care o conducea s-a izbit de o autoutilitar\u0103 \u0219i a luat foc era b\u0103ut"},"content":{"rendered":"<p>[analyse_image type=&#8221;featured&#8221; src=&#8221;https:\/\/img.svnews.ro\/foto\/2026\/04\/09\/528377\/f004e977839ab33030233431e.jpeg&#8221;]<\/p>\n<div class=\"entry\"><img loading=\"lazy\" decoding=\"async\" width=\"650\" height=\"325\" src=\"https:\/\/img.svnews.ro\/foto\/2026\/04\/09\/528377\/f004e977839ab33030233431e06500325.jpeg\" alt><\/p>\n<div class=\"entry_content\">\n<p>La data de 10 aprilie ora 07.35 un b\u0103rbat din F\u0103lticeni, \u00een timp ce conducea autoturismul Renault, pe D.J.208C \u00een localitatea Ple\u0219e\u0219ti, comuna Vulture\u0219ti, din direc\u021bia Ple\u0219e\u0219ti c\u0103tre H\u00e2rtop, dup\u0103 o curb\u0103 la dreapta, a pierdut controlul asupra direc\u021biei de mers, a p\u0103truns pe contrasens \u0219i s-a izbit frontal de autoutilitara marca Iveco Daily, condus\u0103 de c\u0103tre un b\u0103rbat din comuna Preute\u0219ti, care circula din sens invers, dup\u0103 impact autoturismul marca Renault a luat foc, fiind stins de c\u0103tre pompierii militari. Fiind testa\u021bi cu aparatul alcooltest, a reie\u0219it o alcoolemie de 0,00 mg\/l alcool pur \u00een aerul expirat \u00een cazul conduc\u0103torului auto care a pierdut controlul \u00a0ma\u0219inii respectiv de 0,53 mg\/l alcool pur \u00een aerul expirat \u00een cazul celuilalt \u0219ofer c\u0103ruia i s-au recoltat probe biologice de s\u00e2nge \u00een vederea stabilirii alcoolemiei. \u00cen urma producerii accidentului a rezultat v\u0103t\u0103marea corporal\u0103 a ambilor conduc\u0103tori auto care au fost transporta\u021bi la spital \u00een vederea acord\u0103rii de \u00eengrijiri medicale. S-a \u00eentocmit dosar penal privind infrac\u021biunile de \u201ev\u0103t\u0103mare corporal\u0103 din culp\u0103\u201d \u0219i \u201econducere sub influen\u021ba alcoolului\u201d.<\/p>\n<\/div>\n<div>\n<div>VN:F [1.9.22_1171]<\/div>\n<div class=\"ratingblock \">\n<div class=\"ratingstars \">\n<div id=\"article_loader_528580\" class=\"ratingloaderarticle\">\n<div class=\"loader arrows \">\n<div class=\"loaderinner\">se actualizeaz\u0103&#8230;<\/div>\n<\/div>\n<\/div>\n<\/div>\n<div class=\"ratingtext \">\n<div id=\"gdr_text_a528580\">Rating: 0.0\/<strong>10<\/strong> (0 votes cast)<\/div>\n<\/div>\n<\/div>\n<\/div>\n<\/div>\n<div class=\"entry_content\">\n<p>La data de 10 aprilie ora 07.35 un b\u0103rbat din F\u0103lticeni, \u00een timp ce conducea autoturismul Renault, pe D.J.208C \u00een localitatea Ple\u0219e\u0219ti, comuna Vulture\u0219ti, din direc\u021bia Ple\u0219e\u0219ti c\u0103tre H\u00e2rtop, dup\u0103 o curb\u0103 la dreapta, a pierdut controlul asupra direc\u021biei de mers, a p\u0103truns pe contrasens \u0219i s-a izbit frontal de autoutilitara marca Iveco Daily, condus\u0103 de c\u0103tre un b\u0103rbat din comuna Preute\u0219ti, care circula din sens invers, dup\u0103 impact autoturismul marca Renault a luat foc, fiind stins de c\u0103tre pompierii militari. Fiind testa\u021bi cu aparatul alcooltest, a reie\u0219it o alcoolemie de 0,00 mg\/l alcool pur \u00een aerul expirat \u00een cazul conduc\u0103torului auto care a pierdut controlul \u00a0ma\u0219inii respectiv de 0,53 mg\/l alcool pur \u00een aerul expirat \u00een cazul celuilalt \u0219ofer c\u0103ruia i s-au recoltat probe biologice de s\u00e2nge \u00een vederea stabilirii alcoolemiei. \u00cen urma producerii accidentului a rezultat v\u0103t\u0103marea corporal\u0103 a ambilor conduc\u0103tori auto care au fost transporta\u021bi la spital \u00een vederea acord\u0103rii de \u00eengrijiri medicale. S-a \u00eentocmit dosar penal privind infrac\u021biunile de \u201ev\u0103t\u0103mare corporal\u0103 din culp\u0103\u201d \u0219i \u201econducere sub influen\u021ba alcoolului\u201d.<\/p>\n<\/div>\n<p>[analyse_source url=&#8221;https:\/\/www.svnews.ro\/soferul-care-a-provocat-accidentul-de-la-vulturesti-in-urma-caruia-masina-pe-care-o-conducea-s-a-izbit-de-o-autoutilitara-si-a-luat-foc-era-baut\/528580\/&#8221;]<\/p>\n","protected":false},"excerpt":{"rendered":"<p>[analyse_image type=&#8221;featured&#8221; src=&#8221;https:\/\/img.svnews.ro\/foto\/2026\/04\/09\/528377\/f004e977839ab33030233431e.jpeg&#8221;] La data de 10 aprilie ora 07.35 un b\u0103rbat din F\u0103lticeni, \u00een timp ce conducea autoturismul Renault, pe D.J.208C \u00een localitatea Ple\u0219e\u0219ti, comuna Vulture\u0219ti, din direc\u021bia Ple\u0219e\u0219ti c\u0103tre H\u00e2rtop, dup\u0103 o curb\u0103 la dreapta, a pierdut controlul asupra direc\u021biei de mers, a p\u0103truns pe contrasens \u0219i s-a izbit frontal de autoutilitara marca [&hellip;]<\/p>\n","protected":false},"author":1,"featured_media":0,"comment_status":"open","ping_status":"","sticky":false,"template":"","format":"standard","meta":{"footnotes":""},"categories":[89],"tags":[226,175],"class_list":["post-1878872","post","type-post","status-publish","format-standard","hentry","category-romania","tag-crawlmanager","tag-svnews-ro"],"_links":{"self":[{"href":"https:\/\/analyse.optim.biz\/index.php?rest_route=\/wp\/v2\/posts\/1878872","targetHints":{"allow":["GET"]}}],"collection":[{"href":"https:\/\/analyse.optim.biz\/index.php?rest_route=\/wp\/v2\/posts"}],"about":[{"href":"https:\/\/analyse.optim.biz\/index.php?rest_route=\/wp\/v2\/types\/post"}],"author":[{"embeddable":true,"href":"https:\/\/analyse.optim.biz\/index.php?rest_route=\/wp\/v2\/users\/1"}],"replies":[{"embeddable":true,"href":"https:\/\/analyse.optim.biz\/index.php?rest_route=%2Fwp%2Fv2%2Fcomments&post=1878872"}],"version-history":[{"count":0,"href":"https:\/\/analyse.optim.biz\/index.php?rest_route=\/wp\/v2\/posts\/1878872\/revisions"}],"wp:attachment":[{"href":"https:\/\/analyse.optim.biz\/index.php?rest_route=%2Fwp%2Fv2%2Fmedia&parent=1878872"}],"wp:term":[{"taxonomy":"category","embeddable":true,"href":"https:\/\/analyse.optim.biz\/index.php?rest_route=%2Fwp%2Fv2%2Fcategories&post=1878872"},{"taxonomy":"post_tag","embeddable":true,"href":"https:\/\/analyse.optim.biz\/index.php?rest_route=%2Fwp%2Fv2%2Ftags&post=1878872"}],"curies":[{"name":"wp","href":"https:\/\/api.w.org\/{rel}","templated":true}]}}