{"id":1878870,"date":"2026-04-10T12:11:28","date_gmt":"2026-04-10T09:11:28","guid":{"rendered":"https:\/\/analyse.optim.biz\/?p=1878870"},"modified":"2026-04-10T12:11:28","modified_gmt":"2026-04-10T09:11:28","slug":"om-al-strazii-gasit-in-coma-profunda-cazut-pe-jos-in-fata-unei-clinici-de-pe-bulevardul-george-enescu-din-suceava","status":"publish","type":"post","link":"https:\/\/analyse.optim.biz\/?p=1878870","title":{"rendered":"Om al str\u0103zii g\u0103sit \u00een com\u0103 profund\u0103 c\u0103zut pe jos \u00een fa\u021ba unei clinici de pe bulevardul George Enescu din Suceava"},"content":{"rendered":"<p>[analyse_image type=&#8221;featured&#8221; src=&#8221;https:\/\/img.svnews.ro\/foto\/2026\/04\/10\/528578\/10e27ce7a80d785654ca590d1.jpg&#8221;]<\/p>\n<div class=\"entry\"><img loading=\"lazy\" decoding=\"async\" width=\"650\" height=\"325\" src=\"https:\/\/img.svnews.ro\/foto\/2026\/04\/10\/528578\/10e27ce7a80d785654ca590d106500325.jpg\" alt><\/p>\n<div class=\"entry_content\">\n<p>La data de 9 aprilie orele 20:08 prin 112 o persoan\u0103 anonim\u0103 a sesizat faptul c\u0103 \u00een zona Clinicii Ridere de pe Bld. George Enescu vis-a-vis de magazinul Lidl este o persoan\u0103 \u00een stare de ebrietate, c\u0103zut\u0103 jos \u0219i incon\u0219tient\u0103. La fa\u021ba locului s-a deplasat un echipaj medical de Ambulan\u021b\u0103 care a g\u0103sit o persoan\u0103 de sex masculin, sub influen\u021ba b\u0103uturilor alcoolice,\u00a0 incon\u0219tient fiind transportat la sec\u021bia UPU. \u00a0Ulterior la UPU s-au deplasat organele de poli\u021bie care au stabilit c\u0103 persoana \u00een cauz\u0103 este un b\u0103rbat \u00een v\u00e2rst\u0103 de 46 ani, cunoscut ca om al str\u0103zii, f\u0103r\u0103 locuin\u021b\u0103, consumator de b\u0103uturi alcoolice \u0219i care locuie\u0219te de mai mul\u021bi ani pe timp de noapte la \u201dCentrul social de noapte \u0219i Reinser\u021bie social\u0103 a persoanelor f\u0103r\u0103 ad\u0103post \u2013 Lumin\u0103 Lin\u0103\u201d aflat \u00een incinta cur\u021bii bisericii Sf. Vineri de pe Bd. George Enescu. Numitului i s-a stabilit diagnosticul ,,com\u0103 profund\u0103, hipotensiune sever\u0103, hipotermie sever\u0103, acidoz\u0103 metabolic\u0103 sever\u0103, etilism acut\u201d, ne put\u00e2ndu-se discuta cu cel \u00een cauz\u0103, urm\u00e2nd a fi internat pe sec\u021bia ATI. \u00cen cauz\u0103 a fost \u00eentocmit un proces verbal de constatare conform art. 61, alin. 1, lit. C, din C.P.P. cercet\u0103rile urm\u00e2nd a fi continuate, de c\u0103tre luc\u0103tori din cadrul Poli\u021biei Mun. Suceava sub aspectul s\u0103v\u00e2r\u0219irii infrac\u021biunii de\u201dv\u0103t\u0103mare corporal\u0103 din culp\u0103\u201d, fapt\u0103 prev \u0219i ped de art. 196, alin. 1 din Codul Penal.<\/p>\n<\/div>\n<div>\n<div>VN:F [1.9.22_1171]<\/div>\n<div class=\"ratingblock \">\n<div class=\"ratingstars \">\n<div id=\"article_loader_528578\" class=\"ratingloaderarticle\">\n<div class=\"loader arrows \">\n<div class=\"loaderinner\">se actualizeaz\u0103&#8230;<\/div>\n<\/div>\n<\/div>\n<\/div>\n<div class=\"ratingtext \">\n<div id=\"gdr_text_a528578\">Rating: 0.0\/<strong>10<\/strong> (0 votes cast)<\/div>\n<\/div>\n<\/div>\n<\/div>\n<\/div>\n<div class=\"entry_content\">\n<p>La data de 9 aprilie orele 20:08 prin 112 o persoan\u0103 anonim\u0103 a sesizat faptul c\u0103 \u00een zona Clinicii Ridere de pe Bld. George Enescu vis-a-vis de magazinul Lidl este o persoan\u0103 \u00een stare de ebrietate, c\u0103zut\u0103 jos \u0219i incon\u0219tient\u0103. La fa\u021ba locului s-a deplasat un echipaj medical de Ambulan\u021b\u0103 care a g\u0103sit o persoan\u0103 de sex masculin, sub influen\u021ba b\u0103uturilor alcoolice,\u00a0 incon\u0219tient fiind transportat la sec\u021bia UPU. \u00a0Ulterior la UPU s-au deplasat organele de poli\u021bie care au stabilit c\u0103 persoana \u00een cauz\u0103 este un b\u0103rbat \u00een v\u00e2rst\u0103 de 46 ani, cunoscut ca om al str\u0103zii, f\u0103r\u0103 locuin\u021b\u0103, consumator de b\u0103uturi alcoolice \u0219i care locuie\u0219te de mai mul\u021bi ani pe timp de noapte la \u201dCentrul social de noapte \u0219i Reinser\u021bie social\u0103 a persoanelor f\u0103r\u0103 ad\u0103post \u2013 Lumin\u0103 Lin\u0103\u201d aflat \u00een incinta cur\u021bii bisericii Sf. Vineri de pe Bd. George Enescu. Numitului i s-a stabilit diagnosticul ,,com\u0103 profund\u0103, hipotensiune sever\u0103, hipotermie sever\u0103, acidoz\u0103 metabolic\u0103 sever\u0103, etilism acut\u201d, ne put\u00e2ndu-se discuta cu cel \u00een cauz\u0103, urm\u00e2nd a fi internat pe sec\u021bia ATI. \u00cen cauz\u0103 a fost \u00eentocmit un proces verbal de constatare conform art. 61, alin. 1, lit. C, din C.P.P. cercet\u0103rile urm\u00e2nd a fi continuate, de c\u0103tre luc\u0103tori din cadrul Poli\u021biei Mun. Suceava sub aspectul s\u0103v\u00e2r\u0219irii infrac\u021biunii de\u201dv\u0103t\u0103mare corporal\u0103 din culp\u0103\u201d, fapt\u0103 prev \u0219i ped de art. 196, alin. 1 din Codul Penal.<\/p>\n<\/div>\n<p>[analyse_source url=&#8221;https:\/\/www.svnews.ro\/om-al-strazii-gasit-in-coma-profunda-cazut-pe-jos-in-fata-unei-clinici-de-pe-bulevardul-george-enescu-din-suceava\/528578\/&#8221;]<\/p>\n","protected":false},"excerpt":{"rendered":"<p>[analyse_image type=&#8221;featured&#8221; src=&#8221;https:\/\/img.svnews.ro\/foto\/2026\/04\/10\/528578\/10e27ce7a80d785654ca590d1.jpg&#8221;] La data de 9 aprilie orele 20:08 prin 112 o persoan\u0103 anonim\u0103 a sesizat faptul c\u0103 \u00een zona Clinicii Ridere de pe Bld. George Enescu vis-a-vis de magazinul Lidl este o persoan\u0103 \u00een stare de ebrietate, c\u0103zut\u0103 jos \u0219i incon\u0219tient\u0103. La fa\u021ba locului s-a deplasat un echipaj medical de Ambulan\u021b\u0103 care a [&hellip;]<\/p>\n","protected":false},"author":1,"featured_media":0,"comment_status":"open","ping_status":"","sticky":false,"template":"","format":"standard","meta":{"footnotes":""},"categories":[89],"tags":[226,175],"class_list":["post-1878870","post","type-post","status-publish","format-standard","hentry","category-romania","tag-crawlmanager","tag-svnews-ro"],"_links":{"self":[{"href":"https:\/\/analyse.optim.biz\/index.php?rest_route=\/wp\/v2\/posts\/1878870","targetHints":{"allow":["GET"]}}],"collection":[{"href":"https:\/\/analyse.optim.biz\/index.php?rest_route=\/wp\/v2\/posts"}],"about":[{"href":"https:\/\/analyse.optim.biz\/index.php?rest_route=\/wp\/v2\/types\/post"}],"author":[{"embeddable":true,"href":"https:\/\/analyse.optim.biz\/index.php?rest_route=\/wp\/v2\/users\/1"}],"replies":[{"embeddable":true,"href":"https:\/\/analyse.optim.biz\/index.php?rest_route=%2Fwp%2Fv2%2Fcomments&post=1878870"}],"version-history":[{"count":0,"href":"https:\/\/analyse.optim.biz\/index.php?rest_route=\/wp\/v2\/posts\/1878870\/revisions"}],"wp:attachment":[{"href":"https:\/\/analyse.optim.biz\/index.php?rest_route=%2Fwp%2Fv2%2Fmedia&parent=1878870"}],"wp:term":[{"taxonomy":"category","embeddable":true,"href":"https:\/\/analyse.optim.biz\/index.php?rest_route=%2Fwp%2Fv2%2Fcategories&post=1878870"},{"taxonomy":"post_tag","embeddable":true,"href":"https:\/\/analyse.optim.biz\/index.php?rest_route=%2Fwp%2Fv2%2Ftags&post=1878870"}],"curies":[{"name":"wp","href":"https:\/\/api.w.org\/{rel}","templated":true}]}}