{"id":1878866,"date":"2026-04-10T11:58:54","date_gmt":"2026-04-10T08:58:54","guid":{"rendered":"https:\/\/analyse.optim.biz\/?p=1878866"},"modified":"2026-04-10T11:58:54","modified_gmt":"2026-04-10T08:58:54","slug":"casa-salvata-de-la-un-incendiu-iminent-de-o-vecina-atenta","status":"publish","type":"post","link":"https:\/\/analyse.optim.biz\/?p=1878866","title":{"rendered":"Cas\u0103 salvat\u0103 de la un incendiu iminent de o vecin\u0103 atent\u0103"},"content":{"rendered":"<p>[analyse_image type=&#8221;featured&#8221; src=&#8221;https:\/\/img.svnews.ro\/foto\/2026\/04\/10\/528572\/2373e323c3f3f72076c9020ce.jpg&#8221;]<\/p>\n<div class=\"entry\"><img loading=\"lazy\" decoding=\"async\" width=\"650\" height=\"325\" src=\"https:\/\/img.svnews.ro\/foto\/2026\/04\/10\/528572\/2373e323c3f3f72076c9020ce06500325.jpg\" alt><\/p>\n<div class=\"entry_content\">\n<p>La data de 9 aprilie orele 21:28, Sec\u021bia de Poli\u021bie Burdujeni a fost sesizat\u0103 la 112, de c\u0103tre o femeie cu privire la faptul c\u0103 acoperi\u0219ul unei locuin\u021be arde.<\/p>\n<p>\u00cen urma cercet\u0103rilor efectuate de c\u0103tre echipa operativ\u0103 s-au constatat urm\u0103toarele :<\/p>\n<p>La data de 09.04.2026 proprietarii \u00a0se aflau la locuin\u021ba de domiciliu situat\u0103 pe str. C\u0103pitan Grigore Andrei din \u00a0Suceava, ocazie cu care \u00een jurul orei 21.20 ace\u0219tia au plecat cu treburi, so\u021bul aliment\u00e2nd \u00een prealabil cu lemn o central\u0103 de \u00eenc\u0103lzire. La scurt timp vecina so\u021bilor a observat cum la nivelul acoperi\u0219ului locuin\u021bei ie\u0219ea fum, ocazie cu care aceasta a decis s\u0103 apeleze \u00a0112. Cu ocazia interven\u021biei lucr\u0103torilor I.S.U. s-a constatat faptul c\u0103 prezentul incediu prezint\u0103 pericol de propagare, \u00eens\u0103 nu au existat victime \u0219i nici pagube materiale. \u00cen cauz\u0103 s-a \u00eentocmit dosar penal sub aspectul s\u0103v\u00e2r\u015firii\u00a0 infrac\u0163iunii de \u201edistrugere din culp\u0103\u201d fapt\u0103 prev. \u015fi ped. de art. 255 alin. 1 din Codul penal.<\/p>\n<\/div>\n<div>\n<div>VN:F [1.9.22_1171]<\/div>\n<div class=\"ratingblock \">\n<div class=\"ratingstars \">\n<div id=\"article_loader_528572\" class=\"ratingloaderarticle\">\n<div class=\"loader arrows \">\n<div class=\"loaderinner\">se actualizeaz\u0103&#8230;<\/div>\n<\/div>\n<\/div>\n<\/div>\n<div class=\"ratingtext \">\n<div id=\"gdr_text_a528572\">Rating: 0.0\/<strong>10<\/strong> (0 votes cast)<\/div>\n<\/div>\n<\/div>\n<\/div>\n<\/div>\n<div class=\"entry_content\">\n<p>La data de 9 aprilie orele 21:28, Sec\u021bia de Poli\u021bie Burdujeni a fost sesizat\u0103 la 112, de c\u0103tre o femeie cu privire la faptul c\u0103 acoperi\u0219ul unei locuin\u021be arde.<\/p>\n<p>\u00cen urma cercet\u0103rilor efectuate de c\u0103tre echipa operativ\u0103 s-au constatat urm\u0103toarele :<\/p>\n<p>La data de 09.04.2026 proprietarii \u00a0se aflau la locuin\u021ba de domiciliu situat\u0103 pe str. C\u0103pitan Grigore Andrei din \u00a0Suceava, ocazie cu care \u00een jurul orei 21.20 ace\u0219tia au plecat cu treburi, so\u021bul aliment\u00e2nd \u00een prealabil cu lemn o central\u0103 de \u00eenc\u0103lzire. La scurt timp vecina so\u021bilor a observat cum la nivelul acoperi\u0219ului locuin\u021bei ie\u0219ea fum, ocazie cu care aceasta a decis s\u0103 apeleze \u00a0112. Cu ocazia interven\u021biei lucr\u0103torilor I.S.U. s-a constatat faptul c\u0103 prezentul incediu prezint\u0103 pericol de propagare, \u00eens\u0103 nu au existat victime \u0219i nici pagube materiale. \u00cen cauz\u0103 s-a \u00eentocmit dosar penal sub aspectul s\u0103v\u00e2r\u015firii\u00a0 infrac\u0163iunii de \u201edistrugere din culp\u0103\u201d fapt\u0103 prev. \u015fi ped. de art. 255 alin. 1 din Codul penal.<\/p>\n<\/div>\n<p>[analyse_source url=&#8221;https:\/\/www.svnews.ro\/casa-salvata-de-la-un-incendiu-iminent-de-o-vecina-atenta\/528572\/&#8221;]<\/p>\n","protected":false},"excerpt":{"rendered":"<p>[analyse_image type=&#8221;featured&#8221; src=&#8221;https:\/\/img.svnews.ro\/foto\/2026\/04\/10\/528572\/2373e323c3f3f72076c9020ce.jpg&#8221;] La data de 9 aprilie orele 21:28, Sec\u021bia de Poli\u021bie Burdujeni a fost sesizat\u0103 la 112, de c\u0103tre o femeie cu privire la faptul c\u0103 acoperi\u0219ul unei locuin\u021be arde. \u00cen urma cercet\u0103rilor efectuate de c\u0103tre echipa operativ\u0103 s-au constatat urm\u0103toarele : La data de 09.04.2026 proprietarii \u00a0se aflau la locuin\u021ba de domiciliu [&hellip;]<\/p>\n","protected":false},"author":1,"featured_media":0,"comment_status":"open","ping_status":"","sticky":false,"template":"","format":"standard","meta":{"footnotes":""},"categories":[89],"tags":[226,175],"class_list":["post-1878866","post","type-post","status-publish","format-standard","hentry","category-romania","tag-crawlmanager","tag-svnews-ro"],"_links":{"self":[{"href":"https:\/\/analyse.optim.biz\/index.php?rest_route=\/wp\/v2\/posts\/1878866","targetHints":{"allow":["GET"]}}],"collection":[{"href":"https:\/\/analyse.optim.biz\/index.php?rest_route=\/wp\/v2\/posts"}],"about":[{"href":"https:\/\/analyse.optim.biz\/index.php?rest_route=\/wp\/v2\/types\/post"}],"author":[{"embeddable":true,"href":"https:\/\/analyse.optim.biz\/index.php?rest_route=\/wp\/v2\/users\/1"}],"replies":[{"embeddable":true,"href":"https:\/\/analyse.optim.biz\/index.php?rest_route=%2Fwp%2Fv2%2Fcomments&post=1878866"}],"version-history":[{"count":0,"href":"https:\/\/analyse.optim.biz\/index.php?rest_route=\/wp\/v2\/posts\/1878866\/revisions"}],"wp:attachment":[{"href":"https:\/\/analyse.optim.biz\/index.php?rest_route=%2Fwp%2Fv2%2Fmedia&parent=1878866"}],"wp:term":[{"taxonomy":"category","embeddable":true,"href":"https:\/\/analyse.optim.biz\/index.php?rest_route=%2Fwp%2Fv2%2Fcategories&post=1878866"},{"taxonomy":"post_tag","embeddable":true,"href":"https:\/\/analyse.optim.biz\/index.php?rest_route=%2Fwp%2Fv2%2Ftags&post=1878866"}],"curies":[{"name":"wp","href":"https:\/\/api.w.org\/{rel}","templated":true}]}}