{"id":1878861,"date":"2026-04-10T07:20:12","date_gmt":"2026-04-10T04:20:12","guid":{"rendered":"https:\/\/analyse.optim.biz\/?p=1878861"},"modified":"2026-04-10T07:20:12","modified_gmt":"2026-04-10T04:20:12","slug":"o-masina-cuprinsa-in-totalitate-de-flacari-si-risc-de-explozie-in-urma-unui-accident-in-vulturesti-foto","status":"publish","type":"post","link":"https:\/\/analyse.optim.biz\/?p=1878861","title":{"rendered":"O ma\u0219in\u0103 cuprins\u0103 \u00een totalitate de fl\u0103c\u0103ri \u0219i risc de explozie \u00een urma unui accident \u00een Vulture\u0219ti (FOTO)"},"content":{"rendered":"<p>[analyse_image type=&#8221;featured&#8221; src=&#8221;https:\/\/img.svnews.ro\/foto\/2026\/04\/10\/f732ee633e668a5d6bf96b604.jpeg&#8221;]<\/p>\n<div class=\"entry\"><img loading=\"lazy\" decoding=\"async\" width=\"650\" height=\"325\" src=\"https:\/\/img.svnews.ro\/foto\/2026\/04\/10\/f732ee633e668a5d6bf96b60406500325.jpeg\" alt><\/p>\n<div class=\"entry_content\">\n<p>Militarii Deta\u0219amentului de Pompieri F\u0103lticeni au intervenit \u00een aceast\u0103 diminea\u021b\u0103, \u00een jurul orei 7:40, cu o autospecial\u0103 de descarcerare dotat\u0103 cu modul de stingere \u0219i o ambulan\u021b\u0103 SMURD la un accident rutier produs \u00een localitatea Ple\u0219e\u0219ti, comuna Vulture\u0219ti. \u00cen sprijinul pompierilor militari a fost alocat un echipaj de la Serviciul de Ambulan\u021b\u0103 Jude\u021bean Suceava.<\/p>\n<p>Accidentul s-a produs \u00eentre o autoutilitar\u0103 \u0219i un autoturism, acesta din urm\u0103 fiind cuprins de fl\u0103c\u0103ri \u00een urma impactului. Autoturismul, dotat cu butelie GPL, ardea \u00een totalitate, exist\u00e2nd \u0219i pericolul de explozie.<\/p>\n<p>Cei doi conduc\u0103tori auto erau ie\u0219i\u021bi din ma\u0219ini \u0219i au fost prelua\u021bi de c\u0103tre echipajele medicale \u0219i paramedicale (SAJ \u0219i SMURD). Ulterior, pentru mai mult\u0103 siguran\u021b\u0103, cele dou\u0103 persoane au fost transportate la spital pentru investiga\u021bii suplimentare.<\/p>\n<p>Autoturismul a fost distrus de fl\u0103c\u0103ri, \u00eens\u0103 pompierii militari au localizat \u0219i lichidat incendiul \u00een siguran\u021b\u0103, \u00eendep\u0103rt\u00e2nd orice pericol.<\/p>\n<p><img loading=\"lazy\" decoding=\"async\" class=\"alignnone size-medium wp-image-528549\" src=\"https:\/\/img.svnews.ro\/foto\/2026\/04\/10\/caf3e0f1ea5362cb22c73c25006500300.jpeg\" alt width=\"650\" height=\"300\"><\/p>\n<p><img loading=\"lazy\" decoding=\"async\" class=\"alignnone size-medium wp-image-528548\" src=\"https:\/\/img.svnews.ro\/foto\/2026\/04\/10\/9c5f9fec981f5277dd6c2758706500343.jpeg\" alt width=\"650\" height=\"343\"><\/p>\n<p><img decoding=\"async\" loading=\"lazy\" class=\"alignnone size-medium wp-image-528547\" src=\"https:\/\/img.svnews.ro\/foto\/2026\/04\/10\/46dee67f93ad4f334cefa548c06500829.jpeg\" alt width=\"650\" height=\"829\"><\/p>\n<p><img decoding=\"async\" loading=\"lazy\" class=\"alignnone size-medium wp-image-528546\" src=\"https:\/\/img.svnews.ro\/foto\/2026\/04\/10\/89c7f7951133e7a239e24866b06500300.jpeg\" alt width=\"650\" height=\"300\"><\/p>\n<\/div>\n<div>\n<div>VN:F [1.9.22_1171]<\/div>\n<div class=\"ratingblock \">\n<div class=\"ratingstars \">\n<div id=\"article_loader_528551\" class=\"ratingloaderarticle\">\n<div class=\"loader arrows \">\n<div class=\"loaderinner\">se actualizeaz\u0103&#8230;<\/div>\n<\/div>\n<\/div>\n<\/div>\n<div class=\"ratingtext \">\n<div id=\"gdr_text_a528551\">Rating: 0.0\/<strong>10<\/strong> (0 votes cast)<\/div>\n<\/div>\n<\/div>\n<\/div>\n<\/div>\n<div class=\"entry_content\">\n<p>Militarii Deta\u0219amentului de Pompieri F\u0103lticeni au intervenit \u00een aceast\u0103 diminea\u021b\u0103, \u00een jurul orei 7:40, cu o autospecial\u0103 de descarcerare dotat\u0103 cu modul de stingere \u0219i o ambulan\u021b\u0103 SMURD la un accident rutier produs \u00een localitatea Ple\u0219e\u0219ti, comuna Vulture\u0219ti. \u00cen sprijinul pompierilor militari a fost alocat un echipaj de la Serviciul de Ambulan\u021b\u0103 Jude\u021bean Suceava.<\/p>\n<p>Accidentul s-a produs \u00eentre o autoutilitar\u0103 \u0219i un autoturism, acesta din urm\u0103 fiind cuprins de fl\u0103c\u0103ri \u00een urma impactului. Autoturismul, dotat cu butelie GPL, ardea \u00een totalitate, exist\u00e2nd \u0219i pericolul de explozie.<\/p>\n<p>Cei doi conduc\u0103tori auto erau ie\u0219i\u021bi din ma\u0219ini \u0219i au fost prelua\u021bi de c\u0103tre echipajele medicale \u0219i paramedicale (SAJ \u0219i SMURD). Ulterior, pentru mai mult\u0103 siguran\u021b\u0103, cele dou\u0103 persoane au fost transportate la spital pentru investiga\u021bii suplimentare.<\/p>\n<p>Autoturismul a fost distrus de fl\u0103c\u0103ri, \u00eens\u0103 pompierii militari au localizat \u0219i lichidat incendiul \u00een siguran\u021b\u0103, \u00eendep\u0103rt\u00e2nd orice pericol.<\/p>\n<p><img loading=\"lazy\" decoding=\"async\" class=\"alignnone size-medium wp-image-528549\" src=\"https:\/\/img.svnews.ro\/foto\/2026\/04\/10\/caf3e0f1ea5362cb22c73c25006500300.jpeg\" alt width=\"650\" height=\"300\"><\/p>\n<p><img loading=\"lazy\" decoding=\"async\" class=\"alignnone size-medium wp-image-528548\" src=\"https:\/\/img.svnews.ro\/foto\/2026\/04\/10\/9c5f9fec981f5277dd6c2758706500343.jpeg\" alt width=\"650\" height=\"343\"><\/p>\n<p><img decoding=\"async\" loading=\"lazy\" class=\"alignnone size-medium wp-image-528547\" src=\"https:\/\/img.svnews.ro\/foto\/2026\/04\/10\/46dee67f93ad4f334cefa548c06500829.jpeg\" alt width=\"650\" height=\"829\"><\/p>\n<p><img decoding=\"async\" loading=\"lazy\" class=\"alignnone size-medium wp-image-528546\" src=\"https:\/\/img.svnews.ro\/foto\/2026\/04\/10\/89c7f7951133e7a239e24866b06500300.jpeg\" alt width=\"650\" height=\"300\"><\/p>\n<\/div>\n<p>[analyse_source url=&#8221;https:\/\/www.svnews.ro\/o-masina-cuprinsa-in-totalitate-de-flacari-si-risc-de-explozie-in-urma-unui-accident-in-vulturesti-foto\/528551\/&#8221;]<\/p>\n","protected":false},"excerpt":{"rendered":"<p>[analyse_image type=&#8221;featured&#8221; src=&#8221;https:\/\/img.svnews.ro\/foto\/2026\/04\/10\/f732ee633e668a5d6bf96b604.jpeg&#8221;] Militarii Deta\u0219amentului de Pompieri F\u0103lticeni au intervenit \u00een aceast\u0103 diminea\u021b\u0103, \u00een jurul orei 7:40, cu o autospecial\u0103 de descarcerare dotat\u0103 cu modul de stingere \u0219i o ambulan\u021b\u0103 SMURD la un accident rutier produs \u00een localitatea Ple\u0219e\u0219ti, comuna Vulture\u0219ti. \u00cen sprijinul pompierilor militari a fost alocat un echipaj de la Serviciul de Ambulan\u021b\u0103 [&hellip;]<\/p>\n","protected":false},"author":1,"featured_media":0,"comment_status":"open","ping_status":"","sticky":false,"template":"","format":"standard","meta":{"footnotes":""},"categories":[89],"tags":[226,175],"class_list":["post-1878861","post","type-post","status-publish","format-standard","hentry","category-romania","tag-crawlmanager","tag-svnews-ro"],"_links":{"self":[{"href":"https:\/\/analyse.optim.biz\/index.php?rest_route=\/wp\/v2\/posts\/1878861","targetHints":{"allow":["GET"]}}],"collection":[{"href":"https:\/\/analyse.optim.biz\/index.php?rest_route=\/wp\/v2\/posts"}],"about":[{"href":"https:\/\/analyse.optim.biz\/index.php?rest_route=\/wp\/v2\/types\/post"}],"author":[{"embeddable":true,"href":"https:\/\/analyse.optim.biz\/index.php?rest_route=\/wp\/v2\/users\/1"}],"replies":[{"embeddable":true,"href":"https:\/\/analyse.optim.biz\/index.php?rest_route=%2Fwp%2Fv2%2Fcomments&post=1878861"}],"version-history":[{"count":0,"href":"https:\/\/analyse.optim.biz\/index.php?rest_route=\/wp\/v2\/posts\/1878861\/revisions"}],"wp:attachment":[{"href":"https:\/\/analyse.optim.biz\/index.php?rest_route=%2Fwp%2Fv2%2Fmedia&parent=1878861"}],"wp:term":[{"taxonomy":"category","embeddable":true,"href":"https:\/\/analyse.optim.biz\/index.php?rest_route=%2Fwp%2Fv2%2Fcategories&post=1878861"},{"taxonomy":"post_tag","embeddable":true,"href":"https:\/\/analyse.optim.biz\/index.php?rest_route=%2Fwp%2Fv2%2Ftags&post=1878861"}],"curies":[{"name":"wp","href":"https:\/\/api.w.org\/{rel}","templated":true}]}}