{"id":1878860,"date":"2026-04-10T13:29:15","date_gmt":"2026-04-10T10:29:15","guid":{"rendered":"https:\/\/analyse.optim.biz\/?p=1878860"},"modified":"2026-04-10T13:29:15","modified_gmt":"2026-04-10T10:29:15","slug":"primaria-suceava-a-amenajat-o-parcare-temporara-in-locul-fostelor-garaje-din-zona-cartodrom-in-curand-spatiul-va-fi-modernizat-si-va-include-locuri-de-parcare-zone-verzi-si-spatii-de-relaxare-pentru","status":"publish","type":"post","link":"https:\/\/analyse.optim.biz\/?p=1878860","title":{"rendered":"Prim\u0103ria Suceava a amenajat o parcare temporar\u0103 \u00een locul fostelor garaje din zona Cartodrom. \u00cen cur\u00e2nd spa\u021biul va fi modernizat \u0219i va include locuri de parcare, zone verzi \u0219i spa\u021bii de relaxare pentru comunitate"},"content":{"rendered":"<p>[analyse_image type=&#8221;featured&#8221; src=&#8221;https:\/\/img.svnews.ro\/foto\/2026\/04\/10\/528584\/41b215f8bdbc805cc1eec2468.jpg&#8221;]<\/p>\n<div class=\"entry\"><img loading=\"lazy\" decoding=\"async\" width=\"650\" height=\"325\" src=\"https:\/\/img.svnews.ro\/foto\/2026\/04\/10\/528584\/41b215f8bdbc805cc1eec246806500325.jpg\" alt><\/p>\n<div class=\"entry_content\">\n<p>Ca m\u0103sur\u0103 tranzitorie, \u00een zona fostelor garaje din cartierul George Enescu (zona Cartodrom), Prim\u0103ria Suceava a \u00a0amenajat o parcare temporar\u0103, pentru a veni \u00een sprijinul locuitorilor din zon\u0103. \u00cen perioada urm\u0103toare, vor continua lucr\u0103rile de \u00eendep\u0103rtare a altor garaje \u0219i construc\u021bii existente, \u00een vederea amenaj\u0103rii unui spa\u021biu modern care va include locuri de parcare, zone verzi \u0219i spa\u021bii de relaxare pentru comunitate. \u201dNe cerem scuze pentru disconfortul creat pe durata acestor interven\u021bii \u0219i v\u0103 mul\u021bumim pentru \u00een\u021belegere \u0219i sprijin\u201d, a transmis Prim\u0103ria Suceava.<\/p>\n<p><img loading=\"lazy\" decoding=\"async\" class=\"alignnone size-medium wp-image-528597\" src=\"https:\/\/img.svnews.ro\/foto\/2026\/04\/10\/528584\/e8313a36cf13577e5986b5ec206500327.jpg\" alt width=\"650\" height=\"327\"><\/p>\n<p><img loading=\"lazy\" decoding=\"async\" class=\"alignnone size-medium wp-image-528598\" src=\"https:\/\/img.svnews.ro\/foto\/2026\/04\/10\/528584\/d3fa2ee7514526984b8be753f06500323.jpg\" alt width=\"650\" height=\"323\"><\/p>\n<p><img decoding=\"async\" loading=\"lazy\" class=\"alignnone size-medium wp-image-528599\" src=\"https:\/\/img.svnews.ro\/foto\/2026\/04\/10\/528584\/bc1a43c6f3d0315b7b4c950af06500326.jpg\" alt width=\"650\" height=\"326\"><\/p>\n<\/div>\n<div>\n<div>VN:F [1.9.22_1171]<\/div>\n<div class=\"ratingblock \">\n<div class=\"ratingstars \">\n<div id=\"article_loader_528584\" class=\"ratingloaderarticle\">\n<div class=\"loader arrows \">\n<div class=\"loaderinner\">se actualizeaz\u0103&#8230;<\/div>\n<\/div>\n<\/div>\n<\/div>\n<div class=\"ratingtext \">\n<div id=\"gdr_text_a528584\">Rating: 0.0\/<strong>10<\/strong> (0 votes cast)<\/div>\n<\/div>\n<\/div>\n<\/div>\n<\/div>\n<div class=\"entry_content\">\n<p>Ca m\u0103sur\u0103 tranzitorie, \u00een zona fostelor garaje din cartierul George Enescu (zona Cartodrom), Prim\u0103ria Suceava a \u00a0amenajat o parcare temporar\u0103, pentru a veni \u00een sprijinul locuitorilor din zon\u0103. \u00cen perioada urm\u0103toare, vor continua lucr\u0103rile de \u00eendep\u0103rtare a altor garaje \u0219i construc\u021bii existente, \u00een vederea amenaj\u0103rii unui spa\u021biu modern care va include locuri de parcare, zone verzi \u0219i spa\u021bii de relaxare pentru comunitate. \u201dNe cerem scuze pentru disconfortul creat pe durata acestor interven\u021bii \u0219i v\u0103 mul\u021bumim pentru \u00een\u021belegere \u0219i sprijin\u201d, a transmis Prim\u0103ria Suceava.<\/p>\n<p><img loading=\"lazy\" decoding=\"async\" class=\"alignnone size-medium wp-image-528597\" src=\"https:\/\/img.svnews.ro\/foto\/2026\/04\/10\/528584\/e8313a36cf13577e5986b5ec206500327.jpg\" alt width=\"650\" height=\"327\"><\/p>\n<p><img loading=\"lazy\" decoding=\"async\" class=\"alignnone size-medium wp-image-528598\" src=\"https:\/\/img.svnews.ro\/foto\/2026\/04\/10\/528584\/d3fa2ee7514526984b8be753f06500323.jpg\" alt width=\"650\" height=\"323\"><\/p>\n<p><img decoding=\"async\" loading=\"lazy\" class=\"alignnone size-medium wp-image-528599\" src=\"https:\/\/img.svnews.ro\/foto\/2026\/04\/10\/528584\/bc1a43c6f3d0315b7b4c950af06500326.jpg\" alt width=\"650\" height=\"326\"><\/p>\n<\/div>\n<p>[analyse_source url=&#8221;https:\/\/www.svnews.ro\/primaria-suceava-a-amenajat-o-parcare-temporara-in-locul-fostelor-garaje-din-zona-cartodrom-in-curand-spatiul-va-fi-modernizat-si-va-include-locuri-de-parcare-zone-verzi-si-spatii-de-relaxare-pentru\/528584\/&#8221;]<\/p>\n","protected":false},"excerpt":{"rendered":"<p>[analyse_image type=&#8221;featured&#8221; src=&#8221;https:\/\/img.svnews.ro\/foto\/2026\/04\/10\/528584\/41b215f8bdbc805cc1eec2468.jpg&#8221;] Ca m\u0103sur\u0103 tranzitorie, \u00een zona fostelor garaje din cartierul George Enescu (zona Cartodrom), Prim\u0103ria Suceava a \u00a0amenajat o parcare temporar\u0103, pentru a veni \u00een sprijinul locuitorilor din zon\u0103. \u00cen perioada urm\u0103toare, vor continua lucr\u0103rile de \u00eendep\u0103rtare a altor garaje \u0219i construc\u021bii existente, \u00een vederea amenaj\u0103rii unui spa\u021biu modern care va include locuri [&hellip;]<\/p>\n","protected":false},"author":1,"featured_media":0,"comment_status":"open","ping_status":"","sticky":false,"template":"","format":"standard","meta":{"footnotes":""},"categories":[89],"tags":[226,175],"class_list":["post-1878860","post","type-post","status-publish","format-standard","hentry","category-romania","tag-crawlmanager","tag-svnews-ro"],"_links":{"self":[{"href":"https:\/\/analyse.optim.biz\/index.php?rest_route=\/wp\/v2\/posts\/1878860","targetHints":{"allow":["GET"]}}],"collection":[{"href":"https:\/\/analyse.optim.biz\/index.php?rest_route=\/wp\/v2\/posts"}],"about":[{"href":"https:\/\/analyse.optim.biz\/index.php?rest_route=\/wp\/v2\/types\/post"}],"author":[{"embeddable":true,"href":"https:\/\/analyse.optim.biz\/index.php?rest_route=\/wp\/v2\/users\/1"}],"replies":[{"embeddable":true,"href":"https:\/\/analyse.optim.biz\/index.php?rest_route=%2Fwp%2Fv2%2Fcomments&post=1878860"}],"version-history":[{"count":0,"href":"https:\/\/analyse.optim.biz\/index.php?rest_route=\/wp\/v2\/posts\/1878860\/revisions"}],"wp:attachment":[{"href":"https:\/\/analyse.optim.biz\/index.php?rest_route=%2Fwp%2Fv2%2Fmedia&parent=1878860"}],"wp:term":[{"taxonomy":"category","embeddable":true,"href":"https:\/\/analyse.optim.biz\/index.php?rest_route=%2Fwp%2Fv2%2Fcategories&post=1878860"},{"taxonomy":"post_tag","embeddable":true,"href":"https:\/\/analyse.optim.biz\/index.php?rest_route=%2Fwp%2Fv2%2Ftags&post=1878860"}],"curies":[{"name":"wp","href":"https:\/\/api.w.org\/{rel}","templated":true}]}}