{"id":1878857,"date":"2026-04-10T05:03:19","date_gmt":"2026-04-10T02:03:19","guid":{"rendered":"https:\/\/analyse.optim.biz\/?p=1878857"},"modified":"2026-04-10T05:03:19","modified_gmt":"2026-04-10T02:03:19","slug":"vocea-romaniei-denisa-puitau-lanseaza-prima-piesa-originala-nu-m-ai-ocolit-foto","status":"publish","type":"post","link":"https:\/\/analyse.optim.biz\/?p=1878857","title":{"rendered":"\u201dVocea Rom\u00e2niei\u201d, Denisa Pui\u021b\u0103u, lanseaz\u0103 prima pies\u0103 original\u0103, \u201eNu m-ai ocolit\u201d (foto)"},"content":{"rendered":"<p>[analyse_image type=&#8221;featured&#8221; src=&#8221;https:\/\/img.svnews.ro\/foto\/2026\/04\/10\/528611\/07242d564c43d2f860126788f.jpg&#8221;]<\/p>\n<div class=\"entry\"><img loading=\"lazy\" decoding=\"async\" width=\"650\" height=\"325\" src=\"https:\/\/img.svnews.ro\/foto\/2026\/04\/10\/528611\/07242d564c43d2f860126788f06500325.jpg\" alt><\/p>\n<div class=\"entry_content\">\n<p class=\"p1\"><span class=\"s1\">T\u00e2n\u0103ra interpret\u0103 Denisa Pui\u021b\u0103u, originar\u0103 din Suceava \u0219i cunoscut\u0103 de la Vocea Rom\u00e2niei, sezonul 13, marcheaz\u0103 un moment important \u00een parcursul s\u0103u artistic prin lansarea primei crea\u021bii originale \u2013 \u201eNu m-ai ocolit\u201d.<\/span><\/p>\n<p class=\"p1\"><span class=\"s1\">Lansat\u0103 \u00een preajma Sfintelor S\u0103rb\u0103tori Pascale, piesa reprezint\u0103 mai mult dec\u00e2t un debut componistic \u2013 este o m\u0103rturie sincer\u0103 despre durere, credin\u021b\u0103 \u0219i reg\u0103sire interioar\u0103. N\u0103scut\u0103 dintr-o experien\u021b\u0103 personal\u0103 profund\u0103, melodia reflect\u0103 tr\u0103iri autentice \u0219i emo\u021bii intense, transformate \u00eentr-un mesaj artistic cu puternic impact emo\u021bional.<\/span><\/p>\n<p class=\"p1\"><span class=\"s1\">\u201eNu m-ai ocolit\u201d vorbe\u0219te despre acea durere t\u0103cut\u0103 care nu se vede, dar care schimb\u0103 profund, apropiind omul de Dumnezeu, de adev\u0103r \u0219i de sine. Este o confesiune muzical\u0103 despre fragilitate, dar \u0219i despre for\u021ba de a g\u0103si sens \u0219i lumin\u0103 chiar \u0219i \u00een cele mai dificile momente.<\/span><\/p>\n<p class=\"p1\"><span class=\"s1\">Proiectul este completat de un videoclip deosebit, realizat de H\u2019art Frame, care transpune vizual sensibilitatea \u0219i profunzimea piesei \u00eentr-o manier\u0103 artistic\u0103 \u0219i expresiv\u0103.<\/span><\/p>\n<p class=\"p1\"><span class=\"s1\">Un rol special \u00een realizarea videoclipului \u00eel au copiii de la \u0218coala de canto \u201eRomantic Art Music\u201d din Suceava, coordona\u021bi de profesor Gabriela Morar, care contribuie la atmosfera emo\u021bional\u0103 a proiectului printr-o prezen\u021b\u0103 sincer\u0103 \u0219i plin\u0103 de lumin\u0103.<\/span><\/p>\n<p class=\"p1\"><span class=\"s1\">Prin acest proiect, Denisa Pui\u021b\u0103u \u00ee\u0219i afirm\u0103 nu doar calit\u0103\u021bile vocale, ci \u0219i capacitatea de a transmite emo\u021bie autentic\u0103 \u0219i de a transforma experien\u021bele personale \u00een crea\u021bii artistice cu rezonan\u021b\u0103 profund\u0103.<\/span><\/p>\n<p class=\"p1\"><span class=\"s1\">Artista adreseaz\u0103 mul\u021bumiri echipei implicate \u00een realizarea acestui proiect.<\/span><\/p>\n<p class=\"p1\"><span class=\"s1\">Lansarea piesei \u201eNu m-ai ocolit\u201d aduce \u00een aten\u021bia publicului un mesaj de reflec\u021bie, credin\u021b\u0103 \u0219i speran\u021b\u0103, \u00een acord cu semnifica\u021bia s\u0103rb\u0103torilor pascale.<\/span><\/p>\n<p><b>LINK YouTube:<\/b><br \/><a href=\"https:\/\/youtu.be\/D7E8SHVZBHo?is=CWAu786OVMpurY2E\" target=\"_blank\" rel=\"nofollow noopener noreferrer\">https:\/\/youtu.be\/D7E8SHVZBHo?is=CWAu786OVMpurY2E<\/a><\/p>\n<p><img loading=\"lazy\" decoding=\"async\" class=\"alignnone size-medium wp-image-528617\" src=\"https:\/\/img.svnews.ro\/foto\/2026\/04\/10\/528611\/75b64aaf355e2841c4afd964806500277.jpeg\" alt width=\"650\" height=\"277\"><\/p>\n<p><img loading=\"lazy\" decoding=\"async\" class=\"alignnone size-medium wp-image-528618\" src=\"https:\/\/img.svnews.ro\/foto\/2026\/04\/10\/528611\/0570807838cd6f761b3c6d41c06500277.jpeg\" alt width=\"650\" height=\"277\"><\/p>\n<p><img decoding=\"async\" loading=\"lazy\" class=\"alignnone size-medium wp-image-528619\" src=\"https:\/\/img.svnews.ro\/foto\/2026\/04\/10\/528611\/ecb1b48cd8db21b15e2ffdba806500277.jpeg\" alt width=\"650\" height=\"277\"><\/p>\n<p><img decoding=\"async\" loading=\"lazy\" class=\"alignnone size-medium wp-image-528620\" src=\"https:\/\/img.svnews.ro\/foto\/2026\/04\/10\/528611\/dbe8c110d774ca6fa044e8cfe06500277.jpeg\" alt width=\"650\" height=\"277\"><\/p>\n<p><img decoding=\"async\" loading=\"lazy\" class=\"alignnone size-medium wp-image-528621\" src=\"https:\/\/img.svnews.ro\/foto\/2026\/04\/10\/528611\/f481c078ebbef6e4767a95a2406500277.jpeg\" alt width=\"650\" height=\"277\"><\/p>\n<p><img decoding=\"async\" loading=\"lazy\" class=\"alignnone size-medium wp-image-528622\" src=\"https:\/\/img.svnews.ro\/foto\/2026\/04\/10\/528611\/5019d0722d8510d6fe68ac2d906500277.jpeg\" alt width=\"650\" height=\"277\"><\/p>\n<p><img decoding=\"async\" loading=\"lazy\" class=\"alignnone size-medium wp-image-528623\" src=\"https:\/\/img.svnews.ro\/foto\/2026\/04\/10\/528611\/0788150c6ab3e98f8a1d188ff06500277.jpeg\" alt width=\"650\" height=\"277\"><\/p>\n<p><img decoding=\"async\" loading=\"lazy\" class=\"alignnone size-medium wp-image-528624\" src=\"https:\/\/img.svnews.ro\/foto\/2026\/04\/10\/528611\/65b88f9edb12d1ea0fe21ee6106500277.jpeg\" alt width=\"650\" height=\"277\"><\/p>\n<p><img decoding=\"async\" loading=\"lazy\" class=\"alignnone size-medium wp-image-528625\" src=\"https:\/\/img.svnews.ro\/foto\/2026\/04\/10\/528611\/893cc5ac149d75b7ca21f841d06500277.jpeg\" alt width=\"650\" height=\"277\"><\/p>\n<p><span class=\"hreview-aggregate\"><span class=\"item\"><span class=\"fn\">\u201dVocea Rom\u00e2niei\u201d, Denisa Pui\u021b\u0103u, lanseaz\u0103 prima pies\u0103 original\u0103, \u201eNu m-ai ocolit\u201d (foto)<\/span><\/span>, <span class=\"rating\"><span class=\"average\">10.0<\/span> out of <span class=\"best\">10<\/span> based on <span class=\"votes\">1<\/span> rating <\/span><\/span><\/div>\n<div>\n<div>VN:F [1.9.22_1171]<\/div>\n<div class=\"ratingblock \">\n<div class=\"ratingstars \">\n<div id=\"article_loader_528611\" class=\"ratingloaderarticle\">\n<div class=\"loader arrows \">\n<div class=\"loaderinner\">se actualizeaz\u0103&#8230;<\/div>\n<\/div>\n<\/div>\n<\/div>\n<div class=\"ratingtext \">\n<div id=\"gdr_text_a528611\">Rating: 10.0\/<strong>10<\/strong> (1 vote cast)<\/div>\n<\/div>\n<\/div>\n<\/div>\n<\/div>\n<div class=\"entry_content\">\n<p class=\"p1\"><span class=\"s1\">T\u00e2n\u0103ra interpret\u0103 Denisa Pui\u021b\u0103u, originar\u0103 din Suceava \u0219i cunoscut\u0103 de la Vocea Rom\u00e2niei, sezonul 13, marcheaz\u0103 un moment important \u00een parcursul s\u0103u artistic prin lansarea primei crea\u021bii originale \u2013 \u201eNu m-ai ocolit\u201d.<\/span><\/p>\n<p class=\"p1\"><span class=\"s1\">Lansat\u0103 \u00een preajma Sfintelor S\u0103rb\u0103tori Pascale, piesa reprezint\u0103 mai mult dec\u00e2t un debut componistic \u2013 este o m\u0103rturie sincer\u0103 despre durere, credin\u021b\u0103 \u0219i reg\u0103sire interioar\u0103. N\u0103scut\u0103 dintr-o experien\u021b\u0103 personal\u0103 profund\u0103, melodia reflect\u0103 tr\u0103iri autentice \u0219i emo\u021bii intense, transformate \u00eentr-un mesaj artistic cu puternic impact emo\u021bional.<\/span><\/p>\n<p class=\"p1\"><span class=\"s1\">\u201eNu m-ai ocolit\u201d vorbe\u0219te despre acea durere t\u0103cut\u0103 care nu se vede, dar care schimb\u0103 profund, apropiind omul de Dumnezeu, de adev\u0103r \u0219i de sine. Este o confesiune muzical\u0103 despre fragilitate, dar \u0219i despre for\u021ba de a g\u0103si sens \u0219i lumin\u0103 chiar \u0219i \u00een cele mai dificile momente.<\/span><\/p>\n<p class=\"p1\"><span class=\"s1\">Proiectul este completat de un videoclip deosebit, realizat de H\u2019art Frame, care transpune vizual sensibilitatea \u0219i profunzimea piesei \u00eentr-o manier\u0103 artistic\u0103 \u0219i expresiv\u0103.<\/span><\/p>\n<p class=\"p1\"><span class=\"s1\">Un rol special \u00een realizarea videoclipului \u00eel au copiii de la \u0218coala de canto \u201eRomantic Art Music\u201d din Suceava, coordona\u021bi de profesor Gabriela Morar, care contribuie la atmosfera emo\u021bional\u0103 a proiectului printr-o prezen\u021b\u0103 sincer\u0103 \u0219i plin\u0103 de lumin\u0103.<\/span><\/p>\n<p class=\"p1\"><span class=\"s1\">Prin acest proiect, Denisa Pui\u021b\u0103u \u00ee\u0219i afirm\u0103 nu doar calit\u0103\u021bile vocale, ci \u0219i capacitatea de a transmite emo\u021bie autentic\u0103 \u0219i de a transforma experien\u021bele personale \u00een crea\u021bii artistice cu rezonan\u021b\u0103 profund\u0103.<\/span><\/p>\n<p class=\"p1\"><span class=\"s1\">Artista adreseaz\u0103 mul\u021bumiri echipei implicate \u00een realizarea acestui proiect.<\/span><\/p>\n<p class=\"p1\"><span class=\"s1\">Lansarea piesei \u201eNu m-ai ocolit\u201d aduce \u00een aten\u021bia publicului un mesaj de reflec\u021bie, credin\u021b\u0103 \u0219i speran\u021b\u0103, \u00een acord cu semnifica\u021bia s\u0103rb\u0103torilor pascale.<\/span><\/p>\n<p><b>LINK YouTube:<\/b><br \/><a href=\"https:\/\/youtu.be\/D7E8SHVZBHo?is=CWAu786OVMpurY2E\" target=\"_blank\" rel=\"nofollow noopener noreferrer\">https:\/\/youtu.be\/D7E8SHVZBHo?is=CWAu786OVMpurY2E<\/a><\/p>\n<p><img loading=\"lazy\" decoding=\"async\" class=\"alignnone size-medium wp-image-528617\" src=\"https:\/\/img.svnews.ro\/foto\/2026\/04\/10\/528611\/75b64aaf355e2841c4afd964806500277.jpeg\" alt width=\"650\" height=\"277\"><\/p>\n<p><img loading=\"lazy\" decoding=\"async\" class=\"alignnone size-medium wp-image-528618\" src=\"https:\/\/img.svnews.ro\/foto\/2026\/04\/10\/528611\/0570807838cd6f761b3c6d41c06500277.jpeg\" alt width=\"650\" height=\"277\"><\/p>\n<p><img decoding=\"async\" loading=\"lazy\" class=\"alignnone size-medium wp-image-528619\" src=\"https:\/\/img.svnews.ro\/foto\/2026\/04\/10\/528611\/ecb1b48cd8db21b15e2ffdba806500277.jpeg\" alt width=\"650\" height=\"277\"><\/p>\n<p><img decoding=\"async\" loading=\"lazy\" class=\"alignnone size-medium wp-image-528620\" src=\"https:\/\/img.svnews.ro\/foto\/2026\/04\/10\/528611\/dbe8c110d774ca6fa044e8cfe06500277.jpeg\" alt width=\"650\" height=\"277\"><\/p>\n<p><img decoding=\"async\" loading=\"lazy\" class=\"alignnone size-medium wp-image-528621\" src=\"https:\/\/img.svnews.ro\/foto\/2026\/04\/10\/528611\/f481c078ebbef6e4767a95a2406500277.jpeg\" alt width=\"650\" height=\"277\"><\/p>\n<p><img decoding=\"async\" loading=\"lazy\" class=\"alignnone size-medium wp-image-528622\" src=\"https:\/\/img.svnews.ro\/foto\/2026\/04\/10\/528611\/5019d0722d8510d6fe68ac2d906500277.jpeg\" alt width=\"650\" height=\"277\"><\/p>\n<p><img decoding=\"async\" loading=\"lazy\" class=\"alignnone size-medium wp-image-528623\" src=\"https:\/\/img.svnews.ro\/foto\/2026\/04\/10\/528611\/0788150c6ab3e98f8a1d188ff06500277.jpeg\" alt width=\"650\" height=\"277\"><\/p>\n<p><img decoding=\"async\" loading=\"lazy\" class=\"alignnone size-medium wp-image-528624\" src=\"https:\/\/img.svnews.ro\/foto\/2026\/04\/10\/528611\/65b88f9edb12d1ea0fe21ee6106500277.jpeg\" alt width=\"650\" height=\"277\"><\/p>\n<p><img decoding=\"async\" loading=\"lazy\" class=\"alignnone size-medium wp-image-528625\" src=\"https:\/\/img.svnews.ro\/foto\/2026\/04\/10\/528611\/893cc5ac149d75b7ca21f841d06500277.jpeg\" alt width=\"650\" height=\"277\"><\/p>\n<p><span class=\"hreview-aggregate\"><span class=\"item\"><span class=\"fn\">\u201dVocea Rom\u00e2niei\u201d, Denisa Pui\u021b\u0103u, lanseaz\u0103 prima pies\u0103 original\u0103, \u201eNu m-ai ocolit\u201d (foto)<\/span><\/span>, <span class=\"rating\"><span class=\"average\">10.0<\/span> out of <span class=\"best\">10<\/span> based on <span class=\"votes\">1<\/span> rating <\/span><\/span><\/div>\n<p>[analyse_source url=&#8221;https:\/\/www.svnews.ro\/vocea-romaniei-denisa-puitau-lanseaza-prima-piesa-originala-nu-m-ai-ocolit-foto\/528611\/&#8221;]<\/p>\n","protected":false},"excerpt":{"rendered":"<p>[analyse_image type=&#8221;featured&#8221; src=&#8221;https:\/\/img.svnews.ro\/foto\/2026\/04\/10\/528611\/07242d564c43d2f860126788f.jpg&#8221;] T\u00e2n\u0103ra interpret\u0103 Denisa Pui\u021b\u0103u, originar\u0103 din Suceava \u0219i cunoscut\u0103 de la Vocea Rom\u00e2niei, sezonul 13, marcheaz\u0103 un moment important \u00een parcursul s\u0103u artistic prin lansarea primei crea\u021bii originale \u2013 \u201eNu m-ai ocolit\u201d. Lansat\u0103 \u00een preajma Sfintelor S\u0103rb\u0103tori Pascale, piesa reprezint\u0103 mai mult dec\u00e2t un debut componistic \u2013 este o m\u0103rturie sincer\u0103 despre [&hellip;]<\/p>\n","protected":false},"author":1,"featured_media":0,"comment_status":"open","ping_status":"","sticky":false,"template":"","format":"standard","meta":{"footnotes":""},"categories":[89],"tags":[226,175],"class_list":["post-1878857","post","type-post","status-publish","format-standard","hentry","category-romania","tag-crawlmanager","tag-svnews-ro"],"_links":{"self":[{"href":"https:\/\/analyse.optim.biz\/index.php?rest_route=\/wp\/v2\/posts\/1878857","targetHints":{"allow":["GET"]}}],"collection":[{"href":"https:\/\/analyse.optim.biz\/index.php?rest_route=\/wp\/v2\/posts"}],"about":[{"href":"https:\/\/analyse.optim.biz\/index.php?rest_route=\/wp\/v2\/types\/post"}],"author":[{"embeddable":true,"href":"https:\/\/analyse.optim.biz\/index.php?rest_route=\/wp\/v2\/users\/1"}],"replies":[{"embeddable":true,"href":"https:\/\/analyse.optim.biz\/index.php?rest_route=%2Fwp%2Fv2%2Fcomments&post=1878857"}],"version-history":[{"count":0,"href":"https:\/\/analyse.optim.biz\/index.php?rest_route=\/wp\/v2\/posts\/1878857\/revisions"}],"wp:attachment":[{"href":"https:\/\/analyse.optim.biz\/index.php?rest_route=%2Fwp%2Fv2%2Fmedia&parent=1878857"}],"wp:term":[{"taxonomy":"category","embeddable":true,"href":"https:\/\/analyse.optim.biz\/index.php?rest_route=%2Fwp%2Fv2%2Fcategories&post=1878857"},{"taxonomy":"post_tag","embeddable":true,"href":"https:\/\/analyse.optim.biz\/index.php?rest_route=%2Fwp%2Fv2%2Ftags&post=1878857"}],"curies":[{"name":"wp","href":"https:\/\/api.w.org\/{rel}","templated":true}]}}