{"id":1878855,"date":"2026-04-10T06:04:45","date_gmt":"2026-04-10T03:04:45","guid":{"rendered":"https:\/\/analyse.optim.biz\/?p=1878855"},"modified":"2026-04-10T06:04:45","modified_gmt":"2026-04-10T03:04:45","slug":"cadouri-de-paste-pentru-copiii-din-centrele-de-servicii-sociale-de-la-falticeni-si-gura-humorului-in-cadrul-actiunii-sarbatoarea-invierii-domnului-isus-hristos-aduce-mangaiere-foto","status":"publish","type":"post","link":"https:\/\/analyse.optim.biz\/?p=1878855","title":{"rendered":"Cadouri de Pa\u0219te pentru copiii din Centrele de Servicii sociale de la F\u0103lticeni \u0219i Gura Humorului \u00een cadrul ac\u021biunii \u201dS\u0103rb\u0103toarea \u00cenvierii Domnului Isus Hristos aduce m\u00e2ng\u00e2iere\u201d (foto)"},"content":{"rendered":"<p>[analyse_image type=&#8221;featured&#8221; src=&#8221;https:\/\/img.svnews.ro\/foto\/2026\/04\/10\/528518\/aa3c16032e6677abdd53324ac-scaled.jpg&#8221;]<\/p>\n<div class=\"entry\"><img loading=\"lazy\" decoding=\"async\" width=\"650\" height=\"325\" src=\"https:\/\/img.svnews.ro\/foto\/2026\/04\/10\/528518\/aa3c16032e6677abdd53324ac06500325.jpg\" alt><\/p>\n<div class=\"entry_content\">\n<p>Asocia\u021bia de ajutorare a copiilor \u0219i tinerilor dota\u021bi, talenta\u021bi \u0219i din sistemul de protec\u021bie a copilului aflat \u00een dificultate \u201dEUROACTIV\u201d Suceava, conducerea Colegiului Tehnic \u201dSamuil Isopescu\u201d Suceava, conducerea \u0218colii Gimnaziale nr.1 Suceava, au organizat Ac\u021biunea \u201dS\u0103rb\u0103toarea \u00cenvierii Domnului Isus Hristos aduce m\u00e2ng\u00e2iere\u201d \u00een Joia Mare a S\u0103pt\u0103m\u00e2nii Patimilor, \u00een data de 9.04.2026.<\/p>\n<p>\u00cen cadrul acestei activit\u0103\u021bi, colectivul de p\u0103rin\u021bi al \u0218colii Gimnaziale nr.1, coordonat de doamnele profesoare \u0219i sprijinit de colectivele de p\u0103rin\u021bi coordonate de d-na. Prof. educa\u021bie timpurie Irina Hri\u0219c\u0103 de la Gr\u0103dini\u021ba cu Program Normal \u201dMaria Montessori\u201d (structur\u0103 a \u0218colii Gimnaziale nr.1 Suceava), \u00eempreun\u0103 cu un grup de oameni inimo\u0219i, \u0219i profesoara de limba englez\u0103 Magda Vicol, au preg\u0103tit cadouri, au procurat produse de igien\u0103 personal\u0103, produse de cur\u0103\u021benie, produse alimentare \u0219i dulciuri pentru copiii din Centrele de Servicii sociale de la F\u0103lticeni \u0219i Gura Humorului.<\/p>\n<p>Cadouri const\u00e2nd \u00een dulciuri, produse de igien\u0103 personal\u0103, au fost oferite cu generozitate de sponsorii ac\u021biunii \u0219i de colectivul de p\u0103rin\u021bi de la Gr\u0103dini\u021ba Montesori ai \u0218colii Gimnaziale nr.1 Suceava.<\/p>\n<p>Ac\u021biunea a fost sprijinit\u0103 de S.C. Rocast Nord S.R.L. Suceava, S.C. Kalman Distribution S.R.L. \u0218cheia, S.C. Alin For You S.R.L., domnul Florin Homiuc de la Expert Medical, S.C. Gaitano Company S.R.L. \u0218cheia,S.C. Tesano S.R.L., S.C. Alka Trading Co S.R.L. Rom\u00e2nia, Agro Sc\u00e2nteia, \u00centreprindere Individual\u0103 Corneanu, <a href=\"https:\/\/listafirme.ro\/maspex-romania-srl-3451510\/\">Maspex Romania SRL, <\/a>Clinica stomatologic\u0103 Hel Dent, S.C. Kiler S.R.L., colectivele de p\u0103rin\u021bi de la Gr\u0103dini\u021ba Montesorii \u0219i de la \u0218coala Gimnazial\u0103 nr.1 Suceava \u0219i, a domnilor Adrian Ar\u0103mescu, Iulian Danalache \u0219i Daniel Boamb\u0103, Funda\u021bia Umanitar\u0103 ASSIST, S.C. Adria S.R.L., S.C. Fetcom S.R.L.<\/p>\n<p>Mul\u021bumim pentru efortul deosebit Domnilor C\u0103t\u0103lin Cr\u00ee\u0219mariu \u0219i Ovidiu Ungureanu, care au asigurat transportul cadourilor \u0219i a produselor oferite de sponsori, \u0219i voluntarilor Georgiana Constantinescu, Kevin Macovei, Iustin Lup, Iustin Homiuc, \u0218tefan C\u00eercu, Cristi Corneanu, Albert Bogdan, Anisia Saghin, Ap\u0103v\u0103loaie Maria Antonia, Ianis Cepoi, Cosmin Rusu.<\/p>\n<p>Mul\u021bumim Asocia\u021biei \u201dTeona Ariana\u201d Suceava care ne-a sprijinit cu 50 de pachete ce con\u021bin produse alimentare neperisabile, \u00een urma particip\u0103rii la colecta pentru alimente din perioada 20 \u2013 22.03.2026. Campania colecta na\u021bional\u0103 de alimente a fost organizat\u0103 la nivel na\u021bional de Federa\u021bia B\u0103ncilor pentru alimente din Rom\u00e2nia. Acestea au fost distribuite familiilor s\u0103race din comunit\u0103\u021bile defavorizate din Comuna Preute\u0219ti. Mul\u021bumim \u0219i domnului Primar Ion Vasiliu din Com. Preute\u0219ti care a mobilizat \u00een timp util familiile defavorizate \u0219i ne-a primit c\u0103lduros \u00een C\u0103minul cultural din localitatea Basarabi, unde voluntarii asocia\u021biei \u201dEUROACTIV\u201d au prezentat \u0219i un scurt moment artistic.<\/p>\n<p>Ac\u021biunea a fost coordonat\u0103 de domnii prof. Narcisa-Daniela \u0218tef\u0103nescu \u2013 inspector \u0219colar \u0219i vicepre\u0219edinte Asocia\u021bia \u201dEUROACTIV\u201d, prof. Mihai Greciuc \u2013 pre\u0219edinte \u201dEUROACTIV\u201d Suceava, prof. Romeo-Irinel Bolohan \u2013 vicepre\u0219edinte \u201dEUROACTIV\u201d, \u0219i de domnii ing. C\u0103t\u0103lin Cr\u00ee\u0219mariu \u2013 administrator de patrimoniu \u0219i de pedagog Ovidiu Unguneanu de la Colegiul Tehnic \u201dSamuil Isopescu\u201d Suceava.<\/p>\n<p>Mul\u021bumit\u0103 generozit\u0103\u021bii dumneavoastr\u0103, am reu\u0219it s\u0103 organiz\u0103m o ac\u021biune de neuitat pentru voluntari beneficiarii acestei ac\u021biuni. Dorim s\u0103 ur\u0103m din suflet tuturor celor care s-au implicat (colaboratori, sponsori etc.), s\u0103n\u0103tate, fericire \u0219i \u00eemplinirea tuturor dorin\u021belor, ur\u00e2ndu-le S\u0103rb\u0103tori pascale binecuv\u00e2ntate!<\/p>\n<p><img loading=\"lazy\" decoding=\"async\" class=\"alignnone size-medium wp-image-528519\" src=\"https:\/\/img.svnews.ro\/foto\/2026\/04\/10\/528518\/71a2cc468ef03043459cddf6106500348.jpg\" alt width=\"650\" height=\"348\"><\/p>\n<p><img loading=\"lazy\" decoding=\"async\" class=\"alignnone size-medium wp-image-528520\" src=\"https:\/\/img.svnews.ro\/foto\/2026\/04\/10\/528518\/4ae4fec81acdbe85192e30c0406500482.jpg\" alt width=\"650\" height=\"482\"><\/p>\n<p><img decoding=\"async\" loading=\"lazy\" class=\"alignnone size-medium wp-image-528521\" src=\"https:\/\/img.svnews.ro\/foto\/2026\/04\/10\/528518\/8552ec3dd0b4ad93aa7050a9a06500412.jpg\" alt width=\"650\" height=\"412\"><\/p>\n<p><img decoding=\"async\" loading=\"lazy\" class=\"alignnone size-medium wp-image-528522\" src=\"https:\/\/img.svnews.ro\/foto\/2026\/04\/10\/528518\/6d24343207f36fbe56d251a1806500676.jpg\" alt width=\"650\" height=\"676\"><\/p>\n<p><img decoding=\"async\" loading=\"lazy\" class=\"alignnone size-medium wp-image-528523\" src=\"https:\/\/img.svnews.ro\/foto\/2026\/04\/10\/528518\/7bd610cab96b34d220ef80d7a06500312.jpg\" alt width=\"650\" height=\"312\"><\/p>\n<p><img decoding=\"async\" loading=\"lazy\" class=\"alignnone size-medium wp-image-528524\" src=\"https:\/\/img.svnews.ro\/foto\/2026\/04\/10\/528518\/56d579e72be21acd482559a9b06500324.jpg\" alt width=\"650\" height=\"324\"><\/p>\n<p><img decoding=\"async\" loading=\"lazy\" class=\"alignnone size-medium wp-image-528525\" src=\"https:\/\/img.svnews.ro\/foto\/2026\/04\/10\/528518\/d5598d0873df8ee427e9b809a06500433.jpg\" alt width=\"650\" height=\"433\"><\/p>\n<p><img decoding=\"async\" loading=\"lazy\" class=\"alignnone size-medium wp-image-528526\" src=\"https:\/\/img.svnews.ro\/foto\/2026\/04\/10\/528518\/e94bc8161c779d0d0879f133b06500422.jpg\" alt width=\"650\" height=\"422\"><\/p>\n<p><img decoding=\"async\" loading=\"lazy\" class=\"alignnone size-medium wp-image-528527\" src=\"https:\/\/img.svnews.ro\/foto\/2026\/04\/10\/528518\/f6bffa602b2f9ca5af6d23b8006500344.jpg\" alt width=\"650\" height=\"344\"><\/p>\n<p><img decoding=\"async\" loading=\"lazy\" class=\"alignnone size-medium wp-image-528528\" src=\"https:\/\/img.svnews.ro\/foto\/2026\/04\/10\/528518\/d4131e255bbd92985c3ecd2c306500390.jpg\" alt width=\"650\" height=\"390\"><\/p>\n<p><img decoding=\"async\" loading=\"lazy\" class=\"alignnone size-medium wp-image-528529\" src=\"https:\/\/img.svnews.ro\/foto\/2026\/04\/10\/528518\/ea75d57e837a1aecaa79e006b06500767.jpg\" alt width=\"650\" height=\"767\"><\/p>\n<p><img decoding=\"async\" loading=\"lazy\" class=\"alignnone size-medium wp-image-528530\" src=\"https:\/\/img.svnews.ro\/foto\/2026\/04\/10\/528518\/43e5d39e0ea90eb909e71f0fd06500309.jpg\" alt width=\"650\" height=\"309\"><\/p>\n<p><img decoding=\"async\" loading=\"lazy\" class=\"alignnone size-medium wp-image-528531\" src=\"https:\/\/img.svnews.ro\/foto\/2026\/04\/10\/528518\/4b40c58224d74419cf1ae58d106500549.jpg\" alt width=\"650\" height=\"549\"><\/p>\n<p><img decoding=\"async\" loading=\"lazy\" class=\"alignnone size-medium wp-image-528532\" src=\"https:\/\/img.svnews.ro\/foto\/2026\/04\/10\/528518\/1f15c82aae35a7bf54d059fc706500556.jpg\" alt width=\"650\" height=\"556\"><\/p>\n<p><img decoding=\"async\" loading=\"lazy\" class=\"alignnone size-medium wp-image-528533\" src=\"https:\/\/img.svnews.ro\/foto\/2026\/04\/10\/528518\/d0e1fbe8df4f4169a8f82c03906500355.jpg\" alt width=\"650\" height=\"355\"><\/p>\n<p><img decoding=\"async\" loading=\"lazy\" class=\"alignnone size-medium wp-image-528534\" src=\"https:\/\/img.svnews.ro\/foto\/2026\/04\/10\/528518\/fbe04191d8182d2389a78ba0406500312.jpg\" alt width=\"650\" height=\"312\"><\/p>\n<p><img decoding=\"async\" loading=\"lazy\" class=\"alignnone size-medium wp-image-528535\" src=\"https:\/\/img.svnews.ro\/foto\/2026\/04\/10\/528518\/d7d5de38abd93fc978c8a4d1d06500382.jpg\" alt width=\"650\" height=\"382\"><\/p>\n<p><img decoding=\"async\" loading=\"lazy\" class=\"alignnone size-medium wp-image-528536\" src=\"https:\/\/img.svnews.ro\/foto\/2026\/04\/10\/528518\/aa3c16032e6677abdd53324ac06500404.jpg\" alt width=\"650\" height=\"404\"><\/p>\n<p><img decoding=\"async\" loading=\"lazy\" class=\"alignnone size-medium wp-image-528537\" src=\"https:\/\/img.svnews.ro\/foto\/2026\/04\/10\/528518\/74b10db09ca01225bd244cb1706500433.jpg\" alt width=\"650\" height=\"433\"><\/p>\n<p><img decoding=\"async\" loading=\"lazy\" class=\"alignnone size-medium wp-image-528538\" src=\"https:\/\/img.svnews.ro\/foto\/2026\/04\/10\/528518\/d6785c1e12eb287da2b2cb70106500459.jpg\" alt width=\"650\" height=\"459\"><\/p>\n<p><img decoding=\"async\" loading=\"lazy\" class=\"alignnone size-medium wp-image-528539\" src=\"https:\/\/img.svnews.ro\/foto\/2026\/04\/10\/528518\/3354ac1a6e6f6bcc7bd657a7606500389.jpg\" alt width=\"650\" height=\"389\"><\/p>\n<p><img decoding=\"async\" loading=\"lazy\" class=\"alignnone size-medium wp-image-528540\" src=\"https:\/\/img.svnews.ro\/foto\/2026\/04\/10\/528518\/6645435ca572d576ca756c36206500337.jpg\" alt width=\"650\" height=\"337\"><\/p>\n<p><img decoding=\"async\" loading=\"lazy\" class=\"alignnone size-medium wp-image-528541\" src=\"https:\/\/img.svnews.ro\/foto\/2026\/04\/10\/528518\/185d97d2b11bd858fb8da7cae06500502.jpg\" alt width=\"650\" height=\"502\"><\/p>\n<p><img decoding=\"async\" loading=\"lazy\" class=\"alignnone size-medium wp-image-528542\" src=\"https:\/\/img.svnews.ro\/foto\/2026\/04\/10\/528518\/af726c3d6a32580fc8ec1be9406500480.jpg\" alt width=\"650\" height=\"480\"><\/p>\n<p><img decoding=\"async\" loading=\"lazy\" class=\"alignnone size-medium wp-image-528543\" src=\"https:\/\/img.svnews.ro\/foto\/2026\/04\/10\/528518\/f7f9c87b350f58ed7af14a13106500435.jpg\" alt width=\"650\" height=\"435\"><\/p>\n<\/div>\n<div>\n<div>VN:F [1.9.22_1171]<\/div>\n<div class=\"ratingblock \">\n<div class=\"ratingstars \">\n<div id=\"article_loader_528518\" class=\"ratingloaderarticle\">\n<div class=\"loader arrows \">\n<div class=\"loaderinner\">se actualizeaz\u0103&#8230;<\/div>\n<\/div>\n<\/div>\n<\/div>\n<div class=\"ratingtext \">\n<div id=\"gdr_text_a528518\">Rating: 0.0\/<strong>10<\/strong> (0 votes cast)<\/div>\n<\/div>\n<\/div>\n<\/div>\n<\/div>\n<div class=\"entry_content\">\n<p>Asocia\u021bia de ajutorare a copiilor \u0219i tinerilor dota\u021bi, talenta\u021bi \u0219i din sistemul de protec\u021bie a copilului aflat \u00een dificultate \u201dEUROACTIV\u201d Suceava, conducerea Colegiului Tehnic \u201dSamuil Isopescu\u201d Suceava, conducerea \u0218colii Gimnaziale nr.1 Suceava, au organizat Ac\u021biunea \u201dS\u0103rb\u0103toarea \u00cenvierii Domnului Isus Hristos aduce m\u00e2ng\u00e2iere\u201d \u00een Joia Mare a S\u0103pt\u0103m\u00e2nii Patimilor, \u00een data de 9.04.2026.<\/p>\n<p>\u00cen cadrul acestei activit\u0103\u021bi, colectivul de p\u0103rin\u021bi al \u0218colii Gimnaziale nr.1, coordonat de doamnele profesoare \u0219i sprijinit de colectivele de p\u0103rin\u021bi coordonate de d-na. Prof. educa\u021bie timpurie Irina Hri\u0219c\u0103 de la Gr\u0103dini\u021ba cu Program Normal \u201dMaria Montessori\u201d (structur\u0103 a \u0218colii Gimnaziale nr.1 Suceava), \u00eempreun\u0103 cu un grup de oameni inimo\u0219i, \u0219i profesoara de limba englez\u0103 Magda Vicol, au preg\u0103tit cadouri, au procurat produse de igien\u0103 personal\u0103, produse de cur\u0103\u021benie, produse alimentare \u0219i dulciuri pentru copiii din Centrele de Servicii sociale de la F\u0103lticeni \u0219i Gura Humorului.<\/p>\n<p>Cadouri const\u00e2nd \u00een dulciuri, produse de igien\u0103 personal\u0103, au fost oferite cu generozitate de sponsorii ac\u021biunii \u0219i de colectivul de p\u0103rin\u021bi de la Gr\u0103dini\u021ba Montesori ai \u0218colii Gimnaziale nr.1 Suceava.<\/p>\n<p>Ac\u021biunea a fost sprijinit\u0103 de S.C. Rocast Nord S.R.L. Suceava, S.C. Kalman Distribution S.R.L. \u0218cheia, S.C. Alin For You S.R.L., domnul Florin Homiuc de la Expert Medical, S.C. Gaitano Company S.R.L. \u0218cheia,S.C. Tesano S.R.L., S.C. Alka Trading Co S.R.L. Rom\u00e2nia, Agro Sc\u00e2nteia, \u00centreprindere Individual\u0103 Corneanu, <a href=\"https:\/\/listafirme.ro\/maspex-romania-srl-3451510\/\">Maspex Romania SRL, <\/a>Clinica stomatologic\u0103 Hel Dent, S.C. Kiler S.R.L., colectivele de p\u0103rin\u021bi de la Gr\u0103dini\u021ba Montesorii \u0219i de la \u0218coala Gimnazial\u0103 nr.1 Suceava \u0219i, a domnilor Adrian Ar\u0103mescu, Iulian Danalache \u0219i Daniel Boamb\u0103, Funda\u021bia Umanitar\u0103 ASSIST, S.C. Adria S.R.L., S.C. Fetcom S.R.L.<\/p>\n<p>Mul\u021bumim pentru efortul deosebit Domnilor C\u0103t\u0103lin Cr\u00ee\u0219mariu \u0219i Ovidiu Ungureanu, care au asigurat transportul cadourilor \u0219i a produselor oferite de sponsori, \u0219i voluntarilor Georgiana Constantinescu, Kevin Macovei, Iustin Lup, Iustin Homiuc, \u0218tefan C\u00eercu, Cristi Corneanu, Albert Bogdan, Anisia Saghin, Ap\u0103v\u0103loaie Maria Antonia, Ianis Cepoi, Cosmin Rusu.<\/p>\n<p>Mul\u021bumim Asocia\u021biei \u201dTeona Ariana\u201d Suceava care ne-a sprijinit cu 50 de pachete ce con\u021bin produse alimentare neperisabile, \u00een urma particip\u0103rii la colecta pentru alimente din perioada 20 \u2013 22.03.2026. Campania colecta na\u021bional\u0103 de alimente a fost organizat\u0103 la nivel na\u021bional de Federa\u021bia B\u0103ncilor pentru alimente din Rom\u00e2nia. Acestea au fost distribuite familiilor s\u0103race din comunit\u0103\u021bile defavorizate din Comuna Preute\u0219ti. Mul\u021bumim \u0219i domnului Primar Ion Vasiliu din Com. Preute\u0219ti care a mobilizat \u00een timp util familiile defavorizate \u0219i ne-a primit c\u0103lduros \u00een C\u0103minul cultural din localitatea Basarabi, unde voluntarii asocia\u021biei \u201dEUROACTIV\u201d au prezentat \u0219i un scurt moment artistic.<\/p>\n<p>Ac\u021biunea a fost coordonat\u0103 de domnii prof. Narcisa-Daniela \u0218tef\u0103nescu \u2013 inspector \u0219colar \u0219i vicepre\u0219edinte Asocia\u021bia \u201dEUROACTIV\u201d, prof. Mihai Greciuc \u2013 pre\u0219edinte \u201dEUROACTIV\u201d Suceava, prof. Romeo-Irinel Bolohan \u2013 vicepre\u0219edinte \u201dEUROACTIV\u201d, \u0219i de domnii ing. C\u0103t\u0103lin Cr\u00ee\u0219mariu \u2013 administrator de patrimoniu \u0219i de pedagog Ovidiu Unguneanu de la Colegiul Tehnic \u201dSamuil Isopescu\u201d Suceava.<\/p>\n<p>Mul\u021bumit\u0103 generozit\u0103\u021bii dumneavoastr\u0103, am reu\u0219it s\u0103 organiz\u0103m o ac\u021biune de neuitat pentru voluntari beneficiarii acestei ac\u021biuni. Dorim s\u0103 ur\u0103m din suflet tuturor celor care s-au implicat (colaboratori, sponsori etc.), s\u0103n\u0103tate, fericire \u0219i \u00eemplinirea tuturor dorin\u021belor, ur\u00e2ndu-le S\u0103rb\u0103tori pascale binecuv\u00e2ntate!<\/p>\n<p><img loading=\"lazy\" decoding=\"async\" class=\"alignnone size-medium wp-image-528519\" src=\"https:\/\/img.svnews.ro\/foto\/2026\/04\/10\/528518\/71a2cc468ef03043459cddf6106500348.jpg\" alt width=\"650\" height=\"348\"><\/p>\n<p><img loading=\"lazy\" decoding=\"async\" class=\"alignnone size-medium wp-image-528520\" src=\"https:\/\/img.svnews.ro\/foto\/2026\/04\/10\/528518\/4ae4fec81acdbe85192e30c0406500482.jpg\" alt width=\"650\" height=\"482\"><\/p>\n<p><img decoding=\"async\" loading=\"lazy\" class=\"alignnone size-medium wp-image-528521\" src=\"https:\/\/img.svnews.ro\/foto\/2026\/04\/10\/528518\/8552ec3dd0b4ad93aa7050a9a06500412.jpg\" alt width=\"650\" height=\"412\"><\/p>\n<p><img decoding=\"async\" loading=\"lazy\" class=\"alignnone size-medium wp-image-528522\" src=\"https:\/\/img.svnews.ro\/foto\/2026\/04\/10\/528518\/6d24343207f36fbe56d251a1806500676.jpg\" alt width=\"650\" height=\"676\"><\/p>\n<p><img decoding=\"async\" loading=\"lazy\" class=\"alignnone size-medium wp-image-528523\" src=\"https:\/\/img.svnews.ro\/foto\/2026\/04\/10\/528518\/7bd610cab96b34d220ef80d7a06500312.jpg\" alt width=\"650\" height=\"312\"><\/p>\n<p><img decoding=\"async\" loading=\"lazy\" class=\"alignnone size-medium wp-image-528524\" src=\"https:\/\/img.svnews.ro\/foto\/2026\/04\/10\/528518\/56d579e72be21acd482559a9b06500324.jpg\" alt width=\"650\" height=\"324\"><\/p>\n<p><img decoding=\"async\" loading=\"lazy\" class=\"alignnone size-medium wp-image-528525\" src=\"https:\/\/img.svnews.ro\/foto\/2026\/04\/10\/528518\/d5598d0873df8ee427e9b809a06500433.jpg\" alt width=\"650\" height=\"433\"><\/p>\n<p><img decoding=\"async\" loading=\"lazy\" class=\"alignnone size-medium wp-image-528526\" src=\"https:\/\/img.svnews.ro\/foto\/2026\/04\/10\/528518\/e94bc8161c779d0d0879f133b06500422.jpg\" alt width=\"650\" height=\"422\"><\/p>\n<p><img decoding=\"async\" loading=\"lazy\" class=\"alignnone size-medium wp-image-528527\" src=\"https:\/\/img.svnews.ro\/foto\/2026\/04\/10\/528518\/f6bffa602b2f9ca5af6d23b8006500344.jpg\" alt width=\"650\" height=\"344\"><\/p>\n<p><img decoding=\"async\" loading=\"lazy\" class=\"alignnone size-medium wp-image-528528\" src=\"https:\/\/img.svnews.ro\/foto\/2026\/04\/10\/528518\/d4131e255bbd92985c3ecd2c306500390.jpg\" alt width=\"650\" height=\"390\"><\/p>\n<p><img decoding=\"async\" loading=\"lazy\" class=\"alignnone size-medium wp-image-528529\" src=\"https:\/\/img.svnews.ro\/foto\/2026\/04\/10\/528518\/ea75d57e837a1aecaa79e006b06500767.jpg\" alt width=\"650\" height=\"767\"><\/p>\n<p><img decoding=\"async\" loading=\"lazy\" class=\"alignnone size-medium wp-image-528530\" src=\"https:\/\/img.svnews.ro\/foto\/2026\/04\/10\/528518\/43e5d39e0ea90eb909e71f0fd06500309.jpg\" alt width=\"650\" height=\"309\"><\/p>\n<p><img decoding=\"async\" loading=\"lazy\" class=\"alignnone size-medium wp-image-528531\" src=\"https:\/\/img.svnews.ro\/foto\/2026\/04\/10\/528518\/4b40c58224d74419cf1ae58d106500549.jpg\" alt width=\"650\" height=\"549\"><\/p>\n<p><img decoding=\"async\" loading=\"lazy\" class=\"alignnone size-medium wp-image-528532\" src=\"https:\/\/img.svnews.ro\/foto\/2026\/04\/10\/528518\/1f15c82aae35a7bf54d059fc706500556.jpg\" alt width=\"650\" height=\"556\"><\/p>\n<p><img decoding=\"async\" loading=\"lazy\" class=\"alignnone size-medium wp-image-528533\" src=\"https:\/\/img.svnews.ro\/foto\/2026\/04\/10\/528518\/d0e1fbe8df4f4169a8f82c03906500355.jpg\" alt width=\"650\" height=\"355\"><\/p>\n<p><img decoding=\"async\" loading=\"lazy\" class=\"alignnone size-medium wp-image-528534\" src=\"https:\/\/img.svnews.ro\/foto\/2026\/04\/10\/528518\/fbe04191d8182d2389a78ba0406500312.jpg\" alt width=\"650\" height=\"312\"><\/p>\n<p><img decoding=\"async\" loading=\"lazy\" class=\"alignnone size-medium wp-image-528535\" src=\"https:\/\/img.svnews.ro\/foto\/2026\/04\/10\/528518\/d7d5de38abd93fc978c8a4d1d06500382.jpg\" alt width=\"650\" height=\"382\"><\/p>\n<p><img decoding=\"async\" loading=\"lazy\" class=\"alignnone size-medium wp-image-528536\" src=\"https:\/\/img.svnews.ro\/foto\/2026\/04\/10\/528518\/aa3c16032e6677abdd53324ac06500404.jpg\" alt width=\"650\" height=\"404\"><\/p>\n<p><img decoding=\"async\" loading=\"lazy\" class=\"alignnone size-medium wp-image-528537\" src=\"https:\/\/img.svnews.ro\/foto\/2026\/04\/10\/528518\/74b10db09ca01225bd244cb1706500433.jpg\" alt width=\"650\" height=\"433\"><\/p>\n<p><img decoding=\"async\" loading=\"lazy\" class=\"alignnone size-medium wp-image-528538\" src=\"https:\/\/img.svnews.ro\/foto\/2026\/04\/10\/528518\/d6785c1e12eb287da2b2cb70106500459.jpg\" alt width=\"650\" height=\"459\"><\/p>\n<p><img decoding=\"async\" loading=\"lazy\" class=\"alignnone size-medium wp-image-528539\" src=\"https:\/\/img.svnews.ro\/foto\/2026\/04\/10\/528518\/3354ac1a6e6f6bcc7bd657a7606500389.jpg\" alt width=\"650\" height=\"389\"><\/p>\n<p><img decoding=\"async\" loading=\"lazy\" class=\"alignnone size-medium wp-image-528540\" src=\"https:\/\/img.svnews.ro\/foto\/2026\/04\/10\/528518\/6645435ca572d576ca756c36206500337.jpg\" alt width=\"650\" height=\"337\"><\/p>\n<p><img decoding=\"async\" loading=\"lazy\" class=\"alignnone size-medium wp-image-528541\" src=\"https:\/\/img.svnews.ro\/foto\/2026\/04\/10\/528518\/185d97d2b11bd858fb8da7cae06500502.jpg\" alt width=\"650\" height=\"502\"><\/p>\n<p><img decoding=\"async\" loading=\"lazy\" class=\"alignnone size-medium wp-image-528542\" src=\"https:\/\/img.svnews.ro\/foto\/2026\/04\/10\/528518\/af726c3d6a32580fc8ec1be9406500480.jpg\" alt width=\"650\" height=\"480\"><\/p>\n<p><img decoding=\"async\" loading=\"lazy\" class=\"alignnone size-medium wp-image-528543\" src=\"https:\/\/img.svnews.ro\/foto\/2026\/04\/10\/528518\/f7f9c87b350f58ed7af14a13106500435.jpg\" alt width=\"650\" height=\"435\"><\/p>\n<\/div>\n<p>[analyse_source url=&#8221;https:\/\/www.svnews.ro\/cadouri-de-paste-pentru-copiii-din-centrele-de-servicii-sociale-de-la-falticeni-si-gura-humorului-in-cadrul-actiunii-sarbatoarea-invierii-domnului-isus-hristos-aduce-mangaiere-foto\/528518\/&#8221;]<\/p>\n","protected":false},"excerpt":{"rendered":"<p>[analyse_image type=&#8221;featured&#8221; src=&#8221;https:\/\/img.svnews.ro\/foto\/2026\/04\/10\/528518\/aa3c16032e6677abdd53324ac-scaled.jpg&#8221;] Asocia\u021bia de ajutorare a copiilor \u0219i tinerilor dota\u021bi, talenta\u021bi \u0219i din sistemul de protec\u021bie a copilului aflat \u00een dificultate \u201dEUROACTIV\u201d Suceava, conducerea Colegiului Tehnic \u201dSamuil Isopescu\u201d Suceava, conducerea \u0218colii Gimnaziale nr.1 Suceava, au organizat Ac\u021biunea \u201dS\u0103rb\u0103toarea \u00cenvierii Domnului Isus Hristos aduce m\u00e2ng\u00e2iere\u201d \u00een Joia Mare a S\u0103pt\u0103m\u00e2nii Patimilor, \u00een data de 9.04.2026. [&hellip;]<\/p>\n","protected":false},"author":1,"featured_media":0,"comment_status":"open","ping_status":"","sticky":false,"template":"","format":"standard","meta":{"footnotes":""},"categories":[89],"tags":[226,175],"class_list":["post-1878855","post","type-post","status-publish","format-standard","hentry","category-romania","tag-crawlmanager","tag-svnews-ro"],"_links":{"self":[{"href":"https:\/\/analyse.optim.biz\/index.php?rest_route=\/wp\/v2\/posts\/1878855","targetHints":{"allow":["GET"]}}],"collection":[{"href":"https:\/\/analyse.optim.biz\/index.php?rest_route=\/wp\/v2\/posts"}],"about":[{"href":"https:\/\/analyse.optim.biz\/index.php?rest_route=\/wp\/v2\/types\/post"}],"author":[{"embeddable":true,"href":"https:\/\/analyse.optim.biz\/index.php?rest_route=\/wp\/v2\/users\/1"}],"replies":[{"embeddable":true,"href":"https:\/\/analyse.optim.biz\/index.php?rest_route=%2Fwp%2Fv2%2Fcomments&post=1878855"}],"version-history":[{"count":0,"href":"https:\/\/analyse.optim.biz\/index.php?rest_route=\/wp\/v2\/posts\/1878855\/revisions"}],"wp:attachment":[{"href":"https:\/\/analyse.optim.biz\/index.php?rest_route=%2Fwp%2Fv2%2Fmedia&parent=1878855"}],"wp:term":[{"taxonomy":"category","embeddable":true,"href":"https:\/\/analyse.optim.biz\/index.php?rest_route=%2Fwp%2Fv2%2Fcategories&post=1878855"},{"taxonomy":"post_tag","embeddable":true,"href":"https:\/\/analyse.optim.biz\/index.php?rest_route=%2Fwp%2Fv2%2Ftags&post=1878855"}],"curies":[{"name":"wp","href":"https:\/\/api.w.org\/{rel}","templated":true}]}}