{"id":1878854,"date":"2026-04-09T12:42:02","date_gmt":"2026-04-09T09:42:02","guid":{"rendered":"https:\/\/analyse.optim.biz\/?p=1878854"},"modified":"2026-04-09T12:42:02","modified_gmt":"2026-04-09T09:42:02","slug":"de-paste-900-de-varstnici-singuri-primesc-mai-mult-decat-ajutor-material-prezenta-umana-ascultare-si-speranta-singuratatea-doare-impreuna-o-putem-vindeca","status":"publish","type":"post","link":"https:\/\/analyse.optim.biz\/?p=1878854","title":{"rendered":"De Pa\u0219te, 900 de v\u00e2rstnici singuri primesc mai mult dec\u00e2t ajutor material: prezen\u021b\u0103 uman\u0103, ascultare \u0219i speran\u021b\u0103 Singur\u0103tatea doare. \u00cempreun\u0103 o putem vindeca!"},"content":{"rendered":"<p>[analyse_image type=&#8221;featured&#8221; src=&#8221;https:\/\/img.svnews.ro\/foto\/2026\/04\/09\/528455\/ce5bc72074b9421f220cd55a1.jpeg&#8221;]<\/p>\n<div class=\"entry\"><img loading=\"lazy\" decoding=\"async\" width=\"650\" height=\"325\" src=\"https:\/\/img.svnews.ro\/foto\/2026\/04\/09\/528455\/ce5bc72074b9421f220cd55a106500325.jpeg\" alt><\/p>\n<div class=\"entry_content\">\n<p>lini\u0219te \u0219i bucuria de a fi \u00eempreun\u0103. Pentru mii de v\u00e2rstnici singuri, \u00eens\u0103, s\u0103rb\u0103torile scot \u0219i mai dureros la lumin\u0103 lipsurile, t\u0103cerea din cas\u0103 \u0219i sentimentul c\u0103 au fost uita\u021bi.<\/p>\n<p>\u00cen aceast\u0103 perioad\u0103, <strong>Funda\u021bia Regal\u0103 Margareta a Rom\u00e2niei<\/strong> este al\u0103turi de seniorii vulnerabili din Bucure\u0219ti \u0219i din \u021bar\u0103, prin programe care aduc nu doar sprijin material, ci \u0219i ceea ce lipse\u0219te adesea cel mai mult: <strong>prezen\u021b\u0103 uman\u0103, ascultare, grij\u0103 \u0219i speran\u021b\u0103<\/strong>.<\/p>\n<p><strong>Aproape 900 de v\u00e2rstnici<\/strong> primesc, \u00een preajma s\u0103rb\u0103torilor pascale, pachete cu alimente \u0219i produse igienico-sanitare, tichete sociale, vizite la domiciliu, mese festive \u0219i particip\u0103 la activit\u0103\u021bi intergenera\u021bionale de socializare. Pentru mul\u021bi dintre ei, aceste gesturi \u00eenseamn\u0103 mai mult dec\u00e2t un ajutor concret: \u00eenseamn\u0103 dovada c\u0103 nu sunt singuri.<\/p>\n<p>De <strong>36 de ani<\/strong>, Funda\u021bia Regal\u0103 Margareta a Rom\u00e2niei construie\u0219te programe dedicate persoanelor v\u00e2rstnice aflate \u00een situa\u021bii dificile de via\u021b\u0103, mobiliz\u00e2nd voluntari, companii, organiza\u021bii partenere \u0219i comunit\u0103\u021bi locale. \u00cen fiecare an, iar mai ales \u00een momentele sensibile ale calendarului, aceast\u0103 solidaritate cap\u0103t\u0103 form\u0103 prin interven\u021bii care r\u0103spund at\u00e2t nevoilor de zi cu zi, c\u00e2t \u0219i nevoii profunde de apartenen\u021b\u0103.<\/p>\n<p><strong>\u00cen Bucure\u0219ti, peste 150 de seniori primesc sprijin \u0219i momente de a fi \u00eempreun\u0103<\/strong><\/p>\n<p>\u00cen Capital\u0103, Funda\u021bia organizeaz\u0103 o serie de ac\u021biuni dedicate seniorilor care tr\u0103iesc \u00een singur\u0103tate sau \u00een condi\u021bii dificile:<\/p>\n<p><strong>Ajutor material concret pentru 100 de seniori vulnerabili<\/strong><\/p>\n<p>Miercuri, 8 aprilie, <strong>30 de voluntari<\/strong> \u2013 studen\u021bi \u0219i membri ai echipelor unor companii partenere \u2013 au preg\u0103tit \u00a0\u0219i livrat personal <strong>100 de pachete cu alimente \u0219i produse igienico-sanitare<\/strong> v\u00e2rstnicilor din Bucure\u0219ti, beneficiari ai programului <strong>Fondul pentru V\u00e2rstnici<\/strong>.<\/p>\n<p><strong>Mas\u0103 de Pa\u0219te pentru seniorii care \u0219i-au reg\u0103sit vocea prin Telefonul V\u00e2rstnicului<\/strong><\/p>\n<p>Mar\u021bi, 7 aprilie, la <strong>Hanu\u2019 Berarilor \u2013 Casa Oprea Soare<\/strong>, <strong>30 de seniori,<\/strong> care au g\u0103sit sprijin emo\u021bional prin <strong>Telefonul V\u00e2rstnicului,<\/strong> s-au \u00eent\u00e2lnit la o mas\u0103 de s\u0103rb\u0103toare. A fost mai mult dec\u00e2t un pr\u00e2nz festiv: a fost o \u00eent\u00e2lnire cu pove\u0219ti de via\u021b\u0103, emo\u021bie, recuno\u0219tin\u021b\u0103 \u0219i sentimentul reconect\u0103rii.<\/p>\n<p><strong>\u00cent\u00e2lniri intergenera\u021bionale la Centrul Genera\u021bii<\/strong><\/p>\n<p>Pe 3 \u0219i 6 aprilie, la <strong>Centrul Genera\u021bii din Sectorul 6<\/strong>, copii \u0219i seniori voluntari, al\u0103turi de v\u00e2rstnici sprijini\u021bi prin programele <strong>Telefonul V\u00e2rstnicului<\/strong> \u0219i <strong>Fondul pentru V\u00e2rstnici<\/strong>, au petrecut timp \u00eempreun\u0103 \u00eentr-o comunitate cald\u0103: au povestit, au creat decora\u021biuni pascale \u0219i au retr\u0103it bucuria s\u0103rb\u0103torilor ca odinioar\u0103.<\/p>\n<p><strong>Florii celebrate prin muzic\u0103 \u0219i sensibilitate la Centrul reziden\u021bial Sf. Ana din Bucure\u0219ti<\/strong><\/p>\n<p>Pe 5 aprilie, spiritul s\u0103rb\u0103torii Floriilor a ajuns \u0219i \u00eentr-un centru reziden\u021bial pentru seniori din Sectorul 3, printr-un recital de muzic\u0103 clasic\u0103 sus\u021binut de bursierii programului <strong>Tinere Talente<\/strong>. Este un gest artistic \u0219i profund uman, care aduce frumuse\u021be, emo\u021bie \u0219i apropiere.<\/p>\n<p><strong>\u00cen \u021bar\u0103, al\u021bi 600 de seniori sunt sprijini\u021bi prin organiza\u021bii locale finan\u021bate de Funda\u021bie<\/strong><\/p>\n<p>La nivel local, <strong>600 de persoane v\u00e2rstnice<\/strong> primesc ajutor material la domiciliu sau particip\u0103 la activit\u0103\u021bi de socializare organizate de <strong>5 ONG-uri<\/strong> sus\u021binute prin granturi oferite de Funda\u021bia Regal\u0103 Margareta a Rom\u00e2niei, \u00een cadrul programului <strong>Fondul pentru V\u00e2rstnici<\/strong>, \u00een localit\u0103\u021bile <strong>M\u0103r\u0103\u0219e\u0219ti (jud. Vrancea), Baia Mare (jud. Maramure\u0219), T\u00e2rgu Mure\u0219 \u0219i Reghin (jud. Mure\u0219), respectiv Sibiu (jud. Sibiu)<\/strong>.<\/p>\n<p>Spre exemplu, la <strong>Baia Mare<\/strong>, <strong>Asocia\u021bia CASPEV<\/strong> organizeaz\u0103 un program comunitar care aduce \u00eempreun\u0103 copii, seniori \u0219i familii \u00een jurul tradi\u021biilor pascale \u0219i al grijii fa\u021b\u0103 de cei vulnerabili. Ateliere precum <strong>Povestea oului de Pa\u0219te<\/strong>, vopsitul ou\u0103lor prin metode tradi\u021bionale sau preg\u0103tirea desertului <strong>\u201epancovele\u201d<\/strong>, al\u0103turi de spectacolul coral <strong>\u201ePentru Tine, Doamne!\u201d<\/strong>, sunt completate de distribuirea de pachete alimentare \u0219i produse igienico-sanitare pentru v\u00e2rstnici cu venituri mici.<\/p>\n<p>La <strong>Sibiu<\/strong>, <strong>Centrul Bucuriei<\/strong>, prin proiectul <strong>Sibiu Intergenera\u021bional<\/strong>, preg\u0103te\u0219te activit\u0103\u021bi care aduc \u00eempreun\u0103 genera\u021biile \u0219i valorizeaz\u0103 tradi\u021biile transmise din familie \u00een familie. Programul include un <strong>T\u00e2rg de Pa\u0219te<\/strong> cu produse realizate manual de copii \u0219i seniori, precum \u0219i activitatea <strong>\u201eGenera\u021bii \u00een dialog\u201d<\/strong>, dedicat\u0103 pove\u0219tilor, amintirilor \u0219i semnifica\u021biilor pascale. Ini\u021biativa este completat\u0103 de vizite la domiciliu \u0219i distribuirea de pachete pentru seniorii vulnerabili.<\/p>\n<p><strong>Seniorii care d\u0103ruiesc mai departe sunt, la r\u00e2ndul lor, r\u0103spl\u0103ti\u021bi<\/strong><\/p>\n<p><strong>120 de seniori voluntari<\/strong> implica\u021bi \u00een centrele intergenera\u021bionale din jude\u021bele <strong>Alba (loc. Cenade \u0219i Biia), Arad, Bistri\u021ba-N\u0103s\u0103ud (loc. Bistri\u021ba), Mure\u0219 (loc. T\u00e2rgu Mure\u0219, Reghin, Sighi\u0219oara, T\u00e2rn\u0103veni, Ormeni\u0219), Satu Mare \u0219i Bucure\u0219ti<\/strong> primesc, \u00een semn de recuno\u0219tin\u021b\u0103, bun\u0103t\u0103\u021bi de sezon. Ace\u0219ti v\u00e2rstnici ofer\u0103, pe tot parcursul anului, timp, aten\u021bie \u0219i afec\u021biune copiilor din comunitate. De Pa\u0219te, gestul se \u00eentoarce c\u0103tre ei.<\/p>\n<p>Totodat\u0103, <strong>40 de v\u00e2rstnici<\/strong> din \u021bar\u0103, afla\u021bi \u00een situa\u021bii care le pun \u00een dificultate traiul de zi cu zi, primesc <strong>tichete sociale <\/strong>pentru sus\u021binerea co\u0219ului de Pa\u0219te, prin programul <strong>Fondul pentru V\u00e2rstnici<\/strong><strong>.<\/strong><\/p>\n<p><strong>Solidaritatea ajunge \u0219i la copii<\/strong><\/p>\n<p>\u00cen aceast\u0103 perioad\u0103, \u0219i copiii din <strong>Centrele Genera\u021bii<\/strong> au primit vizita Iepura\u0219ului, datorit\u0103 generozit\u0103\u021bii partenerilor Funda\u021biei: <strong>385 de copii<\/strong> au primit pachete cu alimente pentru Pa\u0219te, iar <strong>45 de copii<\/strong> din localitatea T\u00e2rn\u0103veni se bucur\u0103 de \u00eenc\u0103l\u021b\u0103minte sport nou\u0103.<\/p>\n<p><strong>V\u00e2rstnicii \u00een situa\u021bii vulnerabile au nevoie de sprijinul comunit\u0103\u021bii <\/strong><\/p>\n<p>Ace\u0219tia pot apela oric\u00e2nd la <strong>Telefonul V\u00e2rstnicului<\/strong>, la num\u0103rul <strong>0800 460 001<\/strong>, pentru a afla informa\u021bii de care au nevoie, a primi consiliere social\u0103 \u0219i suport emo\u021bional. Aceast\u0103 linie telefonic\u0103 na\u021bional\u0103, gratuit\u0103 \u0219i confiden\u021bial\u0103, le ofer\u0103 v\u00e2rstnicilor un prieten \u0219i un ghid \u00een momente de nevoie.<\/p>\n<p><strong>Persoanele sau companiile care doresc s\u0103 se implice \u00een sus\u021binerea seniorilor o pot face prin: <\/strong><\/p>\n<ul>\n<li><strong><u>SMS cu textul SINGUR la 8844<\/u><\/strong> cu dona\u021bie lunar\u0103 de 2 Euro<\/li>\n<li><a href=\"https:\/\/www.frmr.ro\/campania-35\/\"><strong>Formularul 230<\/strong><\/a> pentru redirec\u021bionarea a 3,5% din impozit pe salariu, p\u00e2n\u0103 la 25 mai \u2013 <a href=\"https:\/\/www.frmr.ro\/campania-35\/\">https:\/\/www.frmr.ro\/campania-35\/<\/a><\/li>\n<li><strong><u>Declara\u021bia 177<\/u><\/strong><strong> pentru redirec\u021bionare impozitului din 2025, <\/strong>prin depunerea acesteia p\u00e2n\u0103 la 25 iunie \u2013 <a href=\"http:\/\/www.sponsorizez.ro\">sponsorizez.ro<\/a><\/li>\n<li><a href=\"https:\/\/www.frmr.ro\/sponsorizez-20\/\"><strong>Sponsorizare<\/strong><\/a><strong> cu 20% din<\/strong><strong>impozitul pe profitul anului curent <\/strong>\u2013 <a href=\"http:\/\/www.sponsorizez.ro\">sponsorizez.ro<\/a><\/li>\n<\/ul>\n<p><strong>O misiune care continu\u0103 datorit\u0103 solidarit\u0103\u021bii de curs\u0103 lung\u0103<\/strong><\/p>\n<p>\u00cen spatele fiec\u0103rui pachet livrat, al fiec\u0103rui apel ascultat \u0219i al fiec\u0103rei vizite se afl\u0103 o re\u021bea de solidaritate construit\u0103 \u00een timp: sponsori, companii, donatori, voluntari \u0219i organiza\u021bii partenere care aleg s\u0103 sus\u021bin\u0103, pe termen lung, demnitatea \u0219i binele seniorilor din Rom\u00e2nia.<\/p>\n<ul>\n<li><strong>Sponsorii programelor sociale pentru v\u00e2rstnici<\/strong>:\u00a0Procter&amp;Gamble, Euronet Services, Yardi Rom\u00e2nia, Synevo Rom\u00e2nia, SCJ Romania, Compania Na\u021bional\u0103 Loteria Rom\u00e2n\u0103, JMC KIA, Novaintermed, Gino Rossi Production, Kaeser Kompressoren, AECOM Rom\u00e2nia, AgroConcept Impex<\/li>\n<li><strong>Dona\u021bii colectate prin campanii adresate clien\u021bilor sau angaja\u021bilor:<\/strong>\u00a0Funda\u021bia City Grill, Revolut, Hochland Rom\u00e2nia<\/li>\n<li><strong>Sponsoriz\u0103ri \u00een produse:<\/strong>\u00a0Hochland Rom\u00e2nia, Toneli Holding, L\u0103pt\u0103ria cu Caimac, Boromir, Mega Image, Albalact<\/li>\n<li><strong>Voluntarii implica\u021bi din companii:<\/strong>\u00a0Adobe Rom\u00e2nia<\/li>\n<\/ul>\n<p><strong>Cu sprijin media:<\/strong> TVR, Radio Rom\u00e2nia, Radio Rom\u00e2nia Actualit\u0103\u021bi, Radio Rom\u00e2nia Antena Satelor, Radio Rom\u00e2nia Regional, Radio Trinitas, AGERPRES, Forbes Rom\u00e2nia, ziarul cotidian diplomatic Nine O\u2019Clock, Ziarul News, Zenith Media, New Age Media \u2013 regia de media a cinematografelor\u00a0Cinema\u00a0City, mediaTRUST Rom\u00e2nia<\/p>\n<p><strong>Funda\u021bia Regal\u0103 Margareta a Rom\u00e2niei mul\u021bume\u0219te sus\u021bin\u0103torilor <\/strong>\u0219i transmite tuturor <strong>Pa\u0219te binecuv\u00e2ntat!<\/strong><\/p>\n<p><strong>Despre Funda\u021bia Regal\u0103 Margareta a Rom\u00e2niei<\/strong><\/p>\n<p>\u00cenfiin\u021bat\u0103 \u00een 1990 de c\u0103tre Majestatea Sa Margareta Custodele Coroanei rom\u00e2ne, \u00eempreun\u0103 cu tat\u0103l s\u0103u, Regele Mihai, Funda\u021bia Regal\u0103 Margareta a Rom\u00e2niei este una dintre pu\u021binele organiza\u021bii non-guvernamentale care deruleaz\u0103 programe dedicate seniorilor din Rom\u00e2nia. De-a lungul celor 36 de ani de activitate, cu implicarea voluntarilor \u0219i mobilizarea partenerilor institu\u021bionali \u0219i a \u00eentregii comunit\u0103\u021bi, Funda\u021bia a creat diverse solu\u021bii menite s\u0103 \u00eembun\u0103t\u0103\u021beasc\u0103 vie\u021bile acestora, s\u0103 aline singur\u0103tatea, s\u0103 previn\u0103 izolarea social\u0103, ori s\u0103 creeze oportunit\u0103\u021bi pentru o via\u021b\u0103 activ\u0103. Programele Funda\u021biei, precum Fondul pentru V\u00e2rstnici, Centrele Genera\u021bii, Telefonul V\u00e2rstnicului, Conect\u0103m Genera\u021bii \u00een Lumea Digital\u0103 \u0219i Conferin\u021ba Bune Practici pentru o B\u0103tr\u00e2ne\u021be Frumoas\u0103, redau demnitatea \u0219i speran\u021ba la v\u00e2rsta a III-a. Mai multe detalii pe <a href=\"http:\/\/www.frmr.ro\">www.frmr.ro<\/a>.<\/p>\n<p><img loading=\"lazy\" decoding=\"async\" class=\"alignnone size-medium wp-image-528456\" src=\"https:\/\/img.svnews.ro\/foto\/2026\/04\/09\/528455\/4f1d8f99b027b8f76c9f7e2d006500867.jpg\" alt width=\"650\" height=\"867\"><\/p>\n<p><img loading=\"lazy\" decoding=\"async\" class=\"alignnone size-medium wp-image-528457\" src=\"https:\/\/img.svnews.ro\/foto\/2026\/04\/09\/528455\/eff5820215434db31b384f4e006500488.jpeg\" alt width=\"650\" height=\"488\"><\/p>\n<p><img decoding=\"async\" loading=\"lazy\" class=\"alignnone size-medium wp-image-528458\" src=\"https:\/\/img.svnews.ro\/foto\/2026\/04\/09\/528455\/6637bfc664feb93b65bc5015d06500867.jpeg\" alt width=\"650\" height=\"867\"><\/p>\n<p><img decoding=\"async\" loading=\"lazy\" class=\"alignnone size-medium wp-image-528459\" src=\"https:\/\/img.svnews.ro\/foto\/2026\/04\/09\/528455\/bde639d9df9949251cf87f50006500488.jpeg\" alt width=\"650\" height=\"488\"><\/p>\n<p><img decoding=\"async\" loading=\"lazy\" class=\"alignnone size-medium wp-image-528460\" src=\"https:\/\/img.svnews.ro\/foto\/2026\/04\/09\/528455\/9a55e41472b41f1eb203237dc06500488.jpeg\" alt width=\"650\" height=\"488\"><\/p>\n<p><img decoding=\"async\" loading=\"lazy\" class=\"alignnone size-medium wp-image-528461\" src=\"https:\/\/img.svnews.ro\/foto\/2026\/04\/09\/528455\/bc90a0e55e8a0ed087cf958fc06500867.jpeg\" alt width=\"650\" height=\"867\"><\/p>\n<\/div>\n<div>\n<div>VN:F [1.9.22_1171]<\/div>\n<div class=\"ratingblock \">\n<div class=\"ratingstars \">\n<div id=\"article_loader_528455\" class=\"ratingloaderarticle\">\n<div class=\"loader arrows \">\n<div class=\"loaderinner\">se actualizeaz\u0103&#8230;<\/div>\n<\/div>\n<\/div>\n<\/div>\n<div class=\"ratingtext \">\n<div id=\"gdr_text_a528455\">Rating: 0.0\/<strong>10<\/strong> (0 votes cast)<\/div>\n<\/div>\n<\/div>\n<\/div>\n<\/div>\n<div class=\"entry_content\">\n<p>lini\u0219te \u0219i bucuria de a fi \u00eempreun\u0103. Pentru mii de v\u00e2rstnici singuri, \u00eens\u0103, s\u0103rb\u0103torile scot \u0219i mai dureros la lumin\u0103 lipsurile, t\u0103cerea din cas\u0103 \u0219i sentimentul c\u0103 au fost uita\u021bi.<\/p>\n<p>\u00cen aceast\u0103 perioad\u0103, <strong>Funda\u021bia Regal\u0103 Margareta a Rom\u00e2niei<\/strong> este al\u0103turi de seniorii vulnerabili din Bucure\u0219ti \u0219i din \u021bar\u0103, prin programe care aduc nu doar sprijin material, ci \u0219i ceea ce lipse\u0219te adesea cel mai mult: <strong>prezen\u021b\u0103 uman\u0103, ascultare, grij\u0103 \u0219i speran\u021b\u0103<\/strong>.<\/p>\n<p><strong>Aproape 900 de v\u00e2rstnici<\/strong> primesc, \u00een preajma s\u0103rb\u0103torilor pascale, pachete cu alimente \u0219i produse igienico-sanitare, tichete sociale, vizite la domiciliu, mese festive \u0219i particip\u0103 la activit\u0103\u021bi intergenera\u021bionale de socializare. Pentru mul\u021bi dintre ei, aceste gesturi \u00eenseamn\u0103 mai mult dec\u00e2t un ajutor concret: \u00eenseamn\u0103 dovada c\u0103 nu sunt singuri.<\/p>\n<p>De <strong>36 de ani<\/strong>, Funda\u021bia Regal\u0103 Margareta a Rom\u00e2niei construie\u0219te programe dedicate persoanelor v\u00e2rstnice aflate \u00een situa\u021bii dificile de via\u021b\u0103, mobiliz\u00e2nd voluntari, companii, organiza\u021bii partenere \u0219i comunit\u0103\u021bi locale. \u00cen fiecare an, iar mai ales \u00een momentele sensibile ale calendarului, aceast\u0103 solidaritate cap\u0103t\u0103 form\u0103 prin interven\u021bii care r\u0103spund at\u00e2t nevoilor de zi cu zi, c\u00e2t \u0219i nevoii profunde de apartenen\u021b\u0103.<\/p>\n<p><strong>\u00cen Bucure\u0219ti, peste 150 de seniori primesc sprijin \u0219i momente de a fi \u00eempreun\u0103<\/strong><\/p>\n<p>\u00cen Capital\u0103, Funda\u021bia organizeaz\u0103 o serie de ac\u021biuni dedicate seniorilor care tr\u0103iesc \u00een singur\u0103tate sau \u00een condi\u021bii dificile:<\/p>\n<p><strong>Ajutor material concret pentru 100 de seniori vulnerabili<\/strong><\/p>\n<p>Miercuri, 8 aprilie, <strong>30 de voluntari<\/strong> \u2013 studen\u021bi \u0219i membri ai echipelor unor companii partenere \u2013 au preg\u0103tit \u00a0\u0219i livrat personal <strong>100 de pachete cu alimente \u0219i produse igienico-sanitare<\/strong> v\u00e2rstnicilor din Bucure\u0219ti, beneficiari ai programului <strong>Fondul pentru V\u00e2rstnici<\/strong>.<\/p>\n<p><strong>Mas\u0103 de Pa\u0219te pentru seniorii care \u0219i-au reg\u0103sit vocea prin Telefonul V\u00e2rstnicului<\/strong><\/p>\n<p>Mar\u021bi, 7 aprilie, la <strong>Hanu\u2019 Berarilor \u2013 Casa Oprea Soare<\/strong>, <strong>30 de seniori,<\/strong> care au g\u0103sit sprijin emo\u021bional prin <strong>Telefonul V\u00e2rstnicului,<\/strong> s-au \u00eent\u00e2lnit la o mas\u0103 de s\u0103rb\u0103toare. A fost mai mult dec\u00e2t un pr\u00e2nz festiv: a fost o \u00eent\u00e2lnire cu pove\u0219ti de via\u021b\u0103, emo\u021bie, recuno\u0219tin\u021b\u0103 \u0219i sentimentul reconect\u0103rii.<\/p>\n<p><strong>\u00cent\u00e2lniri intergenera\u021bionale la Centrul Genera\u021bii<\/strong><\/p>\n<p>Pe 3 \u0219i 6 aprilie, la <strong>Centrul Genera\u021bii din Sectorul 6<\/strong>, copii \u0219i seniori voluntari, al\u0103turi de v\u00e2rstnici sprijini\u021bi prin programele <strong>Telefonul V\u00e2rstnicului<\/strong> \u0219i <strong>Fondul pentru V\u00e2rstnici<\/strong>, au petrecut timp \u00eempreun\u0103 \u00eentr-o comunitate cald\u0103: au povestit, au creat decora\u021biuni pascale \u0219i au retr\u0103it bucuria s\u0103rb\u0103torilor ca odinioar\u0103.<\/p>\n<p><strong>Florii celebrate prin muzic\u0103 \u0219i sensibilitate la Centrul reziden\u021bial Sf. Ana din Bucure\u0219ti<\/strong><\/p>\n<p>Pe 5 aprilie, spiritul s\u0103rb\u0103torii Floriilor a ajuns \u0219i \u00eentr-un centru reziden\u021bial pentru seniori din Sectorul 3, printr-un recital de muzic\u0103 clasic\u0103 sus\u021binut de bursierii programului <strong>Tinere Talente<\/strong>. Este un gest artistic \u0219i profund uman, care aduce frumuse\u021be, emo\u021bie \u0219i apropiere.<\/p>\n<p><strong>\u00cen \u021bar\u0103, al\u021bi 600 de seniori sunt sprijini\u021bi prin organiza\u021bii locale finan\u021bate de Funda\u021bie<\/strong><\/p>\n<p>La nivel local, <strong>600 de persoane v\u00e2rstnice<\/strong> primesc ajutor material la domiciliu sau particip\u0103 la activit\u0103\u021bi de socializare organizate de <strong>5 ONG-uri<\/strong> sus\u021binute prin granturi oferite de Funda\u021bia Regal\u0103 Margareta a Rom\u00e2niei, \u00een cadrul programului <strong>Fondul pentru V\u00e2rstnici<\/strong>, \u00een localit\u0103\u021bile <strong>M\u0103r\u0103\u0219e\u0219ti (jud. Vrancea), Baia Mare (jud. Maramure\u0219), T\u00e2rgu Mure\u0219 \u0219i Reghin (jud. Mure\u0219), respectiv Sibiu (jud. Sibiu)<\/strong>.<\/p>\n<p>Spre exemplu, la <strong>Baia Mare<\/strong>, <strong>Asocia\u021bia CASPEV<\/strong> organizeaz\u0103 un program comunitar care aduce \u00eempreun\u0103 copii, seniori \u0219i familii \u00een jurul tradi\u021biilor pascale \u0219i al grijii fa\u021b\u0103 de cei vulnerabili. Ateliere precum <strong>Povestea oului de Pa\u0219te<\/strong>, vopsitul ou\u0103lor prin metode tradi\u021bionale sau preg\u0103tirea desertului <strong>\u201epancovele\u201d<\/strong>, al\u0103turi de spectacolul coral <strong>\u201ePentru Tine, Doamne!\u201d<\/strong>, sunt completate de distribuirea de pachete alimentare \u0219i produse igienico-sanitare pentru v\u00e2rstnici cu venituri mici.<\/p>\n<p>La <strong>Sibiu<\/strong>, <strong>Centrul Bucuriei<\/strong>, prin proiectul <strong>Sibiu Intergenera\u021bional<\/strong>, preg\u0103te\u0219te activit\u0103\u021bi care aduc \u00eempreun\u0103 genera\u021biile \u0219i valorizeaz\u0103 tradi\u021biile transmise din familie \u00een familie. Programul include un <strong>T\u00e2rg de Pa\u0219te<\/strong> cu produse realizate manual de copii \u0219i seniori, precum \u0219i activitatea <strong>\u201eGenera\u021bii \u00een dialog\u201d<\/strong>, dedicat\u0103 pove\u0219tilor, amintirilor \u0219i semnifica\u021biilor pascale. Ini\u021biativa este completat\u0103 de vizite la domiciliu \u0219i distribuirea de pachete pentru seniorii vulnerabili.<\/p>\n<p><strong>Seniorii care d\u0103ruiesc mai departe sunt, la r\u00e2ndul lor, r\u0103spl\u0103ti\u021bi<\/strong><\/p>\n<p><strong>120 de seniori voluntari<\/strong> implica\u021bi \u00een centrele intergenera\u021bionale din jude\u021bele <strong>Alba (loc. Cenade \u0219i Biia), Arad, Bistri\u021ba-N\u0103s\u0103ud (loc. Bistri\u021ba), Mure\u0219 (loc. T\u00e2rgu Mure\u0219, Reghin, Sighi\u0219oara, T\u00e2rn\u0103veni, Ormeni\u0219), Satu Mare \u0219i Bucure\u0219ti<\/strong> primesc, \u00een semn de recuno\u0219tin\u021b\u0103, bun\u0103t\u0103\u021bi de sezon. Ace\u0219ti v\u00e2rstnici ofer\u0103, pe tot parcursul anului, timp, aten\u021bie \u0219i afec\u021biune copiilor din comunitate. De Pa\u0219te, gestul se \u00eentoarce c\u0103tre ei.<\/p>\n<p>Totodat\u0103, <strong>40 de v\u00e2rstnici<\/strong> din \u021bar\u0103, afla\u021bi \u00een situa\u021bii care le pun \u00een dificultate traiul de zi cu zi, primesc <strong>tichete sociale <\/strong>pentru sus\u021binerea co\u0219ului de Pa\u0219te, prin programul <strong>Fondul pentru V\u00e2rstnici<\/strong><strong>.<\/strong><\/p>\n<p><strong>Solidaritatea ajunge \u0219i la copii<\/strong><\/p>\n<p>\u00cen aceast\u0103 perioad\u0103, \u0219i copiii din <strong>Centrele Genera\u021bii<\/strong> au primit vizita Iepura\u0219ului, datorit\u0103 generozit\u0103\u021bii partenerilor Funda\u021biei: <strong>385 de copii<\/strong> au primit pachete cu alimente pentru Pa\u0219te, iar <strong>45 de copii<\/strong> din localitatea T\u00e2rn\u0103veni se bucur\u0103 de \u00eenc\u0103l\u021b\u0103minte sport nou\u0103.<\/p>\n<p><strong>V\u00e2rstnicii \u00een situa\u021bii vulnerabile au nevoie de sprijinul comunit\u0103\u021bii <\/strong><\/p>\n<p>Ace\u0219tia pot apela oric\u00e2nd la <strong>Telefonul V\u00e2rstnicului<\/strong>, la num\u0103rul <strong>0800 460 001<\/strong>, pentru a afla informa\u021bii de care au nevoie, a primi consiliere social\u0103 \u0219i suport emo\u021bional. Aceast\u0103 linie telefonic\u0103 na\u021bional\u0103, gratuit\u0103 \u0219i confiden\u021bial\u0103, le ofer\u0103 v\u00e2rstnicilor un prieten \u0219i un ghid \u00een momente de nevoie.<\/p>\n<p><strong>Persoanele sau companiile care doresc s\u0103 se implice \u00een sus\u021binerea seniorilor o pot face prin: <\/strong><\/p>\n<ul>\n<li><strong><u>SMS cu textul SINGUR la 8844<\/u><\/strong> cu dona\u021bie lunar\u0103 de 2 Euro<\/li>\n<li><a href=\"https:\/\/www.frmr.ro\/campania-35\/\"><strong>Formularul 230<\/strong><\/a> pentru redirec\u021bionarea a 3,5% din impozit pe salariu, p\u00e2n\u0103 la 25 mai \u2013 <a href=\"https:\/\/www.frmr.ro\/campania-35\/\">https:\/\/www.frmr.ro\/campania-35\/<\/a><\/li>\n<li><strong><u>Declara\u021bia 177<\/u><\/strong><strong> pentru redirec\u021bionare impozitului din 2025, <\/strong>prin depunerea acesteia p\u00e2n\u0103 la 25 iunie \u2013 <a href=\"http:\/\/www.sponsorizez.ro\">sponsorizez.ro<\/a><\/li>\n<li><a href=\"https:\/\/www.frmr.ro\/sponsorizez-20\/\"><strong>Sponsorizare<\/strong><\/a><strong> cu 20% din<\/strong><strong>impozitul pe profitul anului curent <\/strong>\u2013 <a href=\"http:\/\/www.sponsorizez.ro\">sponsorizez.ro<\/a><\/li>\n<\/ul>\n<p><strong>O misiune care continu\u0103 datorit\u0103 solidarit\u0103\u021bii de curs\u0103 lung\u0103<\/strong><\/p>\n<p>\u00cen spatele fiec\u0103rui pachet livrat, al fiec\u0103rui apel ascultat \u0219i al fiec\u0103rei vizite se afl\u0103 o re\u021bea de solidaritate construit\u0103 \u00een timp: sponsori, companii, donatori, voluntari \u0219i organiza\u021bii partenere care aleg s\u0103 sus\u021bin\u0103, pe termen lung, demnitatea \u0219i binele seniorilor din Rom\u00e2nia.<\/p>\n<ul>\n<li><strong>Sponsorii programelor sociale pentru v\u00e2rstnici<\/strong>:\u00a0Procter&amp;Gamble, Euronet Services, Yardi Rom\u00e2nia, Synevo Rom\u00e2nia, SCJ Romania, Compania Na\u021bional\u0103 Loteria Rom\u00e2n\u0103, JMC KIA, Novaintermed, Gino Rossi Production, Kaeser Kompressoren, AECOM Rom\u00e2nia, AgroConcept Impex<\/li>\n<li><strong>Dona\u021bii colectate prin campanii adresate clien\u021bilor sau angaja\u021bilor:<\/strong>\u00a0Funda\u021bia City Grill, Revolut, Hochland Rom\u00e2nia<\/li>\n<li><strong>Sponsoriz\u0103ri \u00een produse:<\/strong>\u00a0Hochland Rom\u00e2nia, Toneli Holding, L\u0103pt\u0103ria cu Caimac, Boromir, Mega Image, Albalact<\/li>\n<li><strong>Voluntarii implica\u021bi din companii:<\/strong>\u00a0Adobe Rom\u00e2nia<\/li>\n<\/ul>\n<p><strong>Cu sprijin media:<\/strong> TVR, Radio Rom\u00e2nia, Radio Rom\u00e2nia Actualit\u0103\u021bi, Radio Rom\u00e2nia Antena Satelor, Radio Rom\u00e2nia Regional, Radio Trinitas, AGERPRES, Forbes Rom\u00e2nia, ziarul cotidian diplomatic Nine O\u2019Clock, Ziarul News, Zenith Media, New Age Media \u2013 regia de media a cinematografelor\u00a0Cinema\u00a0City, mediaTRUST Rom\u00e2nia<\/p>\n<p><strong>Funda\u021bia Regal\u0103 Margareta a Rom\u00e2niei mul\u021bume\u0219te sus\u021bin\u0103torilor <\/strong>\u0219i transmite tuturor <strong>Pa\u0219te binecuv\u00e2ntat!<\/strong><\/p>\n<p><strong>Despre Funda\u021bia Regal\u0103 Margareta a Rom\u00e2niei<\/strong><\/p>\n<p>\u00cenfiin\u021bat\u0103 \u00een 1990 de c\u0103tre Majestatea Sa Margareta Custodele Coroanei rom\u00e2ne, \u00eempreun\u0103 cu tat\u0103l s\u0103u, Regele Mihai, Funda\u021bia Regal\u0103 Margareta a Rom\u00e2niei este una dintre pu\u021binele organiza\u021bii non-guvernamentale care deruleaz\u0103 programe dedicate seniorilor din Rom\u00e2nia. De-a lungul celor 36 de ani de activitate, cu implicarea voluntarilor \u0219i mobilizarea partenerilor institu\u021bionali \u0219i a \u00eentregii comunit\u0103\u021bi, Funda\u021bia a creat diverse solu\u021bii menite s\u0103 \u00eembun\u0103t\u0103\u021beasc\u0103 vie\u021bile acestora, s\u0103 aline singur\u0103tatea, s\u0103 previn\u0103 izolarea social\u0103, ori s\u0103 creeze oportunit\u0103\u021bi pentru o via\u021b\u0103 activ\u0103. Programele Funda\u021biei, precum Fondul pentru V\u00e2rstnici, Centrele Genera\u021bii, Telefonul V\u00e2rstnicului, Conect\u0103m Genera\u021bii \u00een Lumea Digital\u0103 \u0219i Conferin\u021ba Bune Practici pentru o B\u0103tr\u00e2ne\u021be Frumoas\u0103, redau demnitatea \u0219i speran\u021ba la v\u00e2rsta a III-a. Mai multe detalii pe <a href=\"http:\/\/www.frmr.ro\">www.frmr.ro<\/a>.<\/p>\n<p><img loading=\"lazy\" decoding=\"async\" class=\"alignnone size-medium wp-image-528456\" src=\"https:\/\/img.svnews.ro\/foto\/2026\/04\/09\/528455\/4f1d8f99b027b8f76c9f7e2d006500867.jpg\" alt width=\"650\" height=\"867\"><\/p>\n<p><img loading=\"lazy\" decoding=\"async\" class=\"alignnone size-medium wp-image-528457\" src=\"https:\/\/img.svnews.ro\/foto\/2026\/04\/09\/528455\/eff5820215434db31b384f4e006500488.jpeg\" alt width=\"650\" height=\"488\"><\/p>\n<p><img decoding=\"async\" loading=\"lazy\" class=\"alignnone size-medium wp-image-528458\" src=\"https:\/\/img.svnews.ro\/foto\/2026\/04\/09\/528455\/6637bfc664feb93b65bc5015d06500867.jpeg\" alt width=\"650\" height=\"867\"><\/p>\n<p><img decoding=\"async\" loading=\"lazy\" class=\"alignnone size-medium wp-image-528459\" src=\"https:\/\/img.svnews.ro\/foto\/2026\/04\/09\/528455\/bde639d9df9949251cf87f50006500488.jpeg\" alt width=\"650\" height=\"488\"><\/p>\n<p><img decoding=\"async\" loading=\"lazy\" class=\"alignnone size-medium wp-image-528460\" src=\"https:\/\/img.svnews.ro\/foto\/2026\/04\/09\/528455\/9a55e41472b41f1eb203237dc06500488.jpeg\" alt width=\"650\" height=\"488\"><\/p>\n<p><img decoding=\"async\" loading=\"lazy\" class=\"alignnone size-medium wp-image-528461\" src=\"https:\/\/img.svnews.ro\/foto\/2026\/04\/09\/528455\/bc90a0e55e8a0ed087cf958fc06500867.jpeg\" alt width=\"650\" height=\"867\"><\/p>\n<\/div>\n<p>[analyse_source url=&#8221;https:\/\/www.svnews.ro\/de-paste-900-de-varstnici-singuri-primesc-mai-mult-decat-ajutor-material-prezenta-umana-ascultare-si-speranta-singuratatea-doare-impreuna-o-putem-vindeca\/528455\/&#8221;]<\/p>\n","protected":false},"excerpt":{"rendered":"<p>[analyse_image type=&#8221;featured&#8221; src=&#8221;https:\/\/img.svnews.ro\/foto\/2026\/04\/09\/528455\/ce5bc72074b9421f220cd55a1.jpeg&#8221;] lini\u0219te \u0219i bucuria de a fi \u00eempreun\u0103. Pentru mii de v\u00e2rstnici singuri, \u00eens\u0103, s\u0103rb\u0103torile scot \u0219i mai dureros la lumin\u0103 lipsurile, t\u0103cerea din cas\u0103 \u0219i sentimentul c\u0103 au fost uita\u021bi. \u00cen aceast\u0103 perioad\u0103, Funda\u021bia Regal\u0103 Margareta a Rom\u00e2niei este al\u0103turi de seniorii vulnerabili din Bucure\u0219ti \u0219i din \u021bar\u0103, prin programe care aduc [&hellip;]<\/p>\n","protected":false},"author":1,"featured_media":0,"comment_status":"open","ping_status":"","sticky":false,"template":"","format":"standard","meta":{"footnotes":""},"categories":[89],"tags":[226,175],"class_list":["post-1878854","post","type-post","status-publish","format-standard","hentry","category-romania","tag-crawlmanager","tag-svnews-ro"],"_links":{"self":[{"href":"https:\/\/analyse.optim.biz\/index.php?rest_route=\/wp\/v2\/posts\/1878854","targetHints":{"allow":["GET"]}}],"collection":[{"href":"https:\/\/analyse.optim.biz\/index.php?rest_route=\/wp\/v2\/posts"}],"about":[{"href":"https:\/\/analyse.optim.biz\/index.php?rest_route=\/wp\/v2\/types\/post"}],"author":[{"embeddable":true,"href":"https:\/\/analyse.optim.biz\/index.php?rest_route=\/wp\/v2\/users\/1"}],"replies":[{"embeddable":true,"href":"https:\/\/analyse.optim.biz\/index.php?rest_route=%2Fwp%2Fv2%2Fcomments&post=1878854"}],"version-history":[{"count":0,"href":"https:\/\/analyse.optim.biz\/index.php?rest_route=\/wp\/v2\/posts\/1878854\/revisions"}],"wp:attachment":[{"href":"https:\/\/analyse.optim.biz\/index.php?rest_route=%2Fwp%2Fv2%2Fmedia&parent=1878854"}],"wp:term":[{"taxonomy":"category","embeddable":true,"href":"https:\/\/analyse.optim.biz\/index.php?rest_route=%2Fwp%2Fv2%2Fcategories&post=1878854"},{"taxonomy":"post_tag","embeddable":true,"href":"https:\/\/analyse.optim.biz\/index.php?rest_route=%2Fwp%2Fv2%2Ftags&post=1878854"}],"curies":[{"name":"wp","href":"https:\/\/api.w.org\/{rel}","templated":true}]}}