{"id":1878853,"date":"2026-04-09T12:38:54","date_gmt":"2026-04-09T09:38:54","guid":{"rendered":"https:\/\/analyse.optim.biz\/?p=1878853"},"modified":"2026-04-09T12:38:54","modified_gmt":"2026-04-09T09:38:54","slug":"peste-1-600-de-pachete-alimentare-oferite-familiilor-si-persoanelor-vulnerabile-in-urma-campaniei-declansate-de-asociatia-institutul-bucovina-foto","status":"publish","type":"post","link":"https:\/\/analyse.optim.biz\/?p=1878853","title":{"rendered":"Peste 1.600 de pachete alimentare oferite familiilor \u0219i persoanelor vulnerabile \u00een urma campaniei declan\u0219ate de Asocia\u021bia Institutul Bucovina (foto)"},"content":{"rendered":"<p>[analyse_image type=&#8221;featured&#8221; src=&#8221;https:\/\/img.svnews.ro\/foto\/2026\/04\/09\/528448\/91cfee47551dd8af7ea13174b.jpeg&#8221;]<\/p>\n<div class=\"entry\"><img loading=\"lazy\" decoding=\"async\" width=\"650\" height=\"325\" src=\"https:\/\/img.svnews.ro\/foto\/2026\/04\/09\/528448\/91cfee47551dd8af7ea13174b06500325.jpeg\" alt><\/p>\n<div class=\"entry_content\">\n<p>\u00cen urma campaniei Colecta Na\u021bional\u0103 de Alimente \u2013 edi\u021bia de Pa\u0219te 2026, desf\u0103\u0219urat\u0103 \u00eentre 20 \u0219i 22 martie, Asocia\u021bia Institutul Bucovina, partener oficial al B\u0103ncii Regionale pentru Alimente Roman, a coordonat la nivel local preg\u0103tirea \u0219i distribuirea kiturilor de alimente c\u0103tre persoane \u0219i familii aflate \u00een situa\u021bii vulnerabile. Activit\u0103\u021bile au fost realizate cu sprijinul voluntarilor implica\u021bi \u00een campanie, care au contribuit activ at\u00e2t la preg\u0103tirea pachetelor, c\u00e2t \u0219i la livrarea acestora c\u0103tre beneficiari.<\/p>\n<p>Alimentele donate \u00een magazinele partenere au fost sortate \u0219i transformate \u00een 1.619 kituri individuale, distribuite \u00een diverse localit\u0103\u021bi ale jude\u021bului Suceava \u2013 Siret, R\u0103d\u0103u\u021bi, Mili\u0219\u0103u\u021bi, Marginea, Sucevi\u021ba, Vicovu de Sus, municipiul Suceava, Mitoc, Berchi\u0219e\u0219ti, Mironu, c\u0103tunul T\u00eempoceni din Capu Codrului \u0219i satele din comuna Stulpicani. Kiturile au fost oferite familiilor incluse \u00een proiectele de reintegrare social\u0103 din jude\u021bul Boto\u0219ani, \u00een localit\u0103\u021bile R\u0103chi\u021bi, Hili\u0219eu Horia, Bl\u00e2nde\u0219ti, B\u0103lu\u0219eni, Corni, Tudora \u0219i Dumeni, precum \u0219i persoanelor cu afec\u021biuni psihice, refugia\u021bilor din Ucraina, v\u00e2rstnicilor care locuiesc singuri, familiilor cu resurse limitate \u0219i locatarilor C\u0103minelor pentru persoane v\u00e2rstnice din Solca \u0219i Dolhasca.<\/p>\n<p>\u00cen componen\u021ba kiturilor s-au reg\u0103sit alimente de baz\u0103, neperisabile, menite s\u0103 asigure suport alimentar: f\u0103in\u0103, m\u0103lai, orez sau fasole, ulei, conserve, paste f\u0103inoase \u0219i produse dulci, oferind un sprijin concret pentru perioada s\u0103rb\u0103torilor pascale \u0219i contribuind la cre\u0219terea siguran\u021bei alimentare a beneficiarilor.<\/p>\n<p>Distribuirea acestor pachete a reprezentat etapa final\u0103 a unei mobiliz\u0103ri comunitare ample, \u00een care dona\u021biile individuale, implicarea voluntarilor \u0219i colaborarea dintre organiza\u021bii au transformat gesturile de generozitate \u00een sprijin real \u0219i tangibil. Impactul asupra beneficiarilor a fost imediat \u0219i vizibil, iar solidaritatea comunit\u0103\u021bii s-a manifestat concret prin acest act de responsabilitate civic\u0103.<\/p>\n<p>Prin aceast\u0103 ini\u021biativ\u0103, Asocia\u021bia Institutul Bucovina \u00ee\u0219i reafirm\u0103 rolul de a consolida coeziunea social\u0103, de a promova implicarea civic\u0103 \u0219i de a demonstra c\u0103 gesturile individuale pot transforma s\u0103rb\u0103torile \u00eentr-un prilej de speran\u021b\u0103 \u0219i demnitate pentru persoanele vulnerabile.<\/p>\n<p>Pentru mai multe informa\u021bii:<\/p>\n<p>Asocia\u021bia Institutul pentru Parteneriat Social Bucovina, Strada Zamcei, nr. 17A, 720214, Suceava, Telefon: 0230524128, e-mail: campanie@bucovinainstitute.org, Facebook: <a href=\"https:\/\/www.facebook.com\/i.bucovina.\">https:\/\/www.facebook.com\/i.bucovina.<\/a><\/p>\n<p>Organizatori campaniei: Asocia\u021bia Institutul pentru Parteneriat Social Bucovina, Federa\u021bia B\u0103ncilor pentru Alimente din Rom\u00e2nia (FBAR), Banca pentru alimente Roman.<\/p>\n<p><img loading=\"lazy\" decoding=\"async\" class=\"alignnone size-medium wp-image-528449\" src=\"https:\/\/img.svnews.ro\/foto\/2026\/04\/09\/528448\/e50e8313d6c11fa3a327935d706500489.png\" alt width=\"650\" height=\"489\"><\/p>\n<p><img loading=\"lazy\" decoding=\"async\" class=\"alignnone size-medium wp-image-528450\" src=\"https:\/\/img.svnews.ro\/foto\/2026\/04\/09\/528448\/a0b7cd15892ca4d907ce05f6606500867.jpeg\" alt width=\"650\" height=\"867\"><\/p>\n<p><img decoding=\"async\" loading=\"lazy\" class=\"alignnone size-medium wp-image-528451\" src=\"https:\/\/img.svnews.ro\/foto\/2026\/04\/09\/528448\/d1335a9a1013c00564119866d06500867.jpeg\" alt width=\"650\" height=\"867\"><\/p>\n<p><img decoding=\"async\" loading=\"lazy\" class=\"alignnone size-medium wp-image-528452\" src=\"https:\/\/img.svnews.ro\/foto\/2026\/04\/09\/528448\/45a3f8050fbc2be35e770c37b06500867.jpeg\" alt width=\"650\" height=\"867\"><\/p>\n<p><img decoding=\"async\" loading=\"lazy\" class=\"alignnone size-medium wp-image-528453\" src=\"https:\/\/img.svnews.ro\/foto\/2026\/04\/09\/528448\/947585911f7e9c88171bebd2806500300.jpeg\" alt width=\"650\" height=\"300\"><\/p>\n<\/div>\n<div>\n<div>VN:F [1.9.22_1171]<\/div>\n<div class=\"ratingblock \">\n<div class=\"ratingstars \">\n<div id=\"article_loader_528448\" class=\"ratingloaderarticle\">\n<div class=\"loader arrows \">\n<div class=\"loaderinner\">se actualizeaz\u0103&#8230;<\/div>\n<\/div>\n<\/div>\n<\/div>\n<div class=\"ratingtext \">\n<div id=\"gdr_text_a528448\">Rating: 0.0\/<strong>10<\/strong> (0 votes cast)<\/div>\n<\/div>\n<\/div>\n<\/div>\n<\/div>\n<div class=\"entry_content\">\n<p>\u00cen urma campaniei Colecta Na\u021bional\u0103 de Alimente \u2013 edi\u021bia de Pa\u0219te 2026, desf\u0103\u0219urat\u0103 \u00eentre 20 \u0219i 22 martie, Asocia\u021bia Institutul Bucovina, partener oficial al B\u0103ncii Regionale pentru Alimente Roman, a coordonat la nivel local preg\u0103tirea \u0219i distribuirea kiturilor de alimente c\u0103tre persoane \u0219i familii aflate \u00een situa\u021bii vulnerabile. Activit\u0103\u021bile au fost realizate cu sprijinul voluntarilor implica\u021bi \u00een campanie, care au contribuit activ at\u00e2t la preg\u0103tirea pachetelor, c\u00e2t \u0219i la livrarea acestora c\u0103tre beneficiari.<\/p>\n<p>Alimentele donate \u00een magazinele partenere au fost sortate \u0219i transformate \u00een 1.619 kituri individuale, distribuite \u00een diverse localit\u0103\u021bi ale jude\u021bului Suceava \u2013 Siret, R\u0103d\u0103u\u021bi, Mili\u0219\u0103u\u021bi, Marginea, Sucevi\u021ba, Vicovu de Sus, municipiul Suceava, Mitoc, Berchi\u0219e\u0219ti, Mironu, c\u0103tunul T\u00eempoceni din Capu Codrului \u0219i satele din comuna Stulpicani. Kiturile au fost oferite familiilor incluse \u00een proiectele de reintegrare social\u0103 din jude\u021bul Boto\u0219ani, \u00een localit\u0103\u021bile R\u0103chi\u021bi, Hili\u0219eu Horia, Bl\u00e2nde\u0219ti, B\u0103lu\u0219eni, Corni, Tudora \u0219i Dumeni, precum \u0219i persoanelor cu afec\u021biuni psihice, refugia\u021bilor din Ucraina, v\u00e2rstnicilor care locuiesc singuri, familiilor cu resurse limitate \u0219i locatarilor C\u0103minelor pentru persoane v\u00e2rstnice din Solca \u0219i Dolhasca.<\/p>\n<p>\u00cen componen\u021ba kiturilor s-au reg\u0103sit alimente de baz\u0103, neperisabile, menite s\u0103 asigure suport alimentar: f\u0103in\u0103, m\u0103lai, orez sau fasole, ulei, conserve, paste f\u0103inoase \u0219i produse dulci, oferind un sprijin concret pentru perioada s\u0103rb\u0103torilor pascale \u0219i contribuind la cre\u0219terea siguran\u021bei alimentare a beneficiarilor.<\/p>\n<p>Distribuirea acestor pachete a reprezentat etapa final\u0103 a unei mobiliz\u0103ri comunitare ample, \u00een care dona\u021biile individuale, implicarea voluntarilor \u0219i colaborarea dintre organiza\u021bii au transformat gesturile de generozitate \u00een sprijin real \u0219i tangibil. Impactul asupra beneficiarilor a fost imediat \u0219i vizibil, iar solidaritatea comunit\u0103\u021bii s-a manifestat concret prin acest act de responsabilitate civic\u0103.<\/p>\n<p>Prin aceast\u0103 ini\u021biativ\u0103, Asocia\u021bia Institutul Bucovina \u00ee\u0219i reafirm\u0103 rolul de a consolida coeziunea social\u0103, de a promova implicarea civic\u0103 \u0219i de a demonstra c\u0103 gesturile individuale pot transforma s\u0103rb\u0103torile \u00eentr-un prilej de speran\u021b\u0103 \u0219i demnitate pentru persoanele vulnerabile.<\/p>\n<p>Pentru mai multe informa\u021bii:<\/p>\n<p>Asocia\u021bia Institutul pentru Parteneriat Social Bucovina, Strada Zamcei, nr. 17A, 720214, Suceava, Telefon: 0230524128, e-mail: campanie@bucovinainstitute.org, Facebook: <a href=\"https:\/\/www.facebook.com\/i.bucovina.\">https:\/\/www.facebook.com\/i.bucovina.<\/a><\/p>\n<p>Organizatori campaniei: Asocia\u021bia Institutul pentru Parteneriat Social Bucovina, Federa\u021bia B\u0103ncilor pentru Alimente din Rom\u00e2nia (FBAR), Banca pentru alimente Roman.<\/p>\n<p><img loading=\"lazy\" decoding=\"async\" class=\"alignnone size-medium wp-image-528449\" src=\"https:\/\/img.svnews.ro\/foto\/2026\/04\/09\/528448\/e50e8313d6c11fa3a327935d706500489.png\" alt width=\"650\" height=\"489\"><\/p>\n<p><img loading=\"lazy\" decoding=\"async\" class=\"alignnone size-medium wp-image-528450\" src=\"https:\/\/img.svnews.ro\/foto\/2026\/04\/09\/528448\/a0b7cd15892ca4d907ce05f6606500867.jpeg\" alt width=\"650\" height=\"867\"><\/p>\n<p><img decoding=\"async\" loading=\"lazy\" class=\"alignnone size-medium wp-image-528451\" src=\"https:\/\/img.svnews.ro\/foto\/2026\/04\/09\/528448\/d1335a9a1013c00564119866d06500867.jpeg\" alt width=\"650\" height=\"867\"><\/p>\n<p><img decoding=\"async\" loading=\"lazy\" class=\"alignnone size-medium wp-image-528452\" src=\"https:\/\/img.svnews.ro\/foto\/2026\/04\/09\/528448\/45a3f8050fbc2be35e770c37b06500867.jpeg\" alt width=\"650\" height=\"867\"><\/p>\n<p><img decoding=\"async\" loading=\"lazy\" class=\"alignnone size-medium wp-image-528453\" src=\"https:\/\/img.svnews.ro\/foto\/2026\/04\/09\/528448\/947585911f7e9c88171bebd2806500300.jpeg\" alt width=\"650\" height=\"300\"><\/p>\n<\/div>\n<p>[analyse_source url=&#8221;https:\/\/www.svnews.ro\/peste-1-600-de-pachete-alimentare-oferite-familiilor-si-persoanelor-vulnerabile-in-urma-campaniei-declansate-de-asociatia-institutul-bucovina-foto\/528448\/&#8221;]<\/p>\n","protected":false},"excerpt":{"rendered":"<p>[analyse_image type=&#8221;featured&#8221; src=&#8221;https:\/\/img.svnews.ro\/foto\/2026\/04\/09\/528448\/91cfee47551dd8af7ea13174b.jpeg&#8221;] \u00cen urma campaniei Colecta Na\u021bional\u0103 de Alimente \u2013 edi\u021bia de Pa\u0219te 2026, desf\u0103\u0219urat\u0103 \u00eentre 20 \u0219i 22 martie, Asocia\u021bia Institutul Bucovina, partener oficial al B\u0103ncii Regionale pentru Alimente Roman, a coordonat la nivel local preg\u0103tirea \u0219i distribuirea kiturilor de alimente c\u0103tre persoane \u0219i familii aflate \u00een situa\u021bii vulnerabile. Activit\u0103\u021bile au fost realizate [&hellip;]<\/p>\n","protected":false},"author":1,"featured_media":0,"comment_status":"open","ping_status":"","sticky":false,"template":"","format":"standard","meta":{"footnotes":""},"categories":[89],"tags":[226,175],"class_list":["post-1878853","post","type-post","status-publish","format-standard","hentry","category-romania","tag-crawlmanager","tag-svnews-ro"],"_links":{"self":[{"href":"https:\/\/analyse.optim.biz\/index.php?rest_route=\/wp\/v2\/posts\/1878853","targetHints":{"allow":["GET"]}}],"collection":[{"href":"https:\/\/analyse.optim.biz\/index.php?rest_route=\/wp\/v2\/posts"}],"about":[{"href":"https:\/\/analyse.optim.biz\/index.php?rest_route=\/wp\/v2\/types\/post"}],"author":[{"embeddable":true,"href":"https:\/\/analyse.optim.biz\/index.php?rest_route=\/wp\/v2\/users\/1"}],"replies":[{"embeddable":true,"href":"https:\/\/analyse.optim.biz\/index.php?rest_route=%2Fwp%2Fv2%2Fcomments&post=1878853"}],"version-history":[{"count":0,"href":"https:\/\/analyse.optim.biz\/index.php?rest_route=\/wp\/v2\/posts\/1878853\/revisions"}],"wp:attachment":[{"href":"https:\/\/analyse.optim.biz\/index.php?rest_route=%2Fwp%2Fv2%2Fmedia&parent=1878853"}],"wp:term":[{"taxonomy":"category","embeddable":true,"href":"https:\/\/analyse.optim.biz\/index.php?rest_route=%2Fwp%2Fv2%2Fcategories&post=1878853"},{"taxonomy":"post_tag","embeddable":true,"href":"https:\/\/analyse.optim.biz\/index.php?rest_route=%2Fwp%2Fv2%2Ftags&post=1878853"}],"curies":[{"name":"wp","href":"https:\/\/api.w.org\/{rel}","templated":true}]}}