{"id":1878851,"date":"2026-04-10T13:36:05","date_gmt":"2026-04-10T10:36:05","guid":{"rendered":"https:\/\/analyse.optim.biz\/?p=1878851"},"modified":"2026-04-10T13:36:05","modified_gmt":"2026-04-10T10:36:05","slug":"premii-speciale-si-mentiuni-pentru-elevii-judetului-suceava-la-olimpiada-nationala-de-geografie-foto","status":"publish","type":"post","link":"https:\/\/analyse.optim.biz\/?p=1878851","title":{"rendered":"Premii speciale \u0219i men\u021biuni pentru elevii jude\u021bului Suceava la Olimpiada Na\u021bional\u0103 de Geografie (foto)"},"content":{"rendered":"<p>[analyse_image type=&#8221;featured&#8221; src=&#8221;https:\/\/img.svnews.ro\/foto\/2026\/04\/10\/528601\/15338da6f7d57ab03022b4f2d.jpg&#8221;]<\/p>\n<div class=\"entry\"><img loading=\"lazy\" decoding=\"async\" width=\"650\" height=\"325\" src=\"https:\/\/img.svnews.ro\/foto\/2026\/04\/10\/528601\/15338da6f7d57ab03022b4f2d06500325.jpg\" alt><\/p>\n<div class=\"entry_content\">\n<p>\u00cen perioada 5\u201310 aprilie 2026, jude\u021bul Hunedoara a g\u0103zduit Olimpiada Na\u021bional\u0103 de Geografie, un eveniment de prestigiu care a reunit elevi de excep\u021bie din \u00eentreaga \u021bar\u0103, pasiona\u021bi de studiul mediului, al spa\u021biului geografic \u0219i al dinamicii acestuia. Competi\u021bia a adus la start participan\u021bi bine preg\u0103ti\u021bi, care au demonstrat cuno\u0219tin\u021be solide, spirit analitic \u0219i capacitatea de a \u00een\u021belege fenomene geografice complexe. \u00cen urma probelor teoretice \u0219i practice sus\u021binute, elevii jude\u021bului Suceava s-au remarcat prin rezultate deosebite, confirm\u00e2nd nivelul ridicat de preg\u0103tire \u0219i implicare.\u00a0 \u00a0Men\u021biune a ob\u021binut eleva Cojocariu Maya Camelia, clasa a VIII -a (\u0218coala gimnazial\u0103 nr. 4, Suceava, prof. \u00eendrum\u0103tor Nistor Bogdan).<\/p>\n<p>Premii speciale oferite de Societatea de Geografie din Rom\u00e2nia au ob\u021binut elevii din clasa a VIII-a: S\u00eerghi Amalia Maria ( \u0218coala gimnazial\u0103 Ipote\u0219ti, prof. \u00eendrum\u0103tor, Adochi\u021bei Adriana), Siretian Daniel,( \u0218coala\u00a0 gimnazial\u0103 \u201eMiron Costin\u201d, prof. \u00eendrum\u0103tor T\u0103n\u0103san Lumini\u021ba), Onu\u021bu Ciprian Ioan ( \u0218coala gimnazial\u0103 \u201eIon Creang\u0103\u201d Suceava, prof. \u00eendrum\u0103tor Savin C\u0103t\u0103lin). La clasa a IX-a, elevele\u00a0 Apostol Andreea de la Colegiul Na\u021bional \u201eNicu Gane\u201d F\u0103lticeni (prof. \u00eendrum\u0103tor Porof Marcel) \u0219i Iosep Adelina Maria de la Colegiul Na\u021bional \u201eMihai Eminescu\u201d Suceava (prof. \u00eendrum\u0103tor N\u0103sulea Florentina)\u00a0 au ob\u021binut premii speciale oferite de c\u0103tre Societatea de Geografie din Rom\u00e2nia.<\/p>\n<p>Palmaresul jude\u021bului a fost completat de premiile speciale din partea Societ\u0103\u021bii de\u00a0 Geografie, ob\u021binute la clasa a XI-a de elevii Pu\u0219ca\u0219 Paula Mariana ( Colegiul Na\u021bional Militar \u201e\u0218tefan cel Mare\u201d C\u00e2mpulung Moldovenesc, prof. \u00eendrum\u0103tor Ciuma\u0219u Radu) respectiv, Opri\u0219an Lucian Alexandru (Colegiul Na\u021bional \u201ePetru Rare\u0219\u201d Suceava, prof. \u00eendrum\u0103tor Cazacu Marius). Rezultate bune au ob\u021binut \u0219i elevii, Sava Matei ( clasa a X-a, Colegiul Na\u021bional \u201ePetru Rare\u0219\u201d Suceava, prof. \u00eendrum\u0103tor Cazacu Marius), Popescu Larisa Ioana ( clasa a XII-a, Colegiul Na\u021bional \u201eMihai Eminescu\u201d Suceava, prof. \u00eendrum\u0103tor N\u0103sulea Florentina) \u0219i\u00a0 Moisii Andrei (clasa a XII-a, Colegiul Na\u021bional \u201eNicu Gane\u201d F\u0103lticeni, prof. \u00eendrum\u0103tor R\u0103dulescu Alexandru).<\/p>\n<p>Lotul jude\u021bului Suceava a fost coordonat de c\u0103tre profesorii \u00eenso\u021bitori, \u021aolca Doini\u021ba Felicia ( I.\u0218.J. Suceava) \u0219i N\u0103sulea Florentina ( Colegiul Na\u021bional \u201eMihai Eminescu\u201d Suceava). \u00a0Din comisia central\u0103 a olimpiadei a f\u0103cut parte, domnul profesor dr. Porof Marcel de la Colegiul Na\u021bional \u201eNicu Gane\u201d F\u0103lticeni. \u00a0Performan\u021bele lotului jude\u021bean reflect\u0103 at\u00e2t efortul sus\u021binut al elevilor, c\u00e2t \u0219i dedicarea profesorilor coordonatori, precum \u0219i sprijinul oferit de p\u0103rin\u021bii acestora. Olimpiada Na\u021bional\u0103 de Geografie r\u0103m\u00e2ne un reper important \u00een promovarea excelen\u021bei academice \u0219i \u00een stimularea interesului pentru cunoa\u0219terea mediului \u00eenconjur\u0103tor. Evenimentul de la Hunedoara a reprezentat nu doar o competi\u021bie, ci \u0219i un prilej de schimb de experien\u021b\u0103, socializare \u0219i descoperire a valorilor culturale \u0219i naturale ale zonei.<\/p>\n<p><img loading=\"lazy\" decoding=\"async\" class=\"alignnone size-medium wp-image-528602\" src=\"https:\/\/img.svnews.ro\/foto\/2026\/04\/10\/528601\/9bb15c0e5ff644ad624057d3706500300.jpg\" alt width=\"650\" height=\"300\"><\/p>\n<p><img loading=\"lazy\" decoding=\"async\" class=\"alignnone size-medium wp-image-528603\" src=\"https:\/\/img.svnews.ro\/foto\/2026\/04\/10\/528601\/15338da6f7d57ab03022b4f2d06500413.jpg\" alt width=\"650\" height=\"413\"><\/p>\n<\/div>\n<div>\n<div>VN:F [1.9.22_1171]<\/div>\n<div class=\"ratingblock \">\n<div class=\"ratingstars \">\n<div id=\"article_loader_528601\" class=\"ratingloaderarticle\">\n<div class=\"loader arrows \">\n<div class=\"loaderinner\">se actualizeaz\u0103&#8230;<\/div>\n<\/div>\n<\/div>\n<\/div>\n<div class=\"ratingtext \">\n<div id=\"gdr_text_a528601\">Rating: 0.0\/<strong>10<\/strong> (0 votes cast)<\/div>\n<\/div>\n<\/div>\n<\/div>\n<\/div>\n<div class=\"entry_content\">\n<p>\u00cen perioada 5\u201310 aprilie 2026, jude\u021bul Hunedoara a g\u0103zduit Olimpiada Na\u021bional\u0103 de Geografie, un eveniment de prestigiu care a reunit elevi de excep\u021bie din \u00eentreaga \u021bar\u0103, pasiona\u021bi de studiul mediului, al spa\u021biului geografic \u0219i al dinamicii acestuia. Competi\u021bia a adus la start participan\u021bi bine preg\u0103ti\u021bi, care au demonstrat cuno\u0219tin\u021be solide, spirit analitic \u0219i capacitatea de a \u00een\u021belege fenomene geografice complexe. \u00cen urma probelor teoretice \u0219i practice sus\u021binute, elevii jude\u021bului Suceava s-au remarcat prin rezultate deosebite, confirm\u00e2nd nivelul ridicat de preg\u0103tire \u0219i implicare.\u00a0 \u00a0Men\u021biune a ob\u021binut eleva Cojocariu Maya Camelia, clasa a VIII -a (\u0218coala gimnazial\u0103 nr. 4, Suceava, prof. \u00eendrum\u0103tor Nistor Bogdan).<\/p>\n<p>Premii speciale oferite de Societatea de Geografie din Rom\u00e2nia au ob\u021binut elevii din clasa a VIII-a: S\u00eerghi Amalia Maria ( \u0218coala gimnazial\u0103 Ipote\u0219ti, prof. \u00eendrum\u0103tor, Adochi\u021bei Adriana), Siretian Daniel,( \u0218coala\u00a0 gimnazial\u0103 \u201eMiron Costin\u201d, prof. \u00eendrum\u0103tor T\u0103n\u0103san Lumini\u021ba), Onu\u021bu Ciprian Ioan ( \u0218coala gimnazial\u0103 \u201eIon Creang\u0103\u201d Suceava, prof. \u00eendrum\u0103tor Savin C\u0103t\u0103lin). La clasa a IX-a, elevele\u00a0 Apostol Andreea de la Colegiul Na\u021bional \u201eNicu Gane\u201d F\u0103lticeni (prof. \u00eendrum\u0103tor Porof Marcel) \u0219i Iosep Adelina Maria de la Colegiul Na\u021bional \u201eMihai Eminescu\u201d Suceava (prof. \u00eendrum\u0103tor N\u0103sulea Florentina)\u00a0 au ob\u021binut premii speciale oferite de c\u0103tre Societatea de Geografie din Rom\u00e2nia.<\/p>\n<p>Palmaresul jude\u021bului a fost completat de premiile speciale din partea Societ\u0103\u021bii de\u00a0 Geografie, ob\u021binute la clasa a XI-a de elevii Pu\u0219ca\u0219 Paula Mariana ( Colegiul Na\u021bional Militar \u201e\u0218tefan cel Mare\u201d C\u00e2mpulung Moldovenesc, prof. \u00eendrum\u0103tor Ciuma\u0219u Radu) respectiv, Opri\u0219an Lucian Alexandru (Colegiul Na\u021bional \u201ePetru Rare\u0219\u201d Suceava, prof. \u00eendrum\u0103tor Cazacu Marius). Rezultate bune au ob\u021binut \u0219i elevii, Sava Matei ( clasa a X-a, Colegiul Na\u021bional \u201ePetru Rare\u0219\u201d Suceava, prof. \u00eendrum\u0103tor Cazacu Marius), Popescu Larisa Ioana ( clasa a XII-a, Colegiul Na\u021bional \u201eMihai Eminescu\u201d Suceava, prof. \u00eendrum\u0103tor N\u0103sulea Florentina) \u0219i\u00a0 Moisii Andrei (clasa a XII-a, Colegiul Na\u021bional \u201eNicu Gane\u201d F\u0103lticeni, prof. \u00eendrum\u0103tor R\u0103dulescu Alexandru).<\/p>\n<p>Lotul jude\u021bului Suceava a fost coordonat de c\u0103tre profesorii \u00eenso\u021bitori, \u021aolca Doini\u021ba Felicia ( I.\u0218.J. Suceava) \u0219i N\u0103sulea Florentina ( Colegiul Na\u021bional \u201eMihai Eminescu\u201d Suceava). \u00a0Din comisia central\u0103 a olimpiadei a f\u0103cut parte, domnul profesor dr. Porof Marcel de la Colegiul Na\u021bional \u201eNicu Gane\u201d F\u0103lticeni. \u00a0Performan\u021bele lotului jude\u021bean reflect\u0103 at\u00e2t efortul sus\u021binut al elevilor, c\u00e2t \u0219i dedicarea profesorilor coordonatori, precum \u0219i sprijinul oferit de p\u0103rin\u021bii acestora. Olimpiada Na\u021bional\u0103 de Geografie r\u0103m\u00e2ne un reper important \u00een promovarea excelen\u021bei academice \u0219i \u00een stimularea interesului pentru cunoa\u0219terea mediului \u00eenconjur\u0103tor. Evenimentul de la Hunedoara a reprezentat nu doar o competi\u021bie, ci \u0219i un prilej de schimb de experien\u021b\u0103, socializare \u0219i descoperire a valorilor culturale \u0219i naturale ale zonei.<\/p>\n<p><img loading=\"lazy\" decoding=\"async\" class=\"alignnone size-medium wp-image-528602\" src=\"https:\/\/img.svnews.ro\/foto\/2026\/04\/10\/528601\/9bb15c0e5ff644ad624057d3706500300.jpg\" alt width=\"650\" height=\"300\"><\/p>\n<p><img loading=\"lazy\" decoding=\"async\" class=\"alignnone size-medium wp-image-528603\" src=\"https:\/\/img.svnews.ro\/foto\/2026\/04\/10\/528601\/15338da6f7d57ab03022b4f2d06500413.jpg\" alt width=\"650\" height=\"413\"><\/p>\n<\/div>\n<p>[analyse_source url=&#8221;https:\/\/www.svnews.ro\/premii-speciale-si-mentiuni-pentru-elevii-judetului-suceava-la-olimpiada-nationala-de-geografie-foto\/528601\/&#8221;]<\/p>\n","protected":false},"excerpt":{"rendered":"<p>[analyse_image type=&#8221;featured&#8221; src=&#8221;https:\/\/img.svnews.ro\/foto\/2026\/04\/10\/528601\/15338da6f7d57ab03022b4f2d.jpg&#8221;] \u00cen perioada 5\u201310 aprilie 2026, jude\u021bul Hunedoara a g\u0103zduit Olimpiada Na\u021bional\u0103 de Geografie, un eveniment de prestigiu care a reunit elevi de excep\u021bie din \u00eentreaga \u021bar\u0103, pasiona\u021bi de studiul mediului, al spa\u021biului geografic \u0219i al dinamicii acestuia. Competi\u021bia a adus la start participan\u021bi bine preg\u0103ti\u021bi, care au demonstrat cuno\u0219tin\u021be solide, spirit analitic [&hellip;]<\/p>\n","protected":false},"author":1,"featured_media":0,"comment_status":"open","ping_status":"","sticky":false,"template":"","format":"standard","meta":{"footnotes":""},"categories":[89],"tags":[226,175],"class_list":["post-1878851","post","type-post","status-publish","format-standard","hentry","category-romania","tag-crawlmanager","tag-svnews-ro"],"_links":{"self":[{"href":"https:\/\/analyse.optim.biz\/index.php?rest_route=\/wp\/v2\/posts\/1878851","targetHints":{"allow":["GET"]}}],"collection":[{"href":"https:\/\/analyse.optim.biz\/index.php?rest_route=\/wp\/v2\/posts"}],"about":[{"href":"https:\/\/analyse.optim.biz\/index.php?rest_route=\/wp\/v2\/types\/post"}],"author":[{"embeddable":true,"href":"https:\/\/analyse.optim.biz\/index.php?rest_route=\/wp\/v2\/users\/1"}],"replies":[{"embeddable":true,"href":"https:\/\/analyse.optim.biz\/index.php?rest_route=%2Fwp%2Fv2%2Fcomments&post=1878851"}],"version-history":[{"count":0,"href":"https:\/\/analyse.optim.biz\/index.php?rest_route=\/wp\/v2\/posts\/1878851\/revisions"}],"wp:attachment":[{"href":"https:\/\/analyse.optim.biz\/index.php?rest_route=%2Fwp%2Fv2%2Fmedia&parent=1878851"}],"wp:term":[{"taxonomy":"category","embeddable":true,"href":"https:\/\/analyse.optim.biz\/index.php?rest_route=%2Fwp%2Fv2%2Fcategories&post=1878851"},{"taxonomy":"post_tag","embeddable":true,"href":"https:\/\/analyse.optim.biz\/index.php?rest_route=%2Fwp%2Fv2%2Ftags&post=1878851"}],"curies":[{"name":"wp","href":"https:\/\/api.w.org\/{rel}","templated":true}]}}