{"id":1878850,"date":"2026-04-10T13:25:56","date_gmt":"2026-04-10T10:25:56","guid":{"rendered":"https:\/\/analyse.optim.biz\/?p=1878850"},"modified":"2026-04-10T13:25:56","modified_gmt":"2026-04-10T10:25:56","slug":"performanta-notabila-a-elevilor-suceveni-la-olimpiada-nationala-de-limbi-romanice-10-din-cei-14-elevi-ai-lotului-au-primit-premii-si-mentiuni-foto","status":"publish","type":"post","link":"https:\/\/analyse.optim.biz\/?p=1878850","title":{"rendered":"Performan\u021b\u0103 notabil\u0103 a elevilor suceveni la Olimpiada Na\u021bional\u0103 de Limbi Romanice: 10 din cei 14 elevi ai lotului au primit premii \u0219i men\u021biuni (foto)"},"content":{"rendered":"<p>[analyse_image type=&#8221;featured&#8221; src=&#8221;https:\/\/img.svnews.ro\/foto\/2026\/04\/10\/f5b841f40ba641d6e0688f257.jpg&#8221;]<\/p>\n<div class=\"entry\"><img loading=\"lazy\" decoding=\"async\" width=\"650\" height=\"325\" src=\"https:\/\/img.svnews.ro\/foto\/2026\/04\/10\/f5b841f40ba641d6e0688f25706500325.jpg\" alt><\/p>\n<div class=\"entry_content\">\n<p>Elevii suceveni s-au \u00eentors cu numeroase premii \u0219i men\u021biuni de la Olimpiada Na\u021bional\u0103 de Limbi Romanice, care a avut loc \u00een perioada 6 \u2013 10.04.2026 la Foc\u0219ani. Lotul jude\u021bului Suceava a fost format din 14 elevi (7 elevi la limba italian\u0103 \u0219i 7 elevi la limba spaniol\u0103).<\/p>\n<p>Elevii s-au \u00eentors cu distinc\u021bii acordate de Ministerul Educa\u021biei \u0219i Cercet\u0103rii \u0219i de Inspectoratul \u0218colar Jude\u021bean Vrancea.<\/p>\n<p><strong>La limba italian\u0103, s-au ob\u021binut urm\u0103toarele rezultate:<\/strong><\/p>\n<p>Premii \u0219i men\u021biuni acordate de Ministerul Educa\u021biei \u0219i Cercet\u0103rii<\/p>\n<p>Premiul I \u2013 Romaniuc Delia Lucre\u021bia, clasa a X-a \u2013 intensiv\/bilingv, Liceul Teoretic \u201eIon Luca\u201d Vatra Dornei<\/p>\n<p>Premiul al III-lea \u2013 Bure\u0219cu Bianca Ioana, clasa a VIII-a \u2013 intensiv, \u015ecoala Gimnazial\u0103 Nr. 1 Suceava<\/p>\n<p>Premiul al III-lea \u2013 \u0218tirbu Parascheva, clasa a XII-a \u2013 intensiv\/bilingv, Colegiul Economic \u201eDimitrie Cantemir\u201d Suceava (\u00eendrum\u0103tor, prof. Maxim Irina Natalia Daniela)<\/p>\n<p>Men\u021biune \u2013 Semian Erica \u2013 Ioana, clasa a XI-a \u2013 intensiv\/bilingv, Colegiul Na\u021bional \u201eMihai Eminescu\u201d Suceava (\u00eendrum\u0103tor, prof. Nichifor Cornelia)<\/p>\n<p>Men\u021biuni speciale acordate de Inspectoratul \u0218colar Jude\u021bean Vrancea<\/p>\n<p>Men\u021biune special\u0103 \u2013 Pu\u0219ca\u0219 Diana Maria, clasa a VII-a \u2013 intensiv, \u0218coala Gimnazial\u0103 Nr. 4 Suceava<\/p>\n<p>Men\u021biune special\u0103 \u2013 Ple\u0219escu Samuel Andrei, clasa a XII-a \u2013 intensiv\/bilingv, Colegiul Economic \u201eDimitrie Cantemir\u201d Suceava (\u00eendrum\u0103tor, prof. Maxim Irina Natalia Daniela)<\/p>\n<p><strong>La limba spaniol\u0103, s-au ob\u021binut urm\u0103toarele rezultate:<\/strong><\/p>\n<p>Premii \u0219i men\u021biuni acordate de Ministerul Educa\u021biei \u0219i Cercet\u0103rii<\/p>\n<p>Premiul al III-lea \u2013 Negur\u0103 David Rare\u0219, clasa a IX-a \u2013 intensiv\/bilingv, Colegiul Na\u021bional \u201eMihai Eminescu\u201d Suceava (\u00eendrum\u0103tor, prof. dr. Nu\u021bu Silvia Corina)<\/p>\n<p>Premiul al III-lea \u2013 Kirkin Popinceanu Alessandra, clasa a XII-a \u2013 intensiv\/bilingv, Colegiul de Art\u0103 \u201eCiprian Porumbescu\u201d Suceava<\/p>\n<p>Men\u021biune \u2013 Kirkin Popinceanu Sophie Elizabeth, clasa a VII-a Intensiv, Colegiul de Art\u0103 \u201eCiprian Porumbescu\u201d Suceava<\/p>\n<p>Lotul jude\u021bului Suceava a fost \u00eenso\u021bit de prof. Irina Natalia Daniela Maxim, de la Colegiul Economic \u201eDimitrie Cantemir\u201d Suceava.<\/p>\n<p>Din Comisia Central\u0103 a Olimpiadei de limbi romanice a f\u0103cut parte, \u00een calitate de membru evaluator limba spaniol\u0103, prof. Ancu\u021ba Norocel, de la Colegiul Na\u021bional \u201ePetru Rare\u0219\u201d Suceava.<\/p>\n<p>\u201eFelicit\u0103ri tuturor elevilor participan\u021bi, profesorilor \u00eendrum\u0103tori \u0219i profesorului \u00eenso\u021bitor!\u201d, a transmis conducerea Inspectoatului \u0218colar Jude\u021bean Suceava.<\/p>\n<p><img loading=\"lazy\" decoding=\"async\" class=\"alignnone size-medium wp-image-528593\" src=\"https:\/\/img.svnews.ro\/foto\/2026\/04\/10\/4a5c949e40970ac45e309d49e06500366.jpg\" alt width=\"650\" height=\"366\"><\/p>\n<p><img loading=\"lazy\" decoding=\"async\" class=\"alignnone size-medium wp-image-528592\" src=\"https:\/\/img.svnews.ro\/foto\/2026\/04\/10\/367a5a3216ccf785c9c5f0d6e06501156.jpg\" alt width=\"650\" height=\"1156\"><\/p>\n<p><img decoding=\"async\" loading=\"lazy\" class=\"alignnone size-medium wp-image-528591\" src=\"https:\/\/img.svnews.ro\/foto\/2026\/04\/10\/65263869abc31516ddc80707a06501156.jpg\" alt width=\"650\" height=\"1156\"><\/p>\n<p><img decoding=\"async\" loading=\"lazy\" class=\"alignnone size-medium wp-image-528590\" src=\"https:\/\/img.svnews.ro\/foto\/2026\/04\/10\/c62d23fa4ca664dc7a4292cbd06501156.jpg\" alt width=\"650\" height=\"1156\"><\/p>\n<p><img decoding=\"async\" loading=\"lazy\" class=\"alignnone size-medium wp-image-528589\" src=\"https:\/\/img.svnews.ro\/foto\/2026\/04\/10\/54174c2bd13f4212be24ffdf806501156.jpg\" alt width=\"650\" height=\"1156\"><\/p>\n<p><img decoding=\"async\" loading=\"lazy\" class=\"alignnone size-medium wp-image-528588\" src=\"https:\/\/img.svnews.ro\/foto\/2026\/04\/10\/648b27148310a8a02f4f41ec006501156.jpg\" alt width=\"650\" height=\"1156\"><\/p>\n<p><img decoding=\"async\" loading=\"lazy\" class=\"alignnone size-medium wp-image-528587\" src=\"https:\/\/img.svnews.ro\/foto\/2026\/04\/10\/01b260a33fcc034347074fb5106501156.jpg\" alt width=\"650\" height=\"1156\"><\/p>\n<p><img decoding=\"async\" loading=\"lazy\" class=\"alignnone size-medium wp-image-528586\" src=\"https:\/\/img.svnews.ro\/foto\/2026\/04\/10\/7e67105a20e962e68d8fcaf5a06501156.jpg\" alt width=\"650\" height=\"1156\"><\/p>\n<\/div>\n<div>\n<div>VN:F [1.9.22_1171]<\/div>\n<div class=\"ratingblock \">\n<div class=\"ratingstars \">\n<div id=\"article_loader_528595\" class=\"ratingloaderarticle\">\n<div class=\"loader arrows \">\n<div class=\"loaderinner\">se actualizeaz\u0103&#8230;<\/div>\n<\/div>\n<\/div>\n<\/div>\n<div class=\"ratingtext \">\n<div id=\"gdr_text_a528595\">Rating: 0.0\/<strong>10<\/strong> (0 votes cast)<\/div>\n<\/div>\n<\/div>\n<\/div>\n<\/div>\n<div class=\"entry_content\">\n<p>Elevii suceveni s-au \u00eentors cu numeroase premii \u0219i men\u021biuni de la Olimpiada Na\u021bional\u0103 de Limbi Romanice, care a avut loc \u00een perioada 6 \u2013 10.04.2026 la Foc\u0219ani. Lotul jude\u021bului Suceava a fost format din 14 elevi (7 elevi la limba italian\u0103 \u0219i 7 elevi la limba spaniol\u0103).<\/p>\n<p>Elevii s-au \u00eentors cu distinc\u021bii acordate de Ministerul Educa\u021biei \u0219i Cercet\u0103rii \u0219i de Inspectoratul \u0218colar Jude\u021bean Vrancea.<\/p>\n<p><strong>La limba italian\u0103, s-au ob\u021binut urm\u0103toarele rezultate:<\/strong><\/p>\n<p>Premii \u0219i men\u021biuni acordate de Ministerul Educa\u021biei \u0219i Cercet\u0103rii<\/p>\n<p>Premiul I \u2013 Romaniuc Delia Lucre\u021bia, clasa a X-a \u2013 intensiv\/bilingv, Liceul Teoretic \u201eIon Luca\u201d Vatra Dornei<\/p>\n<p>Premiul al III-lea \u2013 Bure\u0219cu Bianca Ioana, clasa a VIII-a \u2013 intensiv, \u015ecoala Gimnazial\u0103 Nr. 1 Suceava<\/p>\n<p>Premiul al III-lea \u2013 \u0218tirbu Parascheva, clasa a XII-a \u2013 intensiv\/bilingv, Colegiul Economic \u201eDimitrie Cantemir\u201d Suceava (\u00eendrum\u0103tor, prof. Maxim Irina Natalia Daniela)<\/p>\n<p>Men\u021biune \u2013 Semian Erica \u2013 Ioana, clasa a XI-a \u2013 intensiv\/bilingv, Colegiul Na\u021bional \u201eMihai Eminescu\u201d Suceava (\u00eendrum\u0103tor, prof. Nichifor Cornelia)<\/p>\n<p>Men\u021biuni speciale acordate de Inspectoratul \u0218colar Jude\u021bean Vrancea<\/p>\n<p>Men\u021biune special\u0103 \u2013 Pu\u0219ca\u0219 Diana Maria, clasa a VII-a \u2013 intensiv, \u0218coala Gimnazial\u0103 Nr. 4 Suceava<\/p>\n<p>Men\u021biune special\u0103 \u2013 Ple\u0219escu Samuel Andrei, clasa a XII-a \u2013 intensiv\/bilingv, Colegiul Economic \u201eDimitrie Cantemir\u201d Suceava (\u00eendrum\u0103tor, prof. Maxim Irina Natalia Daniela)<\/p>\n<p><strong>La limba spaniol\u0103, s-au ob\u021binut urm\u0103toarele rezultate:<\/strong><\/p>\n<p>Premii \u0219i men\u021biuni acordate de Ministerul Educa\u021biei \u0219i Cercet\u0103rii<\/p>\n<p>Premiul al III-lea \u2013 Negur\u0103 David Rare\u0219, clasa a IX-a \u2013 intensiv\/bilingv, Colegiul Na\u021bional \u201eMihai Eminescu\u201d Suceava (\u00eendrum\u0103tor, prof. dr. Nu\u021bu Silvia Corina)<\/p>\n<p>Premiul al III-lea \u2013 Kirkin Popinceanu Alessandra, clasa a XII-a \u2013 intensiv\/bilingv, Colegiul de Art\u0103 \u201eCiprian Porumbescu\u201d Suceava<\/p>\n<p>Men\u021biune \u2013 Kirkin Popinceanu Sophie Elizabeth, clasa a VII-a Intensiv, Colegiul de Art\u0103 \u201eCiprian Porumbescu\u201d Suceava<\/p>\n<p>Lotul jude\u021bului Suceava a fost \u00eenso\u021bit de prof. Irina Natalia Daniela Maxim, de la Colegiul Economic \u201eDimitrie Cantemir\u201d Suceava.<\/p>\n<p>Din Comisia Central\u0103 a Olimpiadei de limbi romanice a f\u0103cut parte, \u00een calitate de membru evaluator limba spaniol\u0103, prof. Ancu\u021ba Norocel, de la Colegiul Na\u021bional \u201ePetru Rare\u0219\u201d Suceava.<\/p>\n<p>\u201eFelicit\u0103ri tuturor elevilor participan\u021bi, profesorilor \u00eendrum\u0103tori \u0219i profesorului \u00eenso\u021bitor!\u201d, a transmis conducerea Inspectoatului \u0218colar Jude\u021bean Suceava.<\/p>\n<p><img loading=\"lazy\" decoding=\"async\" class=\"alignnone size-medium wp-image-528593\" src=\"https:\/\/img.svnews.ro\/foto\/2026\/04\/10\/4a5c949e40970ac45e309d49e06500366.jpg\" alt width=\"650\" height=\"366\"><\/p>\n<p><img loading=\"lazy\" decoding=\"async\" class=\"alignnone size-medium wp-image-528592\" src=\"https:\/\/img.svnews.ro\/foto\/2026\/04\/10\/367a5a3216ccf785c9c5f0d6e06501156.jpg\" alt width=\"650\" height=\"1156\"><\/p>\n<p><img decoding=\"async\" loading=\"lazy\" class=\"alignnone size-medium wp-image-528591\" src=\"https:\/\/img.svnews.ro\/foto\/2026\/04\/10\/65263869abc31516ddc80707a06501156.jpg\" alt width=\"650\" height=\"1156\"><\/p>\n<p><img decoding=\"async\" loading=\"lazy\" class=\"alignnone size-medium wp-image-528590\" src=\"https:\/\/img.svnews.ro\/foto\/2026\/04\/10\/c62d23fa4ca664dc7a4292cbd06501156.jpg\" alt width=\"650\" height=\"1156\"><\/p>\n<p><img decoding=\"async\" loading=\"lazy\" class=\"alignnone size-medium wp-image-528589\" src=\"https:\/\/img.svnews.ro\/foto\/2026\/04\/10\/54174c2bd13f4212be24ffdf806501156.jpg\" alt width=\"650\" height=\"1156\"><\/p>\n<p><img decoding=\"async\" loading=\"lazy\" class=\"alignnone size-medium wp-image-528588\" src=\"https:\/\/img.svnews.ro\/foto\/2026\/04\/10\/648b27148310a8a02f4f41ec006501156.jpg\" alt width=\"650\" height=\"1156\"><\/p>\n<p><img decoding=\"async\" loading=\"lazy\" class=\"alignnone size-medium wp-image-528587\" src=\"https:\/\/img.svnews.ro\/foto\/2026\/04\/10\/01b260a33fcc034347074fb5106501156.jpg\" alt width=\"650\" height=\"1156\"><\/p>\n<p><img decoding=\"async\" loading=\"lazy\" class=\"alignnone size-medium wp-image-528586\" src=\"https:\/\/img.svnews.ro\/foto\/2026\/04\/10\/7e67105a20e962e68d8fcaf5a06501156.jpg\" alt width=\"650\" height=\"1156\"><\/p>\n<\/div>\n<p>[analyse_source url=&#8221;https:\/\/www.svnews.ro\/performanta-notabila-a-elevilor-suceveni-la-olimpiada-nationala-de-limbi-romanice-10-din-cei-14-elevi-ai-lotului-au-primit-premii-si-mentiuni-foto\/528595\/&#8221;]<\/p>\n","protected":false},"excerpt":{"rendered":"<p>[analyse_image type=&#8221;featured&#8221; src=&#8221;https:\/\/img.svnews.ro\/foto\/2026\/04\/10\/f5b841f40ba641d6e0688f257.jpg&#8221;] Elevii suceveni s-au \u00eentors cu numeroase premii \u0219i men\u021biuni de la Olimpiada Na\u021bional\u0103 de Limbi Romanice, care a avut loc \u00een perioada 6 \u2013 10.04.2026 la Foc\u0219ani. Lotul jude\u021bului Suceava a fost format din 14 elevi (7 elevi la limba italian\u0103 \u0219i 7 elevi la limba spaniol\u0103). Elevii s-au \u00eentors cu distinc\u021bii [&hellip;]<\/p>\n","protected":false},"author":1,"featured_media":0,"comment_status":"open","ping_status":"","sticky":false,"template":"","format":"standard","meta":{"footnotes":""},"categories":[89],"tags":[226,175],"class_list":["post-1878850","post","type-post","status-publish","format-standard","hentry","category-romania","tag-crawlmanager","tag-svnews-ro"],"_links":{"self":[{"href":"https:\/\/analyse.optim.biz\/index.php?rest_route=\/wp\/v2\/posts\/1878850","targetHints":{"allow":["GET"]}}],"collection":[{"href":"https:\/\/analyse.optim.biz\/index.php?rest_route=\/wp\/v2\/posts"}],"about":[{"href":"https:\/\/analyse.optim.biz\/index.php?rest_route=\/wp\/v2\/types\/post"}],"author":[{"embeddable":true,"href":"https:\/\/analyse.optim.biz\/index.php?rest_route=\/wp\/v2\/users\/1"}],"replies":[{"embeddable":true,"href":"https:\/\/analyse.optim.biz\/index.php?rest_route=%2Fwp%2Fv2%2Fcomments&post=1878850"}],"version-history":[{"count":0,"href":"https:\/\/analyse.optim.biz\/index.php?rest_route=\/wp\/v2\/posts\/1878850\/revisions"}],"wp:attachment":[{"href":"https:\/\/analyse.optim.biz\/index.php?rest_route=%2Fwp%2Fv2%2Fmedia&parent=1878850"}],"wp:term":[{"taxonomy":"category","embeddable":true,"href":"https:\/\/analyse.optim.biz\/index.php?rest_route=%2Fwp%2Fv2%2Fcategories&post=1878850"},{"taxonomy":"post_tag","embeddable":true,"href":"https:\/\/analyse.optim.biz\/index.php?rest_route=%2Fwp%2Fv2%2Ftags&post=1878850"}],"curies":[{"name":"wp","href":"https:\/\/api.w.org\/{rel}","templated":true}]}}