{"id":1878848,"date":"2026-04-09T05:40:13","date_gmt":"2026-04-09T02:40:13","guid":{"rendered":"https:\/\/analyse.optim.biz\/?p=1878848"},"modified":"2026-04-09T05:40:13","modified_gmt":"2026-04-09T02:40:13","slug":"primaria-vicovu-de-sus-a-inceput-in-forta-lucrarile-la-proiectele-de-dezvoltare-din-oras-vasile-iliut-vicovu-de-sus-va-fi-unul-dintre-cele-mai-frumoase-orase-din-bucovina","status":"publish","type":"post","link":"https:\/\/analyse.optim.biz\/?p=1878848","title":{"rendered":"Prim\u0103ria Vicovu de Sus a \u00eenceput \u00een for\u021b\u0103 lucr\u0103rile la proiectele de dezvoltare din ora\u0219. Vasile Iliu\u021b: \u201eVicovu de Sus va fi unul dintre cele mai frumoase ora\u0219e din Bucovina\u201d"},"content":{"rendered":"<p>[analyse_image type=&#8221;featured&#8221; src=&#8221;https:\/\/img.svnews.ro\/foto\/2026\/04\/09\/528375\/f77eef399c97d0b637a4087bd.jpeg&#8221;]<\/p>\n<div class=\"entry\"><img loading=\"lazy\" decoding=\"async\" width=\"650\" height=\"325\" src=\"https:\/\/img.svnews.ro\/foto\/2026\/04\/09\/528375\/f77eef399c97d0b637a4087bd06500325.jpeg\" alt><\/p>\n<div class=\"entry_content\">\n<p>Primarul din Vicovu de Sus, Vasile Iliu\u021b, a anun\u021bat c\u0103 \u00een momentul de fa\u021b\u0103 se lucreaz\u0103 la proiectele de dezvoltare din acest ora\u0219, respectiv modernizarea infrastructurii rutiere, piste de biciclete, introducerea conductei de gaz metan, unit\u0103\u021bi de \u00eenv\u0103\u021b\u0103m\u00e2nt noi, investi\u021biile \u00een domeniul sportului sau \u00een modernizarea zonei centrale.<\/p>\n<p>Potrivit primarului Vasile Iliu\u021b, unul dintre cele mai importante proiecte aflate \u00een derulare este introducerea conductei de gaz metan, pentru care firma care realizeaz\u0103 lucr\u0103rile a \u00eenceput deja \u00eencheierea contractelor de racordare cu cet\u0103\u021benii. \u201e\u00cen momentul \u00een care lucr\u0103rile la conductele de gaz vor fi finalizate, nu va mai fi nevoie s\u0103 intervenim \u0219i s\u0103 spargem trotuarele sau pistele de biciclete\u201d, a ar\u0103tat primarul.<\/p>\n<p data-start=\"793\" data-end=\"1115\">\u00cen paralel, el a ar\u0103tat c\u0103 se lucreaz\u0103 intens la dezvoltarea infrastructurii sportive. Vasile Ilu\u021b a spus c\u0103 baza sportiv\u0103 se modernizeaz\u0103, fiind realizate tribune \u0219i vestiare. El a subliniat \u0219i evolu\u021bia echipei locale de fotbal, care a ocupat locul al doilea \u00een sezonul trecut \u0219i \u00ee\u0219i propune s\u0103 r\u0103m\u00e2n\u0103 tot \u00een top.<\/p>\n<p data-start=\"1117\" data-end=\"1514\">\u201eAvem investi\u021bii de amploare \u0219i \u00een domeniul educa\u021biei educa\u021biei. Vorbim de dou\u0103 s\u0103li de sport, la \u0218coala Gimnazial\u0103 nr. 3 Plai \u0219i \u0218coala Gimnazial\u0103 nr. 2 Laura, care sunt \u00een curs de realizare. La acestea se adaug\u0103 lucr\u0103rile la o \u0219coal\u0103 verde de tip nZEB din Bivol\u0103rie, care se apropie de final. De asemenea, se construie\u0219te o cre\u0219\u0103 prin Compania Na\u021bional\u0103 de Investi\u021bii, cu finan\u021bare prin PNRR, iar o nou\u0103 gr\u0103dini\u021b\u0103 va fi dat\u0103 \u00een folosin\u021b\u0103 \u00een zona Laura\u201d, a declarat primarul ora\u0219ului Vicovu de Sus.<\/p>\n<p data-start=\"1516\" data-end=\"1853\">El a mai spus c\u0103 \u00een perioada urm\u0103toare, prim\u0103ria va semna contracte pentru realizarea unui pod pietonal care va lega centrul ora\u0219ului de zona Bivol\u0103rie, Academia \u201eMihai Roman\u201d \u0219i zona cu piste de biciclete. Edi\u021bul a ar\u0103tat c\u0103 lucr\u0103rile pentru piste au \u00eenceput deja pe strada Calea Bucovinei \u0219i vor continua pe Calea Cern\u0103u\u021bi \u0219i Calea \u0218tefan cel Mare.<\/p>\n<p data-start=\"1855\" data-end=\"2132\">Un alt obiectiv important \u00eel reprezint\u0103 finalizarea lucr\u0103rilor la re\u021belele de ap\u0103 \u0219i canalizare, despre care Vasile Iliu\u021b a spus c\u0103 sper\u0103 ca anul acesta s\u0103 se apropie de finalizare. \u201eVreau s\u0103 subliniez c\u0103 am pornit de jos, cu introducerea conductelor, \u0219i vom continua cu asfaltarea \u0219i betonarea str\u0103zilor\u201d, a precizat primarul.<\/p>\n<p data-start=\"2134\" data-end=\"2363\">Vasile Iliu\u021b a mai declarat c\u0103 planurile de dezvoltare includ \u0219i modernizarea zonei centrale a ora\u0219ului, proiect care a ob\u021binut un punctaj ridicat pentru finan\u021bare prin ADR Nord-Est. Iliu\u021b a spus c\u0103 acesta prevede amenajarea pie\u021bei centrale, a spa\u021biilor verzi \u0219i a parcurilor.<\/p>\n<p data-start=\"2365\" data-end=\"2528\">\u00cen ceea ce prive\u0219te mobilitatea urban\u0103, Prim\u0103ria Vicovu de Sus preg\u0103te\u0219te \u0219i deschiderea transportului public local, pentru care exist\u0103 deja 10 microbuze electrice \u0219i urmeaz\u0103 s\u0103 fie primite \u00eenc\u0103 dou\u0103 autobuze.<\/p>\n<p data-start=\"2530\" data-end=\"2906\" data-is-last-node data-is-only-node>Primarul Vasile Iliu\u021b a recunoscut c\u0103 ritmul lucr\u0103rilor a fost afectat de \u00eent\u00e2rzierea aprob\u0103rii bugetului de stat pentru acest an, dar a subliniat c\u0103 proiectele continu\u0103. \u201eNu a fost u\u0219or, avem mult\u0103 munc\u0103 \u0219i disconfort, dar oamenii au avut r\u0103bdare \u0219i au \u00een\u021beles. Nu m\u0103 dau b\u0103tut. Am promis c\u0103 voi readuce Vicovu de Sus acolo unde merit\u0103 \u0219i va fi unul dintre cele mai frumoase ora\u0219e din Bucovina\u201d, a declarat Vasile Iliu\u021b.<\/p>\n<\/div>\n<div>\n<div>VN:F [1.9.22_1171]<\/div>\n<div class=\"ratingblock \">\n<div class=\"ratingstars \">\n<div id=\"article_loader_528375\" class=\"ratingloaderarticle\">\n<div class=\"loader arrows \">\n<div class=\"loaderinner\">se actualizeaz\u0103&#8230;<\/div>\n<\/div>\n<\/div>\n<\/div>\n<div class=\"ratingtext \">\n<div id=\"gdr_text_a528375\">Rating: 0.0\/<strong>10<\/strong> (0 votes cast)<\/div>\n<\/div>\n<\/div>\n<\/div>\n<\/div>\n<div class=\"entry_content\">\n<p>Primarul din Vicovu de Sus, Vasile Iliu\u021b, a anun\u021bat c\u0103 \u00een momentul de fa\u021b\u0103 se lucreaz\u0103 la proiectele de dezvoltare din acest ora\u0219, respectiv modernizarea infrastructurii rutiere, piste de biciclete, introducerea conductei de gaz metan, unit\u0103\u021bi de \u00eenv\u0103\u021b\u0103m\u00e2nt noi, investi\u021biile \u00een domeniul sportului sau \u00een modernizarea zonei centrale.<\/p>\n<p>Potrivit primarului Vasile Iliu\u021b, unul dintre cele mai importante proiecte aflate \u00een derulare este introducerea conductei de gaz metan, pentru care firma care realizeaz\u0103 lucr\u0103rile a \u00eenceput deja \u00eencheierea contractelor de racordare cu cet\u0103\u021benii. \u201e\u00cen momentul \u00een care lucr\u0103rile la conductele de gaz vor fi finalizate, nu va mai fi nevoie s\u0103 intervenim \u0219i s\u0103 spargem trotuarele sau pistele de biciclete\u201d, a ar\u0103tat primarul.<\/p>\n<p data-start=\"793\" data-end=\"1115\">\u00cen paralel, el a ar\u0103tat c\u0103 se lucreaz\u0103 intens la dezvoltarea infrastructurii sportive. Vasile Ilu\u021b a spus c\u0103 baza sportiv\u0103 se modernizeaz\u0103, fiind realizate tribune \u0219i vestiare. El a subliniat \u0219i evolu\u021bia echipei locale de fotbal, care a ocupat locul al doilea \u00een sezonul trecut \u0219i \u00ee\u0219i propune s\u0103 r\u0103m\u00e2n\u0103 tot \u00een top.<\/p>\n<p data-start=\"1117\" data-end=\"1514\">\u201eAvem investi\u021bii de amploare \u0219i \u00een domeniul educa\u021biei educa\u021biei. Vorbim de dou\u0103 s\u0103li de sport, la \u0218coala Gimnazial\u0103 nr. 3 Plai \u0219i \u0218coala Gimnazial\u0103 nr. 2 Laura, care sunt \u00een curs de realizare. La acestea se adaug\u0103 lucr\u0103rile la o \u0219coal\u0103 verde de tip nZEB din Bivol\u0103rie, care se apropie de final. De asemenea, se construie\u0219te o cre\u0219\u0103 prin Compania Na\u021bional\u0103 de Investi\u021bii, cu finan\u021bare prin PNRR, iar o nou\u0103 gr\u0103dini\u021b\u0103 va fi dat\u0103 \u00een folosin\u021b\u0103 \u00een zona Laura\u201d, a declarat primarul ora\u0219ului Vicovu de Sus.<\/p>\n<p data-start=\"1516\" data-end=\"1853\">El a mai spus c\u0103 \u00een perioada urm\u0103toare, prim\u0103ria va semna contracte pentru realizarea unui pod pietonal care va lega centrul ora\u0219ului de zona Bivol\u0103rie, Academia \u201eMihai Roman\u201d \u0219i zona cu piste de biciclete. Edi\u021bul a ar\u0103tat c\u0103 lucr\u0103rile pentru piste au \u00eenceput deja pe strada Calea Bucovinei \u0219i vor continua pe Calea Cern\u0103u\u021bi \u0219i Calea \u0218tefan cel Mare.<\/p>\n<p data-start=\"1855\" data-end=\"2132\">Un alt obiectiv important \u00eel reprezint\u0103 finalizarea lucr\u0103rilor la re\u021belele de ap\u0103 \u0219i canalizare, despre care Vasile Iliu\u021b a spus c\u0103 sper\u0103 ca anul acesta s\u0103 se apropie de finalizare. \u201eVreau s\u0103 subliniez c\u0103 am pornit de jos, cu introducerea conductelor, \u0219i vom continua cu asfaltarea \u0219i betonarea str\u0103zilor\u201d, a precizat primarul.<\/p>\n<p data-start=\"2134\" data-end=\"2363\">Vasile Iliu\u021b a mai declarat c\u0103 planurile de dezvoltare includ \u0219i modernizarea zonei centrale a ora\u0219ului, proiect care a ob\u021binut un punctaj ridicat pentru finan\u021bare prin ADR Nord-Est. Iliu\u021b a spus c\u0103 acesta prevede amenajarea pie\u021bei centrale, a spa\u021biilor verzi \u0219i a parcurilor.<\/p>\n<p data-start=\"2365\" data-end=\"2528\">\u00cen ceea ce prive\u0219te mobilitatea urban\u0103, Prim\u0103ria Vicovu de Sus preg\u0103te\u0219te \u0219i deschiderea transportului public local, pentru care exist\u0103 deja 10 microbuze electrice \u0219i urmeaz\u0103 s\u0103 fie primite \u00eenc\u0103 dou\u0103 autobuze.<\/p>\n<p data-start=\"2530\" data-end=\"2906\" data-is-last-node data-is-only-node>Primarul Vasile Iliu\u021b a recunoscut c\u0103 ritmul lucr\u0103rilor a fost afectat de \u00eent\u00e2rzierea aprob\u0103rii bugetului de stat pentru acest an, dar a subliniat c\u0103 proiectele continu\u0103. \u201eNu a fost u\u0219or, avem mult\u0103 munc\u0103 \u0219i disconfort, dar oamenii au avut r\u0103bdare \u0219i au \u00een\u021beles. Nu m\u0103 dau b\u0103tut. Am promis c\u0103 voi readuce Vicovu de Sus acolo unde merit\u0103 \u0219i va fi unul dintre cele mai frumoase ora\u0219e din Bucovina\u201d, a declarat Vasile Iliu\u021b.<\/p>\n<\/div>\n<p>[analyse_source url=&#8221;https:\/\/www.svnews.ro\/primaria-vicovu-de-sus-a-inceput-in-forta-lucrarile-la-proiectele-de-dezvoltare-din-oras-vasile-iliut-vicovu-de-sus-va-fi-unul-dintre-cele-mai-frumoase-orase-din-bucovina\/528375\/&#8221;]<\/p>\n","protected":false},"excerpt":{"rendered":"<p>[analyse_image type=&#8221;featured&#8221; src=&#8221;https:\/\/img.svnews.ro\/foto\/2026\/04\/09\/528375\/f77eef399c97d0b637a4087bd.jpeg&#8221;] Primarul din Vicovu de Sus, Vasile Iliu\u021b, a anun\u021bat c\u0103 \u00een momentul de fa\u021b\u0103 se lucreaz\u0103 la proiectele de dezvoltare din acest ora\u0219, respectiv modernizarea infrastructurii rutiere, piste de biciclete, introducerea conductei de gaz metan, unit\u0103\u021bi de \u00eenv\u0103\u021b\u0103m\u00e2nt noi, investi\u021biile \u00een domeniul sportului sau \u00een modernizarea zonei centrale. Potrivit primarului Vasile Iliu\u021b, [&hellip;]<\/p>\n","protected":false},"author":1,"featured_media":0,"comment_status":"open","ping_status":"","sticky":false,"template":"","format":"standard","meta":{"footnotes":""},"categories":[89],"tags":[226,175],"class_list":["post-1878848","post","type-post","status-publish","format-standard","hentry","category-romania","tag-crawlmanager","tag-svnews-ro"],"_links":{"self":[{"href":"https:\/\/analyse.optim.biz\/index.php?rest_route=\/wp\/v2\/posts\/1878848","targetHints":{"allow":["GET"]}}],"collection":[{"href":"https:\/\/analyse.optim.biz\/index.php?rest_route=\/wp\/v2\/posts"}],"about":[{"href":"https:\/\/analyse.optim.biz\/index.php?rest_route=\/wp\/v2\/types\/post"}],"author":[{"embeddable":true,"href":"https:\/\/analyse.optim.biz\/index.php?rest_route=\/wp\/v2\/users\/1"}],"replies":[{"embeddable":true,"href":"https:\/\/analyse.optim.biz\/index.php?rest_route=%2Fwp%2Fv2%2Fcomments&post=1878848"}],"version-history":[{"count":0,"href":"https:\/\/analyse.optim.biz\/index.php?rest_route=\/wp\/v2\/posts\/1878848\/revisions"}],"wp:attachment":[{"href":"https:\/\/analyse.optim.biz\/index.php?rest_route=%2Fwp%2Fv2%2Fmedia&parent=1878848"}],"wp:term":[{"taxonomy":"category","embeddable":true,"href":"https:\/\/analyse.optim.biz\/index.php?rest_route=%2Fwp%2Fv2%2Fcategories&post=1878848"},{"taxonomy":"post_tag","embeddable":true,"href":"https:\/\/analyse.optim.biz\/index.php?rest_route=%2Fwp%2Fv2%2Ftags&post=1878848"}],"curies":[{"name":"wp","href":"https:\/\/api.w.org\/{rel}","templated":true}]}}