{"id":187883,"date":"2015-01-21T18:12:19","date_gmt":"2015-01-21T15:12:19","guid":{"rendered":"https:\/\/analyse.optim.biz\/?p=187883"},"modified":"2015-01-21T18:12:19","modified_gmt":"2015-01-21T15:12:19","slug":"seful-cj-hunedoara-isi-pierde-functia","status":"publish","type":"post","link":"https:\/\/analyse.optim.biz\/?p=187883","title":{"rendered":"\u0218eful CJ Hunedoara \u00ee\u0219i pierde func\u021bia"},"content":{"rendered":"<div class=\"entry data-app-meta data-app-meta-article\" data-embed-base-url-canonical=\"https:\/\/www.digi24.ro\/embed\/stiri\/actualitate\/politica\/seful-cj-hunedoara-isi-pierde-functia-350003\">\n<p data-index=\"1\"><strong>Decizia a fost luat\u0103 de magistra\u0163ii Instan\u0163ei Supreme.<\/strong> Agen\u0163ia Na\u0163ional\u0103 de Integritate a constatat c\u0103 Mircea Molo\u0163 a fost \u015fi \u00een Consiliul de Administra\u0163ie al unei societ\u0103\u0163i care avea contracte cu Consiliul Jude\u0163ean.<\/p>\n<p data-index=\"2\"><strong>Potrivit legii, timp de trei ani, Mircea Molo\u021b nu mai are voie s\u0103 de\u0163in\u0103 nicio alt\u0103 demnitate public\u0103.<\/strong> Mircea Molo\u0163 este \u00een prezent suspedat din func\u0163ie \u015fi este cercetat pentru corup\u0163ie de procurorii DNA.<\/p>\n<\/div>\n<p> Source URL: https:\/\/www.digi24.ro\/stiri\/actualitate\/politica\/seful-cj-hunedoara-isi-pierde-functia-350003<\/p>\n","protected":false},"excerpt":{"rendered":"<p>Decizia a fost luat\u0103 de magistra\u0163ii Instan\u0163ei Supreme. Agen\u0163ia Na\u0163ional\u0103 de Integritate a constatat c\u0103 Mircea Molo\u0163 a fost \u015fi \u00een Consiliul de Administra\u0163ie al unei societ\u0103\u0163i care avea contracte cu Consiliul Jude\u0163ean. Potrivit legii, timp de trei ani, Mircea Molo\u021b nu mai are voie s\u0103 de\u0163in\u0103 nicio alt\u0103 demnitate public\u0103. Mircea Molo\u0163 este \u00een [&hellip;]<\/p>\n","protected":false},"author":1,"featured_media":187884,"comment_status":"open","ping_status":"","sticky":false,"template":"","format":"standard","meta":{"footnotes":""},"categories":[2],"tags":[11],"class_list":["post-187883","post","type-post","status-publish","format-standard","has-post-thumbnail","hentry","category-politics","tag-digi24"],"_links":{"self":[{"href":"https:\/\/analyse.optim.biz\/index.php?rest_route=\/wp\/v2\/posts\/187883","targetHints":{"allow":["GET"]}}],"collection":[{"href":"https:\/\/analyse.optim.biz\/index.php?rest_route=\/wp\/v2\/posts"}],"about":[{"href":"https:\/\/analyse.optim.biz\/index.php?rest_route=\/wp\/v2\/types\/post"}],"author":[{"embeddable":true,"href":"https:\/\/analyse.optim.biz\/index.php?rest_route=\/wp\/v2\/users\/1"}],"replies":[{"embeddable":true,"href":"https:\/\/analyse.optim.biz\/index.php?rest_route=%2Fwp%2Fv2%2Fcomments&post=187883"}],"version-history":[{"count":0,"href":"https:\/\/analyse.optim.biz\/index.php?rest_route=\/wp\/v2\/posts\/187883\/revisions"}],"wp:featuredmedia":[{"embeddable":true,"href":"https:\/\/analyse.optim.biz\/index.php?rest_route=\/wp\/v2\/media\/187884"}],"wp:attachment":[{"href":"https:\/\/analyse.optim.biz\/index.php?rest_route=%2Fwp%2Fv2%2Fmedia&parent=187883"}],"wp:term":[{"taxonomy":"category","embeddable":true,"href":"https:\/\/analyse.optim.biz\/index.php?rest_route=%2Fwp%2Fv2%2Fcategories&post=187883"},{"taxonomy":"post_tag","embeddable":true,"href":"https:\/\/analyse.optim.biz\/index.php?rest_route=%2Fwp%2Fv2%2Ftags&post=187883"}],"curies":[{"name":"wp","href":"https:\/\/api.w.org\/{rel}","templated":true}]}}