{"id":187872,"date":"2015-01-21T22:08:02","date_gmt":"2015-01-21T19:08:02","guid":{"rendered":"https:\/\/analyse.optim.biz\/?p=187872"},"modified":"2015-01-21T22:08:02","modified_gmt":"2015-01-21T19:08:02","slug":"emil-hurezeanu-despre-bilantul-presedintelui-klaus-iohannis-nu-era-nevoie-e-intr-o-perioada-de-ucenicie","status":"publish","type":"post","link":"https:\/\/analyse.optim.biz\/?p=187872","title":{"rendered":"Emil Hurezeanu, despre bilan\u021bul pre\u0219edintelui Klaus Iohannis: \u201eNu era nevoie.\u00a0E \u00eentr-o perioad\u0103 de ucenicie\u201d"},"content":{"rendered":"<div class=\"entry data-app-meta data-app-meta-article\" data-embed-base-url-canonical=\"https:\/\/www.digi24.ro\/embed\/stiri\/actualitate\/politica\/emil-hurezeanu-despre-bilantul-presedintelui-klaus-iohannis-nu-era-nevoie-e-intr-o-perioada-de-ucenicie-350076\">\n<p data-index=\"1\">Jurnalistul Emil Hurezeanu a comentat la Digi24 gestul<a href=\"https:\/\/www.digi24.ro\/Stiri\/Digi24\/Actualitate\/Politica\/Bilantul+presedintelui+Klaus+Iohannis+la+30+de+zile+de+mandat\" target=\"_blank\" data-skip-linkfix=\"1\" rel=\"noopener\"> pre\u0219edintelui Rom\u00e2niei de a face un bilan\u021b la sf\u00e2r\u0219itul primei luni<\/a>\u00a0de mandat. De\u0219i recunoa\u0219te c\u0103 nu se num\u0103r\u0103 printre cei care cred c\u0103 Iohannis \u201en-a decolat\u201d, Emil Hurezeanu spune c\u0103 acesta \u201eare o logic\u0103 \u00eenc\u0103 necristalizat\u0103 a exerci\u021biului preziden\u021bial \u0219i a comunic\u0103rii privind acest exerci\u021biu\u201d.<\/p>\n<p data-index=\"2\">\u201e<span><strong>E \u00eentr-o perioad\u0103 de ucenicie. O fi prelungit-o, trebuia s\u0103 fie mai scurt\u0103<\/strong>. \u00cen m\u0103sura \u00een care nu face mare lucru se simte obligat s\u0103 vorbeasc\u0103 la o lun\u0103 despre asta. E o perioad\u0103 de acomodare, cu propriii consilieri. Aud c\u0103 nu o s\u0103 participe la Summit-ul ceremonial de la Auschwitz, o s\u0103 trimit\u0103 un consilier preziden\u021bial. <\/span><\/p>\n<p data-index=\"3\"><strong>Aud c\u0103 evit\u0103 participarea la conferin\u021ba pentru securitate din 7 februarie de la Munchen<\/strong>, care este principalul forum de reflec\u021bie strategic\u0103 Est-Vest, adic\u0103 Statele Unite, Europa, Rusia \u0219i China. Probabil e prea devreme. Ceea ce ar putea s\u0103 fie un risc, \u00eentre ghilimele, un risc benign, este s\u0103 r\u0103m\u00e2n\u0103 ag\u0103\u021bat de ceea ce crede c\u0103 l-a f\u0103cut sau a fost unul din autorii c\u00e2\u0219tigului s\u0103u \u00een noiembrie \u0219i anume aceast\u0103 coresponden\u021b\u0103 \u00een timp real pe Facebook, cu cei care pe care-i cunoa\u0219te, pe care nu-i cunoa\u0219te. <\/p>\n<p data-index=\"4\"><strong>Acest stil s-ar putea s\u0103-i concentreze mai multe energii dec\u00e2t activitatea<\/strong>, dec\u00e2t ar avea nevoie \u00een ac\u021biunile preziden\u021biale. Nu sunt partizanul \u00eenchist\u0103rii pre\u0219edintelui, dar intr\u00e2nd \u00een \u0219uvoiul \u0103sta al comunic\u0103rii moderne risc\u0103 s\u0103 se trezeasc\u0103 cu scrisori deschise din partea unui medic stagiar, a unui economist de la funda\u021bia Universit\u0103\u021bii M\u0103rii Negre care \u00eei cere s\u0103 se pronun\u021be \u00een leg\u0103tur\u0103 cu situa\u021bia din Moldova. El nu este un comandant al o\u0219tilor de str\u00e2nsur\u0103, cu tot respectul pe care-l am pentru oamenii care au dreptul s\u0103 g\u00e2ndeasc\u0103.<strong> Un registru paralel trebuie s\u0103 fie leg\u0103tura cu electoratul. Are obliga\u021bii de a ocupa locul formal<\/strong>\u201d, a spus Emil Hurezeanu la Digi24.<\/p>\n<\/div>\n<p> Source URL: https:\/\/www.digi24.ro\/stiri\/actualitate\/politica\/emil-hurezeanu-despre-bilantul-presedintelui-klaus-iohannis-nu-era-nevoie-e-intr-o-perioada-de-ucenicie-350076<\/p>\n","protected":false},"excerpt":{"rendered":"<p>Jurnalistul Emil Hurezeanu a comentat la Digi24 gestul pre\u0219edintelui Rom\u00e2niei de a face un bilan\u021b la sf\u00e2r\u0219itul primei luni\u00a0de mandat. De\u0219i recunoa\u0219te c\u0103 nu se num\u0103r\u0103 printre cei care cred c\u0103 Iohannis \u201en-a decolat\u201d, Emil Hurezeanu spune c\u0103 acesta \u201eare o logic\u0103 \u00eenc\u0103 necristalizat\u0103 a exerci\u021biului preziden\u021bial \u0219i a comunic\u0103rii privind acest exerci\u021biu\u201d. \u201eE \u00eentr-o [&hellip;]<\/p>\n","protected":false},"author":1,"featured_media":187873,"comment_status":"open","ping_status":"","sticky":false,"template":"","format":"standard","meta":{"footnotes":""},"categories":[2],"tags":[11],"class_list":["post-187872","post","type-post","status-publish","format-standard","has-post-thumbnail","hentry","category-politics","tag-digi24"],"_links":{"self":[{"href":"https:\/\/analyse.optim.biz\/index.php?rest_route=\/wp\/v2\/posts\/187872","targetHints":{"allow":["GET"]}}],"collection":[{"href":"https:\/\/analyse.optim.biz\/index.php?rest_route=\/wp\/v2\/posts"}],"about":[{"href":"https:\/\/analyse.optim.biz\/index.php?rest_route=\/wp\/v2\/types\/post"}],"author":[{"embeddable":true,"href":"https:\/\/analyse.optim.biz\/index.php?rest_route=\/wp\/v2\/users\/1"}],"replies":[{"embeddable":true,"href":"https:\/\/analyse.optim.biz\/index.php?rest_route=%2Fwp%2Fv2%2Fcomments&post=187872"}],"version-history":[{"count":0,"href":"https:\/\/analyse.optim.biz\/index.php?rest_route=\/wp\/v2\/posts\/187872\/revisions"}],"wp:featuredmedia":[{"embeddable":true,"href":"https:\/\/analyse.optim.biz\/index.php?rest_route=\/wp\/v2\/media\/187873"}],"wp:attachment":[{"href":"https:\/\/analyse.optim.biz\/index.php?rest_route=%2Fwp%2Fv2%2Fmedia&parent=187872"}],"wp:term":[{"taxonomy":"category","embeddable":true,"href":"https:\/\/analyse.optim.biz\/index.php?rest_route=%2Fwp%2Fv2%2Fcategories&post=187872"},{"taxonomy":"post_tag","embeddable":true,"href":"https:\/\/analyse.optim.biz\/index.php?rest_route=%2Fwp%2Fv2%2Ftags&post=187872"}],"curies":[{"name":"wp","href":"https:\/\/api.w.org\/{rel}","templated":true}]}}