{"id":1878583,"date":"2026-04-12T08:50:56","date_gmt":"2026-04-12T05:50:56","guid":{"rendered":"https:\/\/analyse.optim.biz\/?p=1878583"},"modified":"2026-04-12T08:50:56","modified_gmt":"2026-04-12T05:50:56","slug":"mesajul-lui-nicusor-dan-de-paste","status":"publish","type":"post","link":"https:\/\/analyse.optim.biz\/?p=1878583","title":{"rendered":"Mesajul lui Nicu\u0219or Dan de Pa\u0219te:"},"content":{"rendered":"<p>[analyse_image type=&#8221;featured&#8221; src=&#8221;https:\/\/focustim.ro\/wp-content\/uploads\/2026\/04\/nicusor-dan.jpg&#8221;]<\/p>\n<article id=\"post-39947\" class=\"penci-single-artcontent noloaddisqus post-39947 post type-post status-publish format-standard has-post-thumbnail hentry category-actualitate category-featured category-social tag-hristos tag-inviat tag-mesaj penci-post-item\">\n<header class=\"entry-header penci-entry-header penci-title-\">\n<div class=\"penci-entry-categories\"><span class=\"penci-cat-links\"><a href=\"https:\/\/focustim.ro\/category\/actualitate\/\" rel=\"category tag\">Actualitate<\/a><a href=\"https:\/\/focustim.ro\/category\/featured\/\" rel=\"category tag\">Featured<\/a><a href=\"https:\/\/focustim.ro\/category\/social\/\" rel=\"category tag\">Social<\/a><\/span><\/div>\n<h1 class=\"entry-title penci-entry-title penci-title-\">Mesajul lui Nicu\u0219or Dan de Pa\u0219te:<\/h1>\n<div class=\"entry-meta penci-entry-meta\"><span class=\"entry-meta-item penci-posted-on\"><time class=\"entry-date published\" datetime=\"2026-04-12T11:50:56+03:00\">12\/04\/2026<\/time><time class=\"updated\" datetime=\"2026-04-12T11:51:02+03:00\">12\/04\/2026<\/time><\/span><span class=\"entry-meta-item penci-comment-count\"><a class=\"penci_pmeta-link\" href=\"https:\/\/focustim.ro\/mesajul-lui-nicusor-dan-de-paste\/#respond\">0<\/a><\/span><\/div>\n<p><span class=\"penci-social-buttons penci-social-share-footer\"><span class=\"penci-social-share-text\">Distribuie<\/span><a href=\"https:\/\/focustim.ro\/mesajul-lui-nicusor-dan-de-paste\/\" class=\"penci-post-like penci_post-meta_item  single-like-button penci-social-item like\" data-post_id=\"39947\" title=\"Like\" data-like=\"Like\" data-unlike=\"Unlike\"><span class=\"penci-share-number\">0<\/span><\/a><\/span><\/header>\n<div class=\"entry-media penci-entry-media\">\n<div class=\"post-format-meta \">\n<div class=\"post-image penci-standard-format\"><img decoding=\"async\" width=\"960\" height=\"540\" src=\"https:\/\/focustim.ro\/wp-content\/uploads\/2026\/04\/nicusor-dan.jpg\" class=\"attachment-penci-thumb-960-auto size-penci-thumb-960-auto wp-post-image\" alt loading=\"lazy\"><\/div>\n<\/div>\n<\/div>\n<div class=\"penci-entry-content entry-content\">\n<p><strong>Pre\u0219edintele Nicu\u0219or Dan a transmis un mesaj special de Pa\u0219te pentru rom\u00e2ni. \u0218eful statului spune c\u0103 s\u0103rb\u0103toarea \u00cenvierii Domnului ne \u00eendeamn\u0103 la solidaritate \u0219i la ac\u021biuni pentru binele comun.<\/strong><\/p>\n<p>\u201eHristos a \u00cenviat!<\/p>\n<p>Este certitudinea care ne reaminte\u0219te \u00een fiecare an de triumful speran\u021bei \u0219i puterea rena\u0219terii, momentul \u00een care ne \u00eentoarcem la valorile care ne definesc \u2013 \u00eencrederea c\u0103 putem mai mult, iubirea \u0219i bun\u0103tatea fa\u021b\u0103 de semeni\u201d, a postat Dan pe Facebook.<\/p>\n<p>\u201eS\u0103rb\u0103torile pascale ne g\u0103sesc anul acesta \u00een vremuri marcate de incertitudini \u0219i crize severe, \u00een care mul\u021bi dintre noi sunt preocupa\u021bi \u00een mod firesc de grija pentru ziua de m\u00e2ine.<\/p>\n<p>V\u0103 \u00eendemn s\u0103 fim solidari nu doar \u00een spiritul tradi\u021biilor, ci \u0219i \u00een fapte, sprijinindu-ne pe convingerea c\u0103 binele are puterea de a schimba comunit\u0103\u021bi \u0219i de a vindeca o societate.<\/p>\n<p>Fie ca Lumina \u00cenvierii s\u0103 ne aduc\u0103 pacea sufleteasc\u0103 de care avem nevoie pentru a merge \u00eenainte, oric\u00e2t de anevoios ar p\u0103rea uneori drumul.<\/p>\n<p>V\u0103 doresc s\u0103rb\u0103tori senine, cu s\u0103n\u0103tate \u0219i oameni dragi al\u0103turi!\u201d.<\/p>\n<div class=\"sharedaddy sd-sharing-enabled\">\n<div class=\"robots-nocontent sd-block sd-social sd-social-icon-text sd-sharing\">\n<h3 class=\"sd-title\">Partajeaz\u0103 asta:<\/h3>\n<div class=\"sd-content\">\n<ul>\n<li class=\"share-twitter\"><a rel=\"nofollow noopener noreferrer\" data-shared=\"sharing-twitter-39947\" class=\"share-twitter sd-button share-icon\" href=\"https:\/\/focustim.ro\/mesajul-lui-nicusor-dan-de-paste\/?share=twitter\" target=\"_blank\" title=\"D\u0103 clic pentru a partaja pe Twitter\"><span>Twitter<\/span><\/a><\/li>\n<li class=\"share-facebook\"><a rel=\"nofollow noopener noreferrer\" data-shared=\"sharing-facebook-39947\" class=\"share-facebook sd-button share-icon\" href=\"https:\/\/focustim.ro\/mesajul-lui-nicusor-dan-de-paste\/?share=facebook\" target=\"_blank\" title=\"D\u0103 clic pentru a partaja pe Facebook\"><span>Facebook<\/span><\/a><\/li>\n<li class=\"share-end\"><\/ul>\n<\/div>\n<\/div>\n<\/div>\n<div class=\"sharedaddy sd-block sd-like jetpack-likes-widget-wrapper jetpack-likes-widget-unloaded\" id=\"like-post-wrapper-167025405-39947-69db660011f57\" data-src=\"https:\/\/widgets.wp.com\/likes\/#blog_id=167025405&amp;post_id=39947&amp;origin=focustim.ro&amp;obj_id=167025405-39947-69db660011f57\" data-name=\"like-post-frame-167025405-39947-69db660011f57\" data-title=\"Apreciaz\u0103 sau republic\u0103\">\n<h3 class=\"sd-title\">Apreciaz\u0103:<\/h3>\n<div class=\"likes-widget-placeholder post-likes-widget-placeholder\"><span class=\"button\"><span>Apreciere<\/span><\/span><span class=\"loading\">\u00cencarc&#8230;<\/span><\/div>\n<\/div>\n<\/div>\n<footer class=\"penci-entry-footer\">\n<div class=\"penci-source-via-tags-wrap\"><span class=\"tags-links penci-tags-links\"><a href=\"https:\/\/focustim.ro\/tag\/hristos\/\" rel=\"tag\">hristos<\/a><a href=\"https:\/\/focustim.ro\/tag\/inviat\/\" rel=\"tag\">inviat<\/a><a href=\"https:\/\/focustim.ro\/tag\/mesaj\/\" rel=\"tag\">mesaj<\/a><\/span><\/div>\n<p><span class=\"penci-social-buttons penci-social-share-footer\"><span class=\"penci-social-share-text\">Distribuie<\/span><a href=\"https:\/\/focustim.ro\/mesajul-lui-nicusor-dan-de-paste\/\" class=\"penci-post-like penci_post-meta_item  single-like-button penci-social-item like\" data-post_id=\"39947\" title=\"Like\" data-like=\"Like\" data-unlike=\"Unlike\"><span class=\"penci-share-number\">0<\/span><\/a><\/span><\/footer>\n<\/article>\n<div class=\"penci-entry-content entry-content\">\n<p><strong>Pre\u0219edintele Nicu\u0219or Dan a transmis un mesaj special de Pa\u0219te pentru rom\u00e2ni. \u0218eful statului spune c\u0103 s\u0103rb\u0103toarea \u00cenvierii Domnului ne \u00eendeamn\u0103 la solidaritate \u0219i la ac\u021biuni pentru binele comun.<\/strong><\/p>\n<p>\u201eHristos a \u00cenviat!<\/p>\n<p>Este certitudinea care ne reaminte\u0219te \u00een fiecare an de triumful speran\u021bei \u0219i puterea rena\u0219terii, momentul \u00een care ne \u00eentoarcem la valorile care ne definesc \u2013 \u00eencrederea c\u0103 putem mai mult, iubirea \u0219i bun\u0103tatea fa\u021b\u0103 de semeni\u201d, a postat Dan pe Facebook.<\/p>\n<p>\u201eS\u0103rb\u0103torile pascale ne g\u0103sesc anul acesta \u00een vremuri marcate de incertitudini \u0219i crize severe, \u00een care mul\u021bi dintre noi sunt preocupa\u021bi \u00een mod firesc de grija pentru ziua de m\u00e2ine.<\/p>\n<p>V\u0103 \u00eendemn s\u0103 fim solidari nu doar \u00een spiritul tradi\u021biilor, ci \u0219i \u00een fapte, sprijinindu-ne pe convingerea c\u0103 binele are puterea de a schimba comunit\u0103\u021bi \u0219i de a vindeca o societate.<\/p>\n<p>Fie ca Lumina \u00cenvierii s\u0103 ne aduc\u0103 pacea sufleteasc\u0103 de care avem nevoie pentru a merge \u00eenainte, oric\u00e2t de anevoios ar p\u0103rea uneori drumul.<\/p>\n<p>V\u0103 doresc s\u0103rb\u0103tori senine, cu s\u0103n\u0103tate \u0219i oameni dragi al\u0103turi!\u201d.<\/p>\n<div class=\"sharedaddy sd-sharing-enabled\">\n<div class=\"robots-nocontent sd-block sd-social sd-social-icon-text sd-sharing\">\n<h3 class=\"sd-title\">Partajeaz\u0103 asta:<\/h3>\n<div class=\"sd-content\">\n<ul>\n<li class=\"share-twitter\"><a rel=\"nofollow noopener noreferrer\" data-shared=\"sharing-twitter-39947\" class=\"share-twitter sd-button share-icon\" href=\"https:\/\/focustim.ro\/mesajul-lui-nicusor-dan-de-paste\/?share=twitter\" target=\"_blank\" title=\"D\u0103 clic pentru a partaja pe Twitter\"><span>Twitter<\/span><\/a><\/li>\n<li class=\"share-facebook\"><a rel=\"nofollow noopener noreferrer\" data-shared=\"sharing-facebook-39947\" class=\"share-facebook sd-button share-icon\" href=\"https:\/\/focustim.ro\/mesajul-lui-nicusor-dan-de-paste\/?share=facebook\" target=\"_blank\" title=\"D\u0103 clic pentru a partaja pe Facebook\"><span>Facebook<\/span><\/a><\/li>\n<li class=\"share-end\"><\/ul>\n<\/div>\n<\/div>\n<\/div>\n<div class=\"sharedaddy sd-block sd-like jetpack-likes-widget-wrapper jetpack-likes-widget-unloaded\" id=\"like-post-wrapper-167025405-39947-69db660011f57\" data-src=\"https:\/\/widgets.wp.com\/likes\/#blog_id=167025405&amp;post_id=39947&amp;origin=focustim.ro&amp;obj_id=167025405-39947-69db660011f57\" data-name=\"like-post-frame-167025405-39947-69db660011f57\" data-title=\"Apreciaz\u0103 sau republic\u0103\">\n<h3 class=\"sd-title\">Apreciaz\u0103:<\/h3>\n<div class=\"likes-widget-placeholder post-likes-widget-placeholder\"><span class=\"button\"><span>Apreciere<\/span><\/span><span class=\"loading\">\u00cencarc&#8230;<\/span><\/div>\n<\/div>\n<\/div>\n<p>[analyse_source url=&#8221;https:\/\/focustim.ro\/mesajul-lui-nicusor-dan-de-paste\/&#8221;]<\/p>\n","protected":false},"excerpt":{"rendered":"<p>[analyse_image type=&#8221;featured&#8221; src=&#8221;https:\/\/focustim.ro\/wp-content\/uploads\/2026\/04\/nicusor-dan.jpg&#8221;] ActualitateFeaturedSocial Mesajul lui Nicu\u0219or Dan de Pa\u0219te: 12\/04\/202612\/04\/20260 Distribuie0 Pre\u0219edintele Nicu\u0219or Dan a transmis un mesaj special de Pa\u0219te pentru rom\u00e2ni. \u0218eful statului spune c\u0103 s\u0103rb\u0103toarea \u00cenvierii Domnului ne \u00eendeamn\u0103 la solidaritate \u0219i la ac\u021biuni pentru binele comun. \u201eHristos a \u00cenviat! Este certitudinea care ne reaminte\u0219te \u00een fiecare an de triumful speran\u021bei [&hellip;]<\/p>\n","protected":false},"author":1,"featured_media":0,"comment_status":"open","ping_status":"","sticky":false,"template":"","format":"standard","meta":{"footnotes":""},"categories":[89],"tags":[226,197],"class_list":["post-1878583","post","type-post","status-publish","format-standard","hentry","category-romania","tag-crawlmanager","tag-focustim-ro"],"_links":{"self":[{"href":"https:\/\/analyse.optim.biz\/index.php?rest_route=\/wp\/v2\/posts\/1878583","targetHints":{"allow":["GET"]}}],"collection":[{"href":"https:\/\/analyse.optim.biz\/index.php?rest_route=\/wp\/v2\/posts"}],"about":[{"href":"https:\/\/analyse.optim.biz\/index.php?rest_route=\/wp\/v2\/types\/post"}],"author":[{"embeddable":true,"href":"https:\/\/analyse.optim.biz\/index.php?rest_route=\/wp\/v2\/users\/1"}],"replies":[{"embeddable":true,"href":"https:\/\/analyse.optim.biz\/index.php?rest_route=%2Fwp%2Fv2%2Fcomments&post=1878583"}],"version-history":[{"count":0,"href":"https:\/\/analyse.optim.biz\/index.php?rest_route=\/wp\/v2\/posts\/1878583\/revisions"}],"wp:attachment":[{"href":"https:\/\/analyse.optim.biz\/index.php?rest_route=%2Fwp%2Fv2%2Fmedia&parent=1878583"}],"wp:term":[{"taxonomy":"category","embeddable":true,"href":"https:\/\/analyse.optim.biz\/index.php?rest_route=%2Fwp%2Fv2%2Fcategories&post=1878583"},{"taxonomy":"post_tag","embeddable":true,"href":"https:\/\/analyse.optim.biz\/index.php?rest_route=%2Fwp%2Fv2%2Ftags&post=1878583"}],"curies":[{"name":"wp","href":"https:\/\/api.w.org\/{rel}","templated":true}]}}