{"id":187858,"date":"2015-01-22T00:50:57","date_gmt":"2015-01-21T21:50:57","guid":{"rendered":"https:\/\/analyse.optim.biz\/?p=187858"},"modified":"2015-01-22T00:50:57","modified_gmt":"2015-01-21T21:50:57","slug":"mircea-geoana-voi-propune-o-platforma-pentru-congresul-psd-voi-candida-alaturi-de-alti-colegi","status":"publish","type":"post","link":"https:\/\/analyse.optim.biz\/?p=187858","title":{"rendered":"Mircea Geoan\u0103: Voi propune o platform\u0103 pentru Congresul PSD, voi candida al\u0103turi de al\u0163i colegi"},"content":{"rendered":"<div class=\"entry data-app-meta data-app-meta-article\" data-embed-base-url-canonical=\"https:\/\/www.digi24.ro\/embed\/stiri\/actualitate\/politica\/mircea-geoana-voi-propune-o-platforma-pentru-congresul-psd-voi-candida-alaturi-de-alti-colegi-350100\">\n<p data-index=\"1\"><img decoding=\"async\" src=\"https:\/\/analyse.optim.biz\/wp-content\/uploads\/2024\/09\/ytnjzwrimdhjmtmwnjgxyziwogzjzjexza-thumb_.jpg\" data-skip-htmlfix=\"1\" title=\"ytnjzwrimdhjmtmwnjgxyziwogzjzjexza-thumb_\"><\/p>\n<p data-index=\"2\"><span><em><span>Foto: Mediafax<\/span><\/em><\/span><\/p>\n<p data-index=\"3\">Exclus din PSD \u00een noiembrie anul trecut, Mircea Geoan\u0103 a fost \u00eentrebat, miercuri, la <a href=\"http:\/\/www.gandul.info\/\" target=\"_blank\" data-skip-linkfix=\"1\" rel=\"noopener\">G\u00e2ndul Live<\/a>, dac\u0103, \u00een cazul \u00een care ar putea, ar candida la \u015fefia PSD.<\/p>\n<p data-index=\"4\">\u201e<span>\u00cen orice organiza\u0163ie politic\u0103, (&#8230;) Congresul este forul suprem, acolo se tran\u015feaz\u0103 toate subiectele, inclusiv de genul excluderii pe care Ponta \u015fi un num\u0103r de acoli\u0163i au f\u0103cut-o \u00een mod abuziv (&#8230;). Voi propune partidului \u00een urm\u0103toarele zile, \u00een urm\u0103toarele s\u0103pt\u0103m\u00e2ni, un proiect politic pentru Rom\u00e2nia, dintr-o perspectiv\u0103 de st\u00e2nga autentic\u0103, \u00eentor\u015fi la valorile noastre \u015fi la ideologia noastr\u0103 fundamental\u0103, pe criterii de integritate \u015fi competen\u0163\u0103 pentru oamenii pe care-i propunem. Voi propune o platform\u0103 pentru Congresul PSD \u015fi voi aduna \u00een jurul acestei platforme, sunt convins, foarte mul\u0163i colegi \u015fi colege din genera\u0163iile mai tinere, cele mai experimentate \u015fi sunt convins c\u0103 vom avea c\u00e2\u015ftig de cauz\u0103. \u00cen acest moment, eu sus\u0163in proiectul, nu at\u00e2t pozi\u0163ia. Nu exclud aceast\u0103 posibilitate, dar \u00een esen\u0163\u0103 proiectul m\u0103 intereseaz\u0103 mai mult dec\u00e2t orice. (&#8230;) Vreau s\u0103 ajungem \u00een Congres (&#8230;), voi candida al\u0103turi de al\u0163i colegi. Nu pozi\u0163iile sunt importante acum, nu este scopul meu \u00een via\u0163\u0103 s\u0103 fiu pre\u015fedinte la PSD sau la noul PSD \u00een eternitate. \u00cen acest moment, nu pozi\u0163ia mea este important\u0103, ci calitatea proiectului \u015fi calitatea oamenilor care sus\u0163in acest proiect\u201d, a spus Mircea Geoan\u0103, potrivit Mediafax.<\/span><\/p>\n<p data-index=\"5\">El a ad\u0103ugat c\u0103 are \u201eresponsabilitatea\u201d s\u0103 ofere partidului din care provine \u015fi pe care l-a condus \u201e\u015fansa unui nou \u00eenceput\u201d, men\u0163ion\u00e2nd c\u0103 aceasta ar \u00eensemna \u201eo platform\u0103\u201d cu care s\u0103 mearg\u0103 la congres.<\/p>\n<p data-index=\"6\">\u201e<span>\u00cen condi\u0163iile \u00een care partidul va continua s\u0103 mearg\u0103 a\u015fa cum merge, s\u0103 r\u0103m\u00e2n\u0103 la conducere cu Victor Ponta \u015fi cu Liviu Dragnea, atunci voi avea obliga\u0163ia ca noul PSD s\u0103 fie \u00eenceput ca un proiect nou, ca un partid nou\u201d, a ad\u0103ugat Mircea Geoan\u0103.<\/span><\/p>\n<\/div>\n<p> Source URL: https:\/\/www.digi24.ro\/stiri\/actualitate\/politica\/mircea-geoana-voi-propune-o-platforma-pentru-congresul-psd-voi-candida-alaturi-de-alti-colegi-350100<\/p>\n","protected":false},"excerpt":{"rendered":"<p>Foto: Mediafax Exclus din PSD \u00een noiembrie anul trecut, Mircea Geoan\u0103 a fost \u00eentrebat, miercuri, la G\u00e2ndul Live, dac\u0103, \u00een cazul \u00een care ar putea, ar candida la \u015fefia PSD. \u201e\u00cen orice organiza\u0163ie politic\u0103, (&#8230;) Congresul este forul suprem, acolo se tran\u015feaz\u0103 toate subiectele, inclusiv de genul excluderii pe care Ponta \u015fi un num\u0103r de [&hellip;]<\/p>\n","protected":false},"author":1,"featured_media":187859,"comment_status":"open","ping_status":"","sticky":false,"template":"","format":"standard","meta":{"footnotes":""},"categories":[2],"tags":[11],"class_list":["post-187858","post","type-post","status-publish","format-standard","has-post-thumbnail","hentry","category-politics","tag-digi24"],"_links":{"self":[{"href":"https:\/\/analyse.optim.biz\/index.php?rest_route=\/wp\/v2\/posts\/187858","targetHints":{"allow":["GET"]}}],"collection":[{"href":"https:\/\/analyse.optim.biz\/index.php?rest_route=\/wp\/v2\/posts"}],"about":[{"href":"https:\/\/analyse.optim.biz\/index.php?rest_route=\/wp\/v2\/types\/post"}],"author":[{"embeddable":true,"href":"https:\/\/analyse.optim.biz\/index.php?rest_route=\/wp\/v2\/users\/1"}],"replies":[{"embeddable":true,"href":"https:\/\/analyse.optim.biz\/index.php?rest_route=%2Fwp%2Fv2%2Fcomments&post=187858"}],"version-history":[{"count":0,"href":"https:\/\/analyse.optim.biz\/index.php?rest_route=\/wp\/v2\/posts\/187858\/revisions"}],"wp:featuredmedia":[{"embeddable":true,"href":"https:\/\/analyse.optim.biz\/index.php?rest_route=\/wp\/v2\/media\/187859"}],"wp:attachment":[{"href":"https:\/\/analyse.optim.biz\/index.php?rest_route=%2Fwp%2Fv2%2Fmedia&parent=187858"}],"wp:term":[{"taxonomy":"category","embeddable":true,"href":"https:\/\/analyse.optim.biz\/index.php?rest_route=%2Fwp%2Fv2%2Fcategories&post=187858"},{"taxonomy":"post_tag","embeddable":true,"href":"https:\/\/analyse.optim.biz\/index.php?rest_route=%2Fwp%2Fv2%2Ftags&post=187858"}],"curies":[{"name":"wp","href":"https:\/\/api.w.org\/{rel}","templated":true}]}}