{"id":1878458,"date":"2026-04-11T18:27:50","date_gmt":"2026-04-11T15:27:50","guid":{"rendered":"https:\/\/analyse.optim.biz\/?p=1878458"},"modified":"2026-04-11T18:27:50","modified_gmt":"2026-04-11T15:27:50","slug":"ps-damaschin-dorneanul-la-preluarea-luminii-sfinte-nu-lasati-ca-nimic-si-ca-nimeni-sa-va-strice-sarbatoarea-aceasta-sa-i-multumim-lui-dumnezeu-pentru-pacea-si-tihna-pe-care-o-avem","status":"publish","type":"post","link":"https:\/\/analyse.optim.biz\/?p=1878458","title":{"rendered":"PS Damaschin Dorneanul la preluarea Luminii Sfinte: Nu l\u0103sa\u021bi ca nimic \u0219i ca nimeni s\u0103 v\u0103 strice s\u0103rb\u0103toarea aceasta. S\u0103-I mul\u021bumim lui Dumnezeu pentru pacea \u0219i tihna pe care o avem"},"content":{"rendered":"<p>[analyse_image type=&#8221;featured&#8221; src=&#8221;https:\/\/www.newsbucovina.ro\/wp-content\/uploads\/2026\/04\/Damaschin.pnghttps:\/\/cdn.newsbucovina.ro\/wp-content\/uploads\/2026\/04\/Damaschin.png&#8221;]<\/p>\n<div class=\"td-post-content tagdiv-type\">\n<div class=\"td-a-rec td-a-rec-id-content_top  tdi_3 td_block_template_1\"><strong>Intr\u0103 acum \u0219i \u00een grupul de <\/p>\n<div class=\"wp-block-button\"><a class=\"wp-block-button__link wp-element-button\" href=\"https:\/\/t.me\/+TH8wcfnp8fw5NWI0\">Telegram News Bucovina<\/a><\/div>\n<p><\/strong><\/div>\n<p>Episcopul-vicar al Arhiepiscopiei Sucevei \u0219i R\u0103d\u0103u\u021bilor, PS Damaschin Dorneanul, \u00a0a preluat, s\u00e2mb\u0103t\u0103, 11 aprilie 2026, Lumina Sf\u00e2nt\u0103 de la Aeroportul Interna\u021bional \u201e\u0218tefan cel Mare\u201d Suceava, pentru a fi distribuit\u0103 \u00een toate parohiile eparhiei.<\/p>\n<figure class=\"wp-block-image size-large\"><a href=\"https:\/\/cdn.newsbucovina.ro\/wp-content\/uploads\/2026\/04\/Damaschin.png\"><img loading=\"lazy\" decoding=\"async\" width=\"1024\" height=\"569\" src=\"https:\/\/cdn.newsbucovina.ro\/wp-content\/uploads\/2026\/04\/Damaschin-1024x569.png\" alt class=\"wp-image-436133\"><\/a><\/figure>\n<p>La sosirea Luminii, Preasfin\u021bitul P\u0103rinte Damaschin a transmis un mesaj pastoral \u00eenc\u0103rcat de speran\u021b\u0103 \u0219i \u00eencurajare c\u0103tre credincio\u0219ii din Bucovina, \u00eentr-un context marcat de incertitudine \u0219i nelini\u0219te la nivel mondial.<\/p>\n<p>\u201e\u00cen timpurile acestea grele de incertitudine \u0219i nelini\u0219te, de conflicte mai aproape sau mai departe, noi, cei de aici, din Rom\u00e2nia, din Bucovina, s\u0103-I mul\u021bumim lui Dumnezeu pentru pacea \u0219i tihna pe care o avem\u201d, a spus PS Damaschin Dorneanul.<\/p>\n<p>Episcopul-vicar i-a \u00eendemnat pe credincio\u0219i s\u0103 protejeze bucuria S\u0103rb\u0103torii \u00cenvierii \u0219i s\u0103 nu lase nimic s\u0103 le strice aceast\u0103 mare bucurie pascal\u0103:<\/p>\n<p>\u201eV\u0103 rog, nu l\u0103sa\u021bi ca nimic \u0219i ca nimeni s\u0103 v\u0103 strice s\u0103rb\u0103toarea aceasta. Trece\u021bi peste toate! L\u0103sa\u021bi relele care au fost! L\u0103sa\u021bi ca lumina aceasta s\u0103 nu fie doar o lum\u00e2nare pe care s\u0103 o \u021binem \u00een m\u00e2n\u0103 \u0219i care s\u0103 ne lumineze din afar\u0103, ci fi\u021bi dumneavoastr\u0103 lumin\u0103 pentru cei din familia dumneavoastr\u0103, pentru cei din comunitate, pentru to\u021bi cei pe care \u00eei iubi\u021bi.\u201d<\/p>\n<p>Mesajul Preasfin\u021bitului Damaschin subliniaz\u0103 transformarea interioar\u0103 pe care Lumina Sf\u00e2nt\u0103 trebuie s\u0103 o produc\u0103: nu doar o flac\u0103r\u0103 simbolic\u0103, ci o chemare la a deveni purt\u0103tori ai luminii \u00cenvierii \u00een via\u021ba de zi cu zi, prin fapte, atitudine \u0219i rela\u021bii cu semenii.<\/p>\n<p>Lumina Sf\u00e2nt\u0103, adus\u0103 de la Biserica Sf\u00e2ntului Morm\u00e2nt din Ierusalim, va fi distribuit\u0103 \u00een cursul serii \u0219i al nop\u021bii de \u00cenviere \u00een parohiile \u0219i m\u0103n\u0103stirile Arhiepiscopiei Sucevei \u0219i R\u0103d\u0103u\u021bilor, unde credincio\u0219ii o vor primi cu emo\u021bie \u0219i evlavie la slujba de \u00cenviere.<\/p>\n<div class=\"td-a-rec td-a-rec-id-content_bottom  tdi_4 td_block_template_1\"><strong>Intr\u0103 acum \u0219i \u00een grupul de <\/p>\n<div class=\"wp-block-button\"><a class=\"wp-block-button__link wp-element-button\" href=\"https:\/\/t.me\/+TH8wcfnp8fw5NWI0\">Telegram News Bucovina<\/a><\/div>\n<p><\/strong><\/div>\n<\/div>\n<div class=\"td-post-content tagdiv-type\">\n<div class=\"td-a-rec td-a-rec-id-content_top  tdi_3 td_block_template_1\"><strong>Intr\u0103 acum \u0219i \u00een grupul de <\/p>\n<div class=\"wp-block-button\"><a class=\"wp-block-button__link wp-element-button\" href=\"https:\/\/t.me\/+TH8wcfnp8fw5NWI0\">Telegram News Bucovina<\/a><\/div>\n<p><\/strong><\/div>\n<p>Episcopul-vicar al Arhiepiscopiei Sucevei \u0219i R\u0103d\u0103u\u021bilor, PS Damaschin Dorneanul, \u00a0a preluat, s\u00e2mb\u0103t\u0103, 11 aprilie 2026, Lumina Sf\u00e2nt\u0103 de la Aeroportul Interna\u021bional \u201e\u0218tefan cel Mare\u201d Suceava, pentru a fi distribuit\u0103 \u00een toate parohiile eparhiei.<\/p>\n<figure class=\"wp-block-image size-large\"><a href=\"https:\/\/cdn.newsbucovina.ro\/wp-content\/uploads\/2026\/04\/Damaschin.png\"><img loading=\"lazy\" decoding=\"async\" width=\"1024\" height=\"569\" src=\"https:\/\/cdn.newsbucovina.ro\/wp-content\/uploads\/2026\/04\/Damaschin-1024x569.png\" alt class=\"wp-image-436133\"><\/a><\/figure>\n<p>La sosirea Luminii, Preasfin\u021bitul P\u0103rinte Damaschin a transmis un mesaj pastoral \u00eenc\u0103rcat de speran\u021b\u0103 \u0219i \u00eencurajare c\u0103tre credincio\u0219ii din Bucovina, \u00eentr-un context marcat de incertitudine \u0219i nelini\u0219te la nivel mondial.<\/p>\n<p>\u201e\u00cen timpurile acestea grele de incertitudine \u0219i nelini\u0219te, de conflicte mai aproape sau mai departe, noi, cei de aici, din Rom\u00e2nia, din Bucovina, s\u0103-I mul\u021bumim lui Dumnezeu pentru pacea \u0219i tihna pe care o avem\u201d, a spus PS Damaschin Dorneanul.<\/p>\n<p>Episcopul-vicar i-a \u00eendemnat pe credincio\u0219i s\u0103 protejeze bucuria S\u0103rb\u0103torii \u00cenvierii \u0219i s\u0103 nu lase nimic s\u0103 le strice aceast\u0103 mare bucurie pascal\u0103:<\/p>\n<p>\u201eV\u0103 rog, nu l\u0103sa\u021bi ca nimic \u0219i ca nimeni s\u0103 v\u0103 strice s\u0103rb\u0103toarea aceasta. Trece\u021bi peste toate! L\u0103sa\u021bi relele care au fost! L\u0103sa\u021bi ca lumina aceasta s\u0103 nu fie doar o lum\u00e2nare pe care s\u0103 o \u021binem \u00een m\u00e2n\u0103 \u0219i care s\u0103 ne lumineze din afar\u0103, ci fi\u021bi dumneavoastr\u0103 lumin\u0103 pentru cei din familia dumneavoastr\u0103, pentru cei din comunitate, pentru to\u021bi cei pe care \u00eei iubi\u021bi.\u201d<\/p>\n<p>Mesajul Preasfin\u021bitului Damaschin subliniaz\u0103 transformarea interioar\u0103 pe care Lumina Sf\u00e2nt\u0103 trebuie s\u0103 o produc\u0103: nu doar o flac\u0103r\u0103 simbolic\u0103, ci o chemare la a deveni purt\u0103tori ai luminii \u00cenvierii \u00een via\u021ba de zi cu zi, prin fapte, atitudine \u0219i rela\u021bii cu semenii.<\/p>\n<p>Lumina Sf\u00e2nt\u0103, adus\u0103 de la Biserica Sf\u00e2ntului Morm\u00e2nt din Ierusalim, va fi distribuit\u0103 \u00een cursul serii \u0219i al nop\u021bii de \u00cenviere \u00een parohiile \u0219i m\u0103n\u0103stirile Arhiepiscopiei Sucevei \u0219i R\u0103d\u0103u\u021bilor, unde credincio\u0219ii o vor primi cu emo\u021bie \u0219i evlavie la slujba de \u00cenviere.<\/p>\n<div class=\"td-a-rec td-a-rec-id-content_bottom  tdi_4 td_block_template_1\"><strong>Intr\u0103 acum \u0219i \u00een grupul de <\/p>\n<div class=\"wp-block-button\"><a class=\"wp-block-button__link wp-element-button\" href=\"https:\/\/t.me\/+TH8wcfnp8fw5NWI0\">Telegram News Bucovina<\/a><\/div>\n<p><\/strong><\/div>\n<\/div>\n<p>[analyse_source url=&#8221;https:\/\/www.newsbucovina.ro\/actualitate\/436132\/ps-damaschin-dorneanul-la-preluarea-luminii-sfinte-nu-lasati-ca-nimic-si-ca-nimeni-sa-va-strice-sarbatoarea-aceasta-sa-i-multumim-lui-dumnezeu-pentru-pacea-si-tihna-pe-care-o-avem&#8221;]<\/p>\n","protected":false},"excerpt":{"rendered":"<p>[analyse_image type=&#8221;featured&#8221; src=&#8221;https:\/\/www.newsbucovina.ro\/wp-content\/uploads\/2026\/04\/Damaschin.pnghttps:\/\/cdn.newsbucovina.ro\/wp-content\/uploads\/2026\/04\/Damaschin.png&#8221;] Intr\u0103 acum \u0219i \u00een grupul de Telegram News Bucovina Episcopul-vicar al Arhiepiscopiei Sucevei \u0219i R\u0103d\u0103u\u021bilor, PS Damaschin Dorneanul, \u00a0a preluat, s\u00e2mb\u0103t\u0103, 11 aprilie 2026, Lumina Sf\u00e2nt\u0103 de la Aeroportul Interna\u021bional \u201e\u0218tefan cel Mare\u201d Suceava, pentru a fi distribuit\u0103 \u00een toate parohiile eparhiei. La sosirea Luminii, Preasfin\u021bitul P\u0103rinte Damaschin a transmis un mesaj [&hellip;]<\/p>\n","protected":false},"author":1,"featured_media":0,"comment_status":"open","ping_status":"","sticky":false,"template":"","format":"standard","meta":{"footnotes":""},"categories":[89],"tags":[226,165],"class_list":["post-1878458","post","type-post","status-publish","format-standard","hentry","category-romania","tag-crawlmanager","tag-newsbucovina-ro"],"_links":{"self":[{"href":"https:\/\/analyse.optim.biz\/index.php?rest_route=\/wp\/v2\/posts\/1878458","targetHints":{"allow":["GET"]}}],"collection":[{"href":"https:\/\/analyse.optim.biz\/index.php?rest_route=\/wp\/v2\/posts"}],"about":[{"href":"https:\/\/analyse.optim.biz\/index.php?rest_route=\/wp\/v2\/types\/post"}],"author":[{"embeddable":true,"href":"https:\/\/analyse.optim.biz\/index.php?rest_route=\/wp\/v2\/users\/1"}],"replies":[{"embeddable":true,"href":"https:\/\/analyse.optim.biz\/index.php?rest_route=%2Fwp%2Fv2%2Fcomments&post=1878458"}],"version-history":[{"count":0,"href":"https:\/\/analyse.optim.biz\/index.php?rest_route=\/wp\/v2\/posts\/1878458\/revisions"}],"wp:attachment":[{"href":"https:\/\/analyse.optim.biz\/index.php?rest_route=%2Fwp%2Fv2%2Fmedia&parent=1878458"}],"wp:term":[{"taxonomy":"category","embeddable":true,"href":"https:\/\/analyse.optim.biz\/index.php?rest_route=%2Fwp%2Fv2%2Fcategories&post=1878458"},{"taxonomy":"post_tag","embeddable":true,"href":"https:\/\/analyse.optim.biz\/index.php?rest_route=%2Fwp%2Fv2%2Ftags&post=1878458"}],"curies":[{"name":"wp","href":"https:\/\/api.w.org\/{rel}","templated":true}]}}