{"id":1878452,"date":"2026-04-10T11:11:31","date_gmt":"2026-04-10T08:11:31","guid":{"rendered":"https:\/\/analyse.optim.biz\/?p=1878452"},"modified":"2026-04-10T11:11:31","modified_gmt":"2026-04-10T08:11:31","slug":"premii-speciale-pentru-elevi-suceveni-la-olimpiada-nationala-de-limba-franceza-2026","status":"publish","type":"post","link":"https:\/\/analyse.optim.biz\/?p=1878452","title":{"rendered":"Premii speciale pentru elevi suceveni la Olimpiada Na\u021bional\u0103 de Limba Francez\u0103 2026"},"content":{"rendered":"<p>[analyse_image type=&#8221;featured&#8221; src=&#8221;https:\/\/www.newsbucovina.ro\/wp-content\/uploads\/2026\/04\/669031828_1441653234639345_2890910523883243502_n.jpghttps:\/\/cdn.newsbucovina.ro\/wp-content\/uploads\/2026\/04\/669031828_1441653234639345_2890910523883243502_n.jpg&#8221;]<\/p>\n<div class=\"td-post-content tagdiv-type\">\n<div class=\"td-a-rec td-a-rec-id-content_top  tdi_3 td_block_template_1\"><strong>Intr\u0103 acum \u0219i \u00een grupul de <\/p>\n<div class=\"wp-block-button\"><a class=\"wp-block-button__link wp-element-button\" href=\"https:\/\/t.me\/+TH8wcfnp8fw5NWI0\">Telegram News Bucovina<\/a><\/div>\n<p><\/strong><\/div>\n<p>Lotul jude\u021bului Suceava a ob\u021binut rezultate foarte bune la Etapa Na\u021bional\u0103 a Olimpiadei de Limba Francez\u0103, desf\u0103\u0219urat\u0103 \u00een perioada 6\u201310 aprilie 2026 la Piatra Neam\u021b.<\/p>\n<figure class=\"wp-block-image size-large\"><a href=\"https:\/\/cdn.newsbucovina.ro\/wp-content\/uploads\/2026\/04\/669031828_1441653234639345_2890910523883243502_n.jpg\"><img loading=\"lazy\" decoding=\"async\" width=\"1024\" height=\"576\" src=\"https:\/\/cdn.newsbucovina.ro\/wp-content\/uploads\/2026\/04\/669031828_1441653234639345_2890910523883243502_n-1024x576.jpg\" alt class=\"wp-image-436052\"><\/a><\/figure>\n<p>Cei 11 elevi suceveni (2 de la gimnaziu \u0219i 9 de la liceu) au concurat cu elevi de excep\u021bie din \u00eentreaga \u021bar\u0103 \u0219i au reu\u0219it s\u0103 se remarce prin cuno\u0219tin\u021be solide de limb\u0103 francez\u0103, exprimare fluent\u0103 \u0219i competen\u021be culturale.<\/p>\n<p><strong>Premiile speciale ob\u021binute de elevii suceveni:<\/strong><\/p>\n<ul class=\"wp-block-list\">\n<li><strong>Ciolacu Ioan<\/strong>, clasa a VII-a, \u0218coala Gimnazial\u0103 Nr. 2 Vicovu de Sus Profesoar\u0103 \u00eendrum\u0103toare: Ciolacu Mihaela Gabriela<\/li>\n<li><strong>Seculte\u021b Yannis Adrian<\/strong>, clasa a IX-a, Colegiul Na\u021bional de Informatic\u0103 \u201eSpiru Haret\u201d Suceava Profesoar\u0103 \u00eendrum\u0103toare: dr. Mihoc Mihaela Aura<\/li>\n<li><strong>Ilisei Ana Maria<\/strong>, clasa a XI-a, Colegiul \u201eAlexandru cel Bun\u201d Gura Humorului Profesoar\u0103 \u00eendrum\u0103toare: Solonaru Elena Sextilia<\/li>\n<\/ul>\n<p>Lotul jude\u021bean a fost \u00eenso\u021bit de <strong>profesoara Daniela Cornelia Sandu<\/strong> de la \u0218coala Gimnazial\u0103 Nr. 1 Suceava. Din Comisia Central\u0103 a Olimpiadei a f\u0103cut parte, \u00een calitate de membru evaluator, <strong>prof. dr. Constantin Tiron<\/strong>, inspector \u0219colar pentru limbi moderne \u2013 limba francez\u0103 \u00een cadrul ISJ Suceava \u0219i profesor la Colegiul \u201eAlexandru cel Bun\u201d Gura Humorului.<\/p>\n<p>\u201eChiar dac\u0103 nu to\u021bi participan\u021bii au urcat pe podium, fiecare merit\u0103 cele mai sincere felicit\u0103ri. A te califica la etapa na\u021bional\u0103 este deja o performan\u021b\u0103 remarcabil\u0103, iar experien\u021ba tr\u0103it\u0103, emo\u021biile \u0219i lec\u021biile \u00eenv\u0103\u021bate sunt c\u00e2\u0219tiguri nepre\u021buite. Sunt cu to\u021bii \u00eenving\u0103tori!\u201d, au transmis reprezentan\u021bii Inspectoratului \u0218colar Jude\u021bean Suceava.<\/p>\n<figure class=\"wp-block-embed is-type-video is-provider-youtube wp-block-embed-youtube wp-embed-aspect-16-9 wp-has-aspect-ratio\">\n<div class=\"wp-block-embed__wrapper\">\n<div class=\"youtube-embed\" data-video_id=\"mA7BmQPq0JE\"><iframe loading=\"lazy\" title=\"S\u0103 \u00eenceap\u0103 Jumulirea: Bazarul din Suceava e preg\u0103tit, lacrimile au fost \u0219terse!!\" width=\"696\" height=\"392\" src=\"https:\/\/www.youtube.com\/embed\/mA7BmQPq0JE?feature=oembed&amp;enablejsapi=1\" frameborder allow=\"accelerometer; autoplay; clipboard-write; encrypted-media; gyroscope; picture-in-picture; web-share\" referrerpolicy=\"strict-origin-when-cross-origin\" allowfullscreen><\/iframe><\/div>\n<\/div>\n<\/figure>\n<div class=\"td-a-rec td-a-rec-id-content_bottom  tdi_4 td_block_template_1\"><strong>Intr\u0103 acum \u0219i \u00een grupul de <\/p>\n<div class=\"wp-block-button\"><a class=\"wp-block-button__link wp-element-button\" href=\"https:\/\/t.me\/+TH8wcfnp8fw5NWI0\">Telegram News Bucovina<\/a><\/div>\n<p><\/strong><\/div>\n<\/div>\n<div class=\"td-post-content tagdiv-type\">\n<div class=\"td-a-rec td-a-rec-id-content_top  tdi_3 td_block_template_1\"><strong>Intr\u0103 acum \u0219i \u00een grupul de <\/p>\n<div class=\"wp-block-button\"><a class=\"wp-block-button__link wp-element-button\" href=\"https:\/\/t.me\/+TH8wcfnp8fw5NWI0\">Telegram News Bucovina<\/a><\/div>\n<p><\/strong><\/div>\n<p>Lotul jude\u021bului Suceava a ob\u021binut rezultate foarte bune la Etapa Na\u021bional\u0103 a Olimpiadei de Limba Francez\u0103, desf\u0103\u0219urat\u0103 \u00een perioada 6\u201310 aprilie 2026 la Piatra Neam\u021b.<\/p>\n<figure class=\"wp-block-image size-large\"><a href=\"https:\/\/cdn.newsbucovina.ro\/wp-content\/uploads\/2026\/04\/669031828_1441653234639345_2890910523883243502_n.jpg\"><img loading=\"lazy\" decoding=\"async\" width=\"1024\" height=\"576\" src=\"https:\/\/cdn.newsbucovina.ro\/wp-content\/uploads\/2026\/04\/669031828_1441653234639345_2890910523883243502_n-1024x576.jpg\" alt class=\"wp-image-436052\"><\/a><\/figure>\n<p>Cei 11 elevi suceveni (2 de la gimnaziu \u0219i 9 de la liceu) au concurat cu elevi de excep\u021bie din \u00eentreaga \u021bar\u0103 \u0219i au reu\u0219it s\u0103 se remarce prin cuno\u0219tin\u021be solide de limb\u0103 francez\u0103, exprimare fluent\u0103 \u0219i competen\u021be culturale.<\/p>\n<p><strong>Premiile speciale ob\u021binute de elevii suceveni:<\/strong><\/p>\n<ul class=\"wp-block-list\">\n<li><strong>Ciolacu Ioan<\/strong>, clasa a VII-a, \u0218coala Gimnazial\u0103 Nr. 2 Vicovu de Sus Profesoar\u0103 \u00eendrum\u0103toare: Ciolacu Mihaela Gabriela<\/li>\n<li><strong>Seculte\u021b Yannis Adrian<\/strong>, clasa a IX-a, Colegiul Na\u021bional de Informatic\u0103 \u201eSpiru Haret\u201d Suceava Profesoar\u0103 \u00eendrum\u0103toare: dr. Mihoc Mihaela Aura<\/li>\n<li><strong>Ilisei Ana Maria<\/strong>, clasa a XI-a, Colegiul \u201eAlexandru cel Bun\u201d Gura Humorului Profesoar\u0103 \u00eendrum\u0103toare: Solonaru Elena Sextilia<\/li>\n<\/ul>\n<p>Lotul jude\u021bean a fost \u00eenso\u021bit de <strong>profesoara Daniela Cornelia Sandu<\/strong> de la \u0218coala Gimnazial\u0103 Nr. 1 Suceava. Din Comisia Central\u0103 a Olimpiadei a f\u0103cut parte, \u00een calitate de membru evaluator, <strong>prof. dr. Constantin Tiron<\/strong>, inspector \u0219colar pentru limbi moderne \u2013 limba francez\u0103 \u00een cadrul ISJ Suceava \u0219i profesor la Colegiul \u201eAlexandru cel Bun\u201d Gura Humorului.<\/p>\n<p>\u201eChiar dac\u0103 nu to\u021bi participan\u021bii au urcat pe podium, fiecare merit\u0103 cele mai sincere felicit\u0103ri. A te califica la etapa na\u021bional\u0103 este deja o performan\u021b\u0103 remarcabil\u0103, iar experien\u021ba tr\u0103it\u0103, emo\u021biile \u0219i lec\u021biile \u00eenv\u0103\u021bate sunt c\u00e2\u0219tiguri nepre\u021buite. Sunt cu to\u021bii \u00eenving\u0103tori!\u201d, au transmis reprezentan\u021bii Inspectoratului \u0218colar Jude\u021bean Suceava.<\/p>\n<figure class=\"wp-block-embed is-type-video is-provider-youtube wp-block-embed-youtube wp-embed-aspect-16-9 wp-has-aspect-ratio\">\n<div class=\"wp-block-embed__wrapper\">\n<div class=\"youtube-embed\" data-video_id=\"mA7BmQPq0JE\"><iframe loading=\"lazy\" title=\"S\u0103 \u00eenceap\u0103 Jumulirea: Bazarul din Suceava e preg\u0103tit, lacrimile au fost \u0219terse!!\" width=\"696\" height=\"392\" src=\"https:\/\/www.youtube.com\/embed\/mA7BmQPq0JE?feature=oembed&amp;enablejsapi=1\" frameborder allow=\"accelerometer; autoplay; clipboard-write; encrypted-media; gyroscope; picture-in-picture; web-share\" referrerpolicy=\"strict-origin-when-cross-origin\" allowfullscreen><\/iframe><\/div>\n<\/div>\n<\/figure>\n<div class=\"td-a-rec td-a-rec-id-content_bottom  tdi_4 td_block_template_1\"><strong>Intr\u0103 acum \u0219i \u00een grupul de <\/p>\n<div class=\"wp-block-button\"><a class=\"wp-block-button__link wp-element-button\" href=\"https:\/\/t.me\/+TH8wcfnp8fw5NWI0\">Telegram News Bucovina<\/a><\/div>\n<p><\/strong><\/div>\n<\/div>\n<p>[analyse_source url=&#8221;https:\/\/www.newsbucovina.ro\/actualitate\/436051\/premii-speciale-pentru-elevi-suceveni-la-olimpiada-nationala-de-limba-franceza-2026&#8243;]<\/p>\n","protected":false},"excerpt":{"rendered":"<p>[analyse_image type=&#8221;featured&#8221; src=&#8221;https:\/\/www.newsbucovina.ro\/wp-content\/uploads\/2026\/04\/669031828_1441653234639345_2890910523883243502_n.jpghttps:\/\/cdn.newsbucovina.ro\/wp-content\/uploads\/2026\/04\/669031828_1441653234639345_2890910523883243502_n.jpg&#8221;] Intr\u0103 acum \u0219i \u00een grupul de Telegram News Bucovina Lotul jude\u021bului Suceava a ob\u021binut rezultate foarte bune la Etapa Na\u021bional\u0103 a Olimpiadei de Limba Francez\u0103, desf\u0103\u0219urat\u0103 \u00een perioada 6\u201310 aprilie 2026 la Piatra Neam\u021b. Cei 11 elevi suceveni (2 de la gimnaziu \u0219i 9 de la liceu) au concurat cu elevi de [&hellip;]<\/p>\n","protected":false},"author":1,"featured_media":0,"comment_status":"open","ping_status":"","sticky":false,"template":"","format":"standard","meta":{"footnotes":""},"categories":[89],"tags":[226,165],"class_list":["post-1878452","post","type-post","status-publish","format-standard","hentry","category-romania","tag-crawlmanager","tag-newsbucovina-ro"],"_links":{"self":[{"href":"https:\/\/analyse.optim.biz\/index.php?rest_route=\/wp\/v2\/posts\/1878452","targetHints":{"allow":["GET"]}}],"collection":[{"href":"https:\/\/analyse.optim.biz\/index.php?rest_route=\/wp\/v2\/posts"}],"about":[{"href":"https:\/\/analyse.optim.biz\/index.php?rest_route=\/wp\/v2\/types\/post"}],"author":[{"embeddable":true,"href":"https:\/\/analyse.optim.biz\/index.php?rest_route=\/wp\/v2\/users\/1"}],"replies":[{"embeddable":true,"href":"https:\/\/analyse.optim.biz\/index.php?rest_route=%2Fwp%2Fv2%2Fcomments&post=1878452"}],"version-history":[{"count":0,"href":"https:\/\/analyse.optim.biz\/index.php?rest_route=\/wp\/v2\/posts\/1878452\/revisions"}],"wp:attachment":[{"href":"https:\/\/analyse.optim.biz\/index.php?rest_route=%2Fwp%2Fv2%2Fmedia&parent=1878452"}],"wp:term":[{"taxonomy":"category","embeddable":true,"href":"https:\/\/analyse.optim.biz\/index.php?rest_route=%2Fwp%2Fv2%2Fcategories&post=1878452"},{"taxonomy":"post_tag","embeddable":true,"href":"https:\/\/analyse.optim.biz\/index.php?rest_route=%2Fwp%2Fv2%2Ftags&post=1878452"}],"curies":[{"name":"wp","href":"https:\/\/api.w.org\/{rel}","templated":true}]}}