{"id":1878441,"date":"2026-04-10T09:47:30","date_gmt":"2026-04-10T06:47:30","guid":{"rendered":"https:\/\/analyse.optim.biz\/?p=1878441"},"modified":"2026-04-10T09:47:30","modified_gmt":"2026-04-10T06:47:30","slug":"expozitie-dedicata-tinerilor-artisti","status":"publish","type":"post","link":"https:\/\/analyse.optim.biz\/?p=1878441","title":{"rendered":"EXPOZI\u021aIE DEDICAT\u0102 TINERILOR ARTI\u0218TI"},"content":{"rendered":"<p>[analyse_image type=&#8221;featured&#8221; src=&#8221;https:\/\/newss.ro\/wp-content\/uploads\/2026\/04\/expozitie-muzeu-casa-regala.jpg&#8221;]<\/p>\n<div class=\"td-post-content\">\n<div class=\"td-post-featured-image\"><a href=\"https:\/\/newss.ro\/wp-content\/uploads\/2026\/04\/expozitie-muzeu-casa-regala.jpg\" data-caption><img loading=\"lazy\" decoding=\"async\" width=\"509\" height=\"720\" class=\"entry-thumb td-modal-image\" src=\"https:\/\/newss.ro\/wp-content\/uploads\/2026\/04\/expozitie-muzeu-casa-regala.jpg\" alt title=\"expozitie muzeu casa regala\"><\/a><\/div>\n<p>Muzeul Jude\u021bean Buz\u0103u, \u00een parteneriat cu Funda\u021bia Regal\u0103 Margareta a Rom\u00e2niei, organizez\u0103 vernisajul expozi\u021biei \u2018N\u0103zuin\u021ba de zbor\u2019, dedicat\u0103 tinerilor arti\u0219ti ai genera\u021biei 2026, eveniment care coincide cu \u00eemplinirea a 130 de ani de la inaugurarea cl\u0103dirii fostului spital \u2018I. C. Br\u0103tianu\u2019, transformat \u00eentr-un centru cultural.<\/p>\n<p>Evenimentul reune\u0219te lucr\u0103ri realizate de beneficiarii programului de burse Tinere Talente al Funda\u021biei Regale Margareta a Rom\u00e2niei. Vernisajul expozi\u021biei va avea loc pe 14 aprilie, la ora 17:00, \u00een ajunul \u2018Zilei Mondiale a Artei\u2019, \u00een spa\u021biul expozi\u021bional al Centrului Muzeal \u2018I. C. Br\u0103tianu\u2019, din municipiul Buz\u0103u.<\/p>\n<p>\u00cen cadrul evenimentului, tinerii muzicieni, bursieri ai programului Tinere Talente, genera\u021bia 2026, vor sus\u021bine un recital de muzic\u0103 clasic\u0103.<\/p>\n<p>Expozi\u021bia va fi deschis\u0103 publicului p\u00e2n\u0103 pe 14 mai, iar accesul publicului va fi gratuit \u00een ziua vernisajului.<\/p>\n<p>\u00a0<\/p>\n<\/div>\n<div class=\"td-post-content\">\n<div class=\"td-post-featured-image\"><a href=\"https:\/\/newss.ro\/wp-content\/uploads\/2026\/04\/expozitie-muzeu-casa-regala.jpg\" data-caption><img loading=\"lazy\" decoding=\"async\" width=\"509\" height=\"720\" class=\"entry-thumb td-modal-image\" src=\"https:\/\/newss.ro\/wp-content\/uploads\/2026\/04\/expozitie-muzeu-casa-regala.jpg\" alt title=\"expozitie muzeu casa regala\"><\/a><\/div>\n<p>Muzeul Jude\u021bean Buz\u0103u, \u00een parteneriat cu Funda\u021bia Regal\u0103 Margareta a Rom\u00e2niei, organizez\u0103 vernisajul expozi\u021biei \u2018N\u0103zuin\u021ba de zbor\u2019, dedicat\u0103 tinerilor arti\u0219ti ai genera\u021biei 2026, eveniment care coincide cu \u00eemplinirea a 130 de ani de la inaugurarea cl\u0103dirii fostului spital \u2018I. C. Br\u0103tianu\u2019, transformat \u00eentr-un centru cultural.<\/p>\n<p>Evenimentul reune\u0219te lucr\u0103ri realizate de beneficiarii programului de burse Tinere Talente al Funda\u021biei Regale Margareta a Rom\u00e2niei. Vernisajul expozi\u021biei va avea loc pe 14 aprilie, la ora 17:00, \u00een ajunul \u2018Zilei Mondiale a Artei\u2019, \u00een spa\u021biul expozi\u021bional al Centrului Muzeal \u2018I. C. Br\u0103tianu\u2019, din municipiul Buz\u0103u.<\/p>\n<p>\u00cen cadrul evenimentului, tinerii muzicieni, bursieri ai programului Tinere Talente, genera\u021bia 2026, vor sus\u021bine un recital de muzic\u0103 clasic\u0103.<\/p>\n<p>Expozi\u021bia va fi deschis\u0103 publicului p\u00e2n\u0103 pe 14 mai, iar accesul publicului va fi gratuit \u00een ziua vernisajului.<\/p>\n<p>\u00a0<\/p>\n<\/div>\n<p>[analyse_source url=&#8221;https:\/\/newss.ro\/2026\/04\/10\/expozitie-dedicata-tinerilor-artisti\/&#8221;]<\/p>\n","protected":false},"excerpt":{"rendered":"<p>[analyse_image type=&#8221;featured&#8221; src=&#8221;https:\/\/newss.ro\/wp-content\/uploads\/2026\/04\/expozitie-muzeu-casa-regala.jpg&#8221;] Muzeul Jude\u021bean Buz\u0103u, \u00een parteneriat cu Funda\u021bia Regal\u0103 Margareta a Rom\u00e2niei, organizez\u0103 vernisajul expozi\u021biei \u2018N\u0103zuin\u021ba de zbor\u2019, dedicat\u0103 tinerilor arti\u0219ti ai genera\u021biei 2026, eveniment care coincide cu \u00eemplinirea a 130 de ani de la inaugurarea cl\u0103dirii fostului spital \u2018I. C. Br\u0103tianu\u2019, transformat \u00eentr-un centru cultural. Evenimentul reune\u0219te lucr\u0103ri realizate de beneficiarii programului [&hellip;]<\/p>\n","protected":false},"author":1,"featured_media":0,"comment_status":"open","ping_status":"","sticky":false,"template":"","format":"standard","meta":{"footnotes":""},"categories":[2],"tags":[226,73],"class_list":["post-1878441","post","type-post","status-publish","format-standard","hentry","category-politics","tag-crawlmanager","tag-newss-ro"],"_links":{"self":[{"href":"https:\/\/analyse.optim.biz\/index.php?rest_route=\/wp\/v2\/posts\/1878441","targetHints":{"allow":["GET"]}}],"collection":[{"href":"https:\/\/analyse.optim.biz\/index.php?rest_route=\/wp\/v2\/posts"}],"about":[{"href":"https:\/\/analyse.optim.biz\/index.php?rest_route=\/wp\/v2\/types\/post"}],"author":[{"embeddable":true,"href":"https:\/\/analyse.optim.biz\/index.php?rest_route=\/wp\/v2\/users\/1"}],"replies":[{"embeddable":true,"href":"https:\/\/analyse.optim.biz\/index.php?rest_route=%2Fwp%2Fv2%2Fcomments&post=1878441"}],"version-history":[{"count":0,"href":"https:\/\/analyse.optim.biz\/index.php?rest_route=\/wp\/v2\/posts\/1878441\/revisions"}],"wp:attachment":[{"href":"https:\/\/analyse.optim.biz\/index.php?rest_route=%2Fwp%2Fv2%2Fmedia&parent=1878441"}],"wp:term":[{"taxonomy":"category","embeddable":true,"href":"https:\/\/analyse.optim.biz\/index.php?rest_route=%2Fwp%2Fv2%2Fcategories&post=1878441"},{"taxonomy":"post_tag","embeddable":true,"href":"https:\/\/analyse.optim.biz\/index.php?rest_route=%2Fwp%2Fv2%2Ftags&post=1878441"}],"curies":[{"name":"wp","href":"https:\/\/api.w.org\/{rel}","templated":true}]}}