{"id":187833,"date":"2015-01-22T16:38:18","date_gmt":"2015-01-22T13:38:18","guid":{"rendered":"https:\/\/analyse.optim.biz\/?p=187833"},"modified":"2015-01-22T16:38:18","modified_gmt":"2015-01-22T13:38:18","slug":"liviu-dragnea-despre-legile-sigurantei-nu-vreau-sa-renuntam-la-idee-nu-trebuie-sa-fim-autisti","status":"publish","type":"post","link":"https:\/\/analyse.optim.biz\/?p=187833","title":{"rendered":"Liviu\u00a0Dragnea, despre Legile siguran\u0163ei: Nu vreau s\u0103 renun\u0163\u0103m la idee. \u201eNu trebuie s\u0103 fim auti\u015fti\u201d"},"content":{"rendered":"<div class=\"entry data-app-meta data-app-meta-article\" data-embed-base-url-canonical=\"https:\/\/www.digi24.ro\/embed\/stiri\/actualitate\/politica\/liviu-dragnea-despre-legile-sigurantei-nu-vreau-sa-renuntam-la-idee-nu-trebuie-sa-fim-autisti-350439\">\n<p data-index=\"1\"><img decoding=\"async\" src=\"https:\/\/analyse.optim.biz\/wp-content\/uploads\/2024\/09\/cgcmdz04mdamagfzad1jy2q2ytk1owyzntqzndfjogflmge2otkwmjexyjc0yw-thumb_.jpg\" data-skip-htmlfix=\"1\" title=\"cgcmdz04mdamagfzad1jy2q2ytk1owyzntqzndfjogflmge2otkwmjexyjc0yw-thumb_\"><\/p>\n<p data-index=\"2\">\u201eEu nu vreau s\u0103 renun\u0163\u0103m la idee, pentru c\u0103 unul din <strong>drepturile fundamentale<\/strong> e dreptul la via\u0163\u0103. Alt drept e cel la protec\u0163ie, at\u00e2t pentru noi, copii, familii, comunitate. Eu zic c\u0103 nu trebuie s\u0103 fim auti\u015fti \u015fi s\u0103 nu vedem \u00een ce zon\u0103 ne afl\u0103m \u015fi care su<span>nt<\/span> riscurile, din ce \u00een ce mai mari, care apar \u00een ce prive\u015fte siguran\u0163a na\u0163ional\u0103&#8221;, a spus Liviu Dragnea, <span>citat de Mediafax<\/span>.<\/p>\n<p data-index=\"3\">\u00cen opinia sa, institu\u0163iile statului trebuie s\u0103 aib\u0103, \u201e\u00een ni\u015fte limite\u201d, p\u00e2rghiile necesare pentru ca <strong>siguran\u0163a na\u0163ional\u0103 a Rom\u00e2niei<\/strong> s\u0103 poat\u0103 s\u0103 fie \u201eefectiv\u0103\u201d.<\/p>\n<p data-index=\"4\">\u00centrebat dac\u0103 se poate g\u0103si o formul\u0103 astfel \u00eenc\u00e2t aceste legi s\u0103 fie constitu\u0163ionale, Liviu Dragnea a r\u0103spuns: \u201eTrebuie s\u0103 g\u0103sim o formul\u0103, nu trebuie s\u0103 renun\u0163\u0103m pur \u015fi simplu, pentru c\u0103 amenin\u0163\u0103rile la adresa siguran\u0163ei na\u0163ionale nu \u00eenceteaz\u0103 odat\u0103 cu respingerea de la CCR. Asta e o certitudine&#8221;.<\/p>\n<p data-index=\"5\">\u201eO s\u0103 elabor\u0103m proiecte de acte normative \u00een continuare, care s\u0103 r\u0103spund\u0103 nevoilor magistra\u0163ilor \u015fi care s\u0103 asigure garan\u0163ii pentru <strong>respectarea drepturilor fundamentale<\/strong>, \u00een a\u015fa fel \u00eenc\u00e2t cet\u0103\u0163eanul s\u0103 vad\u0103 \u00een lege un instrument de sprijin, nu de interferen\u0163\u0103 mai pu\u0163in elegant\u0103 \u00een drepturile fundamentale. \u00cen aceast\u0103 lun\u0103 sau luna viitoare vom putea \u00eenainta, aviza la Parlament diverse acte normative&#8221;, a spus, la r\u00e2ndul s\u0103u, ministrul Justi\u0163iei, Robert Cazanciuc.<\/p>\n<p data-index=\"6\">Curtea Constitu\u0163ional\u0103 a decis, miercuri, c\u0103 Legea securit\u0103\u0163ii cibernetice este neconstitu\u0163ional\u0103 \u00een ansamblul ei, \u00eentruc\u00e2t are deficien\u0163e de respectare a normelor de tehnic\u0103 legislativ\u0103, coeren\u0163\u0103, claritate, previzibilitate, dar \u015fi sub aspectul procedurii legislative, prin lipsa avizului CSAT.<\/p>\n<\/div>\n<p> Source URL: https:\/\/www.digi24.ro\/stiri\/actualitate\/politica\/liviu-dragnea-despre-legile-sigurantei-nu-vreau-sa-renuntam-la-idee-nu-trebuie-sa-fim-autisti-350439<\/p>\n","protected":false},"excerpt":{"rendered":"<p>\u201eEu nu vreau s\u0103 renun\u0163\u0103m la idee, pentru c\u0103 unul din drepturile fundamentale e dreptul la via\u0163\u0103. Alt drept e cel la protec\u0163ie, at\u00e2t pentru noi, copii, familii, comunitate. Eu zic c\u0103 nu trebuie s\u0103 fim auti\u015fti \u015fi s\u0103 nu vedem \u00een ce zon\u0103 ne afl\u0103m \u015fi care sunt riscurile, din ce \u00een ce mai [&hellip;]<\/p>\n","protected":false},"author":1,"featured_media":187834,"comment_status":"open","ping_status":"","sticky":false,"template":"","format":"standard","meta":{"footnotes":""},"categories":[2],"tags":[11],"class_list":["post-187833","post","type-post","status-publish","format-standard","has-post-thumbnail","hentry","category-politics","tag-digi24"],"_links":{"self":[{"href":"https:\/\/analyse.optim.biz\/index.php?rest_route=\/wp\/v2\/posts\/187833","targetHints":{"allow":["GET"]}}],"collection":[{"href":"https:\/\/analyse.optim.biz\/index.php?rest_route=\/wp\/v2\/posts"}],"about":[{"href":"https:\/\/analyse.optim.biz\/index.php?rest_route=\/wp\/v2\/types\/post"}],"author":[{"embeddable":true,"href":"https:\/\/analyse.optim.biz\/index.php?rest_route=\/wp\/v2\/users\/1"}],"replies":[{"embeddable":true,"href":"https:\/\/analyse.optim.biz\/index.php?rest_route=%2Fwp%2Fv2%2Fcomments&post=187833"}],"version-history":[{"count":0,"href":"https:\/\/analyse.optim.biz\/index.php?rest_route=\/wp\/v2\/posts\/187833\/revisions"}],"wp:featuredmedia":[{"embeddable":true,"href":"https:\/\/analyse.optim.biz\/index.php?rest_route=\/wp\/v2\/media\/187834"}],"wp:attachment":[{"href":"https:\/\/analyse.optim.biz\/index.php?rest_route=%2Fwp%2Fv2%2Fmedia&parent=187833"}],"wp:term":[{"taxonomy":"category","embeddable":true,"href":"https:\/\/analyse.optim.biz\/index.php?rest_route=%2Fwp%2Fv2%2Fcategories&post=187833"},{"taxonomy":"post_tag","embeddable":true,"href":"https:\/\/analyse.optim.biz\/index.php?rest_route=%2Fwp%2Fv2%2Ftags&post=187833"}],"curies":[{"name":"wp","href":"https:\/\/api.w.org\/{rel}","templated":true}]}}