{"id":1878247,"date":"2026-04-09T16:01:32","date_gmt":"2026-04-09T13:01:32","guid":{"rendered":"https:\/\/analyse.optim.biz\/?p=1878247"},"modified":"2026-04-09T16:01:32","modified_gmt":"2026-04-09T13:01:32","slug":"dan-negru-mesaj-dur-dupa-moartea-lui-mircea-lucescu-ne-pricepem-cel-mai-bine-sa-sapam-gropi-unii-altora","status":"publish","type":"post","link":"https:\/\/analyse.optim.biz\/?p=1878247","title":{"rendered":"Dan Negru, mesaj dur dup\u0103 moartea lui Mircea Lucescu: \u201eNe pricepem cel mai bine s\u0103 s\u0103p\u0103m gropi\u2026 unii altora\u201d"},"content":{"rendered":"<p>[analyse_image type=&#8221;featured&#8221; src=&#8221;https:\/\/img.svnews.ro\/foto\/2026\/04\/09\/528491\/1a66ebb2835c99e45bbb43ea8.jpg&#8221;]<\/p>\n<div class=\"entry\"><img loading=\"lazy\" decoding=\"async\" width=\"650\" height=\"325\" src=\"https:\/\/img.svnews.ro\/foto\/2026\/04\/09\/528491\/1a66ebb2835c99e45bbb43ea806500325.jpg\" alt><\/p>\n<div class=\"entry_content\">\n<p>Vestea c\u0103 Mircea Lucescu a pierdut lupta cu via\u021ba este greu de acceptat pentru mul\u021bi dintre cei care l-au cunoscut \u0219i l-au apreciat at\u00e2t ca om, c\u00e2t \u0219i ca profesionist. Printre cei care \u00eel regret\u0103 se num\u0103r\u0103 \u0219i Dan Negru, cunoscutul om de televiziune care a avut ceva de spus dup\u0103 trecerea \u00een nefiin\u021b\u0103 a unei adev\u0103rate embleme a fotbalului na\u021bional \u0219i interna\u021bional, noteaz\u0103 click.ro.<\/p>\n<p>Dan Negru a postat pe re\u021belele de socializare o filmare cu un interviu realizat cu Mircea Lucescu, \u00eenso\u021bit de un mesaj \u00een care a reflectat asupra felului \u00een care este perceput antrenorul de-a lungul timpului, dar \u0219i asupra modului \u00een care societatea \u00ee\u0219i schimb\u0103 rapid opiniile.<\/p>\n<p>Prezentatorul TV a eviden\u021biat \u0219i diferen\u021ba dintre criticile primite de Mircea Lucescu de-a lungul timpului, \u0219i aprecierile primite la scurt timp dup\u0103 ce a murit.<\/p>\n<p>\u201e\u021aine\u021bi minte cum, \u00een minutul \u201990, Lucescu era un \u00abbo\u0219orog dep\u0103\u0219it\u00bb, iar, \u00een minutul 94, c\u00e2nd Rom\u00e2nia a \u00eenscris cu Austria, devenise un \u00abstrateg des\u0103v\u00e2r\u0219it\u00bb? \u0102\u0219tia suntem! Lucescu ne-a pus fa\u021b\u0103 \u00een fa\u021b\u0103 cu noi\u2026 Poate a\u021bi uitat, dar Lucescu nici m\u0103car nu era pe lista antrenorilor dori\u021bi la Na\u021bional\u0103. Erau al\u021bii\u2026 Lec\u021bia lui arat\u0103 c\u0103 suntem o societate contra-selectiv\u0103 \u00een orice domeniu. (\u2026) L-am \u00eentrebat pe domnul Lucescu ce \u00eel m\u00e2n\u0103 \u00een lupt\u0103. R\u0103spunsul lui m-a convins c\u0103 una e s\u0103 tr\u0103ie\u0219ti mult \u0219i alta e s\u0103 tr\u0103ie\u0219ti cu adev\u0103rat\u201d, a scris vedeta pe Instagram, potrivit sursei citate.<\/p>\n<p><em>Sursa foto: click.ro<\/em><\/p>\n<p>Cite\u0219te articolul complet \u0219i vezi VIDEO pe: <a href=\"https:\/\/click.ro\/vedete\/vedete-romanesti\/dan-negru-mesaj-dur-dupa-moartea-lui-mircea-2521399.html\">https:\/\/click.ro\/vedete\/vedete-romanesti\/dan-negru-mesaj-dur-dupa-moartea-lui-mircea-2521399.html<\/a><\/p>\n<p><span class=\"hreview-aggregate\"><span class=\"item\"><span class=\"fn\">Dan Negru, mesaj dur dup\u0103 moartea lui Mircea Lucescu: \u201eNe pricepem cel mai bine s\u0103 s\u0103p\u0103m gropi\u2026 unii altora\u201d<\/span><\/span>, <span class=\"rating\"><span class=\"average\">2.0<\/span> out of <span class=\"best\">10<\/span> based on <span class=\"votes\">1<\/span> rating <\/span><\/span><\/div>\n<div>\n<div>VN:F [1.9.22_1171]<\/div>\n<div class=\"ratingblock \">\n<div class=\"ratingstars \">\n<div id=\"article_loader_528491\" class=\"ratingloaderarticle\">\n<div class=\"loader arrows \">\n<div class=\"loaderinner\">se actualizeaz\u0103&#8230;<\/div>\n<\/div>\n<\/div>\n<\/div>\n<div class=\"ratingtext \">\n<div id=\"gdr_text_a528491\">Rating: 2.0\/<strong>10<\/strong> (1 vote cast)<\/div>\n<\/div>\n<\/div>\n<\/div>\n<\/div>\n<div class=\"entry_content\">\n<p>Vestea c\u0103 Mircea Lucescu a pierdut lupta cu via\u021ba este greu de acceptat pentru mul\u021bi dintre cei care l-au cunoscut \u0219i l-au apreciat at\u00e2t ca om, c\u00e2t \u0219i ca profesionist. Printre cei care \u00eel regret\u0103 se num\u0103r\u0103 \u0219i Dan Negru, cunoscutul om de televiziune care a avut ceva de spus dup\u0103 trecerea \u00een nefiin\u021b\u0103 a unei adev\u0103rate embleme a fotbalului na\u021bional \u0219i interna\u021bional, noteaz\u0103 click.ro.<\/p>\n<p>Dan Negru a postat pe re\u021belele de socializare o filmare cu un interviu realizat cu Mircea Lucescu, \u00eenso\u021bit de un mesaj \u00een care a reflectat asupra felului \u00een care este perceput antrenorul de-a lungul timpului, dar \u0219i asupra modului \u00een care societatea \u00ee\u0219i schimb\u0103 rapid opiniile.<\/p>\n<p>Prezentatorul TV a eviden\u021biat \u0219i diferen\u021ba dintre criticile primite de Mircea Lucescu de-a lungul timpului, \u0219i aprecierile primite la scurt timp dup\u0103 ce a murit.<\/p>\n<p>\u201e\u021aine\u021bi minte cum, \u00een minutul \u201990, Lucescu era un \u00abbo\u0219orog dep\u0103\u0219it\u00bb, iar, \u00een minutul 94, c\u00e2nd Rom\u00e2nia a \u00eenscris cu Austria, devenise un \u00abstrateg des\u0103v\u00e2r\u0219it\u00bb? \u0102\u0219tia suntem! Lucescu ne-a pus fa\u021b\u0103 \u00een fa\u021b\u0103 cu noi\u2026 Poate a\u021bi uitat, dar Lucescu nici m\u0103car nu era pe lista antrenorilor dori\u021bi la Na\u021bional\u0103. Erau al\u021bii\u2026 Lec\u021bia lui arat\u0103 c\u0103 suntem o societate contra-selectiv\u0103 \u00een orice domeniu. (\u2026) L-am \u00eentrebat pe domnul Lucescu ce \u00eel m\u00e2n\u0103 \u00een lupt\u0103. R\u0103spunsul lui m-a convins c\u0103 una e s\u0103 tr\u0103ie\u0219ti mult \u0219i alta e s\u0103 tr\u0103ie\u0219ti cu adev\u0103rat\u201d, a scris vedeta pe Instagram, potrivit sursei citate.<\/p>\n<p><em>Sursa foto: click.ro<\/em><\/p>\n<p>Cite\u0219te articolul complet \u0219i vezi VIDEO pe: <a href=\"https:\/\/click.ro\/vedete\/vedete-romanesti\/dan-negru-mesaj-dur-dupa-moartea-lui-mircea-2521399.html\">https:\/\/click.ro\/vedete\/vedete-romanesti\/dan-negru-mesaj-dur-dupa-moartea-lui-mircea-2521399.html<\/a><\/p>\n<p><span class=\"hreview-aggregate\"><span class=\"item\"><span class=\"fn\">Dan Negru, mesaj dur dup\u0103 moartea lui Mircea Lucescu: \u201eNe pricepem cel mai bine s\u0103 s\u0103p\u0103m gropi\u2026 unii altora\u201d<\/span><\/span>, <span class=\"rating\"><span class=\"average\">2.0<\/span> out of <span class=\"best\">10<\/span> based on <span class=\"votes\">1<\/span> rating <\/span><\/span><\/div>\n<p>[analyse_source url=&#8221;https:\/\/www.svnews.ro\/dan-negru-mesaj-dur-dupa-moartea-lui-mircea-lucescu-ne-pricepem-cel-mai-bine-sa-sapam-gropi-unii-altora\/528491\/&#8221;]<\/p>\n","protected":false},"excerpt":{"rendered":"<p>[analyse_image type=&#8221;featured&#8221; src=&#8221;https:\/\/img.svnews.ro\/foto\/2026\/04\/09\/528491\/1a66ebb2835c99e45bbb43ea8.jpg&#8221;] Vestea c\u0103 Mircea Lucescu a pierdut lupta cu via\u021ba este greu de acceptat pentru mul\u021bi dintre cei care l-au cunoscut \u0219i l-au apreciat at\u00e2t ca om, c\u00e2t \u0219i ca profesionist. Printre cei care \u00eel regret\u0103 se num\u0103r\u0103 \u0219i Dan Negru, cunoscutul om de televiziune care a avut ceva de spus dup\u0103 trecerea [&hellip;]<\/p>\n","protected":false},"author":1,"featured_media":0,"comment_status":"open","ping_status":"","sticky":false,"template":"","format":"standard","meta":{"footnotes":""},"categories":[89],"tags":[226,175],"class_list":["post-1878247","post","type-post","status-publish","format-standard","hentry","category-romania","tag-crawlmanager","tag-svnews-ro"],"_links":{"self":[{"href":"https:\/\/analyse.optim.biz\/index.php?rest_route=\/wp\/v2\/posts\/1878247","targetHints":{"allow":["GET"]}}],"collection":[{"href":"https:\/\/analyse.optim.biz\/index.php?rest_route=\/wp\/v2\/posts"}],"about":[{"href":"https:\/\/analyse.optim.biz\/index.php?rest_route=\/wp\/v2\/types\/post"}],"author":[{"embeddable":true,"href":"https:\/\/analyse.optim.biz\/index.php?rest_route=\/wp\/v2\/users\/1"}],"replies":[{"embeddable":true,"href":"https:\/\/analyse.optim.biz\/index.php?rest_route=%2Fwp%2Fv2%2Fcomments&post=1878247"}],"version-history":[{"count":0,"href":"https:\/\/analyse.optim.biz\/index.php?rest_route=\/wp\/v2\/posts\/1878247\/revisions"}],"wp:attachment":[{"href":"https:\/\/analyse.optim.biz\/index.php?rest_route=%2Fwp%2Fv2%2Fmedia&parent=1878247"}],"wp:term":[{"taxonomy":"category","embeddable":true,"href":"https:\/\/analyse.optim.biz\/index.php?rest_route=%2Fwp%2Fv2%2Fcategories&post=1878247"},{"taxonomy":"post_tag","embeddable":true,"href":"https:\/\/analyse.optim.biz\/index.php?rest_route=%2Fwp%2Fv2%2Ftags&post=1878247"}],"curies":[{"name":"wp","href":"https:\/\/api.w.org\/{rel}","templated":true}]}}