{"id":1878246,"date":"2026-04-09T16:00:01","date_gmt":"2026-04-09T13:00:01","guid":{"rendered":"https:\/\/analyse.optim.biz\/?p=1878246"},"modified":"2026-04-09T16:00:01","modified_gmt":"2026-04-09T13:00:01","slug":"amalia-enache-a-publicat-o-fotografie-emotionanta-din-tineretea-lui-mircea-lucescu-ce-simbolizeaza-imaginea-a-fost-model-de-decenta-si-eleganta","status":"publish","type":"post","link":"https:\/\/analyse.optim.biz\/?p=1878246","title":{"rendered":"Amalia Enache a publicat o fotografie emo\u021bionant\u0103 din tinere\u021bea lui Mircea Lucescu. Ce simbolizeaz\u0103 imaginea: \u201eA fost model de decen\u021b\u0103 \u0219i elegan\u021b\u0103\u201d"},"content":{"rendered":"<p>[analyse_image type=&#8221;featured&#8221; src=&#8221;https:\/\/img.svnews.ro\/foto\/2026\/04\/09\/528489\/9f2ade3123c1e00245e547abb.jpg&#8221;]<\/p>\n<div class=\"entry\"><img loading=\"lazy\" decoding=\"async\" width=\"650\" height=\"325\" src=\"https:\/\/img.svnews.ro\/foto\/2026\/04\/09\/528489\/9f2ade3123c1e00245e547abb06500325.jpg\" alt><\/p>\n<div class=\"entry_content\">\n<p>Prezentatoarea de \u0219tiri Amalia Enache a postat recent pe Instagram o fotografie din tinere\u021bea lui Mircea Lucescu. Imaginea \u00eel surprinde pe regretatul antrenor \u021bin\u00e2nd \u00een m\u00e2na dreapt\u0103 o cup\u0103, iar \u00een st\u00e2nga pe copilul s\u0103u. Fotografia a str\u00e2ns rapid aprecieri din partea fanilor, fiind considerat\u0103 una dintre cele mai reprezentative imagini pentru echilibrul pe care acesta l-a men\u021binut \u00eentre via\u021ba profesional\u0103 \u0219i cea personal\u0103, noteaz\u0103 click.ro.<\/p>\n<p>\u00cen postarea sa, jurnalista a subliniat munca \u0219i respectul care au definit cariera lui Mircea Lucescu:<\/p>\n<p>\u201eCupa \u00eentr-o m\u00e2n\u0103, copilul la cealalt\u0103. O clip\u0103 trece de la un moment ca cel din fotografia cu t\u00e2n\u0103rul tat\u0103 \u0219i fluierul final. O clip\u0103 \u00een care a muncit mult, a fost respectat enorm, a fost model de decen\u021b\u0103, profesionalism \u0219i elegan\u021b\u0103\u201d, a scris aceasta pe Instagram, conform sursei citate.<\/p>\n<p>Sursa foto: click.ro<\/p>\n<p>Cite\u0219te articolul complet \u0219i vezi VIDEO pe: <a href=\"https:\/\/click.ro\/vedete\/vedete-romanesti\/amalia-enache-a-publicat-o-fotografie-emotionanta-2521473.html\">https:\/\/click.ro\/vedete\/vedete-romanesti\/amalia-enache-a-publicat-o-fotografie-emotionanta-2521473.html<\/a><\/p>\n<p><span class=\"hreview-aggregate\"><span class=\"item\"><span class=\"fn\">Amalia Enache a publicat o fotografie emo\u021bionant\u0103 din tinere\u021bea lui Mircea Lucescu. Ce simbolizeaz\u0103 imaginea: \u201eA fost model de decen\u021b\u0103 \u0219i elegan\u021b\u0103\u201d<\/span><\/span>, <span class=\"rating\"><span class=\"average\">2.0<\/span> out of <span class=\"best\">10<\/span> based on <span class=\"votes\">1<\/span> rating <\/span><\/span><\/div>\n<div>\n<div>VN:F [1.9.22_1171]<\/div>\n<div class=\"ratingblock \">\n<div class=\"ratingstars \">\n<div id=\"article_loader_528489\" class=\"ratingloaderarticle\">\n<div class=\"loader arrows \">\n<div class=\"loaderinner\">se actualizeaz\u0103&#8230;<\/div>\n<\/div>\n<\/div>\n<\/div>\n<div class=\"ratingtext \">\n<div id=\"gdr_text_a528489\">Rating: 2.0\/<strong>10<\/strong> (1 vote cast)<\/div>\n<\/div>\n<\/div>\n<\/div>\n<\/div>\n<div class=\"entry_content\">\n<p>Prezentatoarea de \u0219tiri Amalia Enache a postat recent pe Instagram o fotografie din tinere\u021bea lui Mircea Lucescu. Imaginea \u00eel surprinde pe regretatul antrenor \u021bin\u00e2nd \u00een m\u00e2na dreapt\u0103 o cup\u0103, iar \u00een st\u00e2nga pe copilul s\u0103u. Fotografia a str\u00e2ns rapid aprecieri din partea fanilor, fiind considerat\u0103 una dintre cele mai reprezentative imagini pentru echilibrul pe care acesta l-a men\u021binut \u00eentre via\u021ba profesional\u0103 \u0219i cea personal\u0103, noteaz\u0103 click.ro.<\/p>\n<p>\u00cen postarea sa, jurnalista a subliniat munca \u0219i respectul care au definit cariera lui Mircea Lucescu:<\/p>\n<p>\u201eCupa \u00eentr-o m\u00e2n\u0103, copilul la cealalt\u0103. O clip\u0103 trece de la un moment ca cel din fotografia cu t\u00e2n\u0103rul tat\u0103 \u0219i fluierul final. O clip\u0103 \u00een care a muncit mult, a fost respectat enorm, a fost model de decen\u021b\u0103, profesionalism \u0219i elegan\u021b\u0103\u201d, a scris aceasta pe Instagram, conform sursei citate.<\/p>\n<p>Sursa foto: click.ro<\/p>\n<p>Cite\u0219te articolul complet \u0219i vezi VIDEO pe: <a href=\"https:\/\/click.ro\/vedete\/vedete-romanesti\/amalia-enache-a-publicat-o-fotografie-emotionanta-2521473.html\">https:\/\/click.ro\/vedete\/vedete-romanesti\/amalia-enache-a-publicat-o-fotografie-emotionanta-2521473.html<\/a><\/p>\n<p><span class=\"hreview-aggregate\"><span class=\"item\"><span class=\"fn\">Amalia Enache a publicat o fotografie emo\u021bionant\u0103 din tinere\u021bea lui Mircea Lucescu. Ce simbolizeaz\u0103 imaginea: \u201eA fost model de decen\u021b\u0103 \u0219i elegan\u021b\u0103\u201d<\/span><\/span>, <span class=\"rating\"><span class=\"average\">2.0<\/span> out of <span class=\"best\">10<\/span> based on <span class=\"votes\">1<\/span> rating <\/span><\/span><\/div>\n<p>[analyse_source url=&#8221;https:\/\/www.svnews.ro\/amalia-enache-a-publicat-o-fotografie-emotionanta-din-tineretea-lui-mircea-lucescu-ce-simbolizeaza-imaginea-a-fost-model-de-decenta-si-eleganta\/528489\/&#8221;]<\/p>\n","protected":false},"excerpt":{"rendered":"<p>[analyse_image type=&#8221;featured&#8221; src=&#8221;https:\/\/img.svnews.ro\/foto\/2026\/04\/09\/528489\/9f2ade3123c1e00245e547abb.jpg&#8221;] Prezentatoarea de \u0219tiri Amalia Enache a postat recent pe Instagram o fotografie din tinere\u021bea lui Mircea Lucescu. Imaginea \u00eel surprinde pe regretatul antrenor \u021bin\u00e2nd \u00een m\u00e2na dreapt\u0103 o cup\u0103, iar \u00een st\u00e2nga pe copilul s\u0103u. Fotografia a str\u00e2ns rapid aprecieri din partea fanilor, fiind considerat\u0103 una dintre cele mai reprezentative imagini pentru [&hellip;]<\/p>\n","protected":false},"author":1,"featured_media":0,"comment_status":"open","ping_status":"","sticky":false,"template":"","format":"standard","meta":{"footnotes":""},"categories":[89],"tags":[226,175],"class_list":["post-1878246","post","type-post","status-publish","format-standard","hentry","category-romania","tag-crawlmanager","tag-svnews-ro"],"_links":{"self":[{"href":"https:\/\/analyse.optim.biz\/index.php?rest_route=\/wp\/v2\/posts\/1878246","targetHints":{"allow":["GET"]}}],"collection":[{"href":"https:\/\/analyse.optim.biz\/index.php?rest_route=\/wp\/v2\/posts"}],"about":[{"href":"https:\/\/analyse.optim.biz\/index.php?rest_route=\/wp\/v2\/types\/post"}],"author":[{"embeddable":true,"href":"https:\/\/analyse.optim.biz\/index.php?rest_route=\/wp\/v2\/users\/1"}],"replies":[{"embeddable":true,"href":"https:\/\/analyse.optim.biz\/index.php?rest_route=%2Fwp%2Fv2%2Fcomments&post=1878246"}],"version-history":[{"count":0,"href":"https:\/\/analyse.optim.biz\/index.php?rest_route=\/wp\/v2\/posts\/1878246\/revisions"}],"wp:attachment":[{"href":"https:\/\/analyse.optim.biz\/index.php?rest_route=%2Fwp%2Fv2%2Fmedia&parent=1878246"}],"wp:term":[{"taxonomy":"category","embeddable":true,"href":"https:\/\/analyse.optim.biz\/index.php?rest_route=%2Fwp%2Fv2%2Fcategories&post=1878246"},{"taxonomy":"post_tag","embeddable":true,"href":"https:\/\/analyse.optim.biz\/index.php?rest_route=%2Fwp%2Fv2%2Ftags&post=1878246"}],"curies":[{"name":"wp","href":"https:\/\/api.w.org\/{rel}","templated":true}]}}