{"id":1878244,"date":"2026-04-09T15:52:32","date_gmt":"2026-04-09T12:52:32","guid":{"rendered":"https:\/\/analyse.optim.biz\/?p=1878244"},"modified":"2026-04-09T15:52:32","modified_gmt":"2026-04-09T12:52:32","slug":"revolta-lui-aurel-padureanu-dupa-scumpiri-pensionarii-se-imprumuta-la-banci-pentru-masa-de-paste-gest-emotionant-la-mormantul-sotiei","status":"publish","type":"post","link":"https:\/\/analyse.optim.biz\/?p=1878244","title":{"rendered":"Revolta lui Aurel P\u0103dureanu, dup\u0103 scumpiri: \u201ePensionarii se \u00eemprumut\u0103 la b\u0103nci pentru masa de Pa\u0219te.\u201d Gest emo\u021bionant la morm\u00e2ntul so\u021biei"},"content":{"rendered":"<p>[analyse_image type=&#8221;featured&#8221; src=&#8221;https:\/\/img.svnews.ro\/foto\/2026\/04\/09\/528482\/7d12c9b5b193fddc3df96a14d.jpg&#8221;]<\/p>\n<div class=\"entry\"><img loading=\"lazy\" decoding=\"async\" width=\"650\" height=\"325\" src=\"https:\/\/img.svnews.ro\/foto\/2026\/04\/09\/528482\/7d12c9b5b193fddc3df96a14d06500325.jpg\" alt><\/p>\n<div class=\"entry_content\">\n<p>Aurel P\u0103dureanu, solistul care, dup\u0103 cei 50 de ani dedica\u021bi scenei, tr\u0103ie\u0219te dintr-o pensie modest\u0103, le bate obrazul guvernan\u021bilor, \u00eenaintea S\u0103rb\u0103torilor Pascale. Exclusiv pentru Click!, so\u021bul regretatei Cornelia Catanga a dezv\u0103luit \u0219i cu ce probleme de s\u0103n\u0103tate se confrunt\u0103, acum, la v\u00e2rsta de 76 de ani.<\/p>\n<p>Aurel P\u0103dureanu se descurc\u0103 tot mai greu din pensia modest\u0103, dup\u0103 majorarea pre\u021burilor la m\u00e2ncare \u0219i la utilit\u0103\u021bi: \u201eComparativ cu al\u021bi ani, trecem prin perioade critice. Carne de miel nu \u0219tiu c\u00e2\u021bi o s\u0103 mai reu\u0219easc\u0103 s\u0103-\u0219i cumpere, e ceva mai scump\u0103, sunt pre\u021buri mari, \u00een 2026.<\/p>\n<p>Toat\u0103 lumea se vait\u0103. Pererea mea e c\u0103 cine are bani o s\u0103 aib\u0103 \u0219i mai mul\u021bi, iar cei s\u0103raci o s\u0103 devin\u0103 \u0219i mai s\u0103raci. Fiecare rom\u00e2n caut\u0103 s\u0103 preg\u0103teasc\u0103 masa tradi\u021bional\u0103. Cunosc pensionari care se \u00eemprumut\u0103 pe la b\u0103nci sau pe vecini, ca s\u0103 aib\u0103 ce pune pe masa de Pa\u0219te. Pa\u0219tele e s\u0103rb\u0103toare mare, nu po\u021bi sta cu masa goal\u0103!\u201d.<\/p>\n<p>Solistul recunoa\u0219te c\u0103 nu a \u021binut Postul Pa\u0219telui, dar, \u00een situa\u021bia lui, din cauza unor probleme de s\u0103n\u0103tate. \u00cens\u0103, e de p\u0103rere c\u0103 mai important e s\u0103 ai un suflet bun, s\u0103 faci bine celor din jur, dec\u00e2t s\u0103 fii atent numai la alimenta\u021bie.<\/p>\n<p>Sursa foto: click.ro<\/p>\n<p>Cite\u0219te articolul complet EXCLUSIV pe: <a href=\"https:\/\/click.ro\/vedete\/vedete-romanesti\/revolta-lui-aurel-padureanu-dupa-scumpiri-2521485.html\">https:\/\/click.ro\/vedete\/vedete-romanesti\/revolta-lui-aurel-padureanu-dupa-scumpiri-2521485.html<\/a><\/p>\n<\/div>\n<div>\n<div>VN:F [1.9.22_1171]<\/div>\n<div class=\"ratingblock \">\n<div class=\"ratingstars \">\n<div id=\"article_loader_528482\" class=\"ratingloaderarticle\">\n<div class=\"loader arrows \">\n<div class=\"loaderinner\">se actualizeaz\u0103&#8230;<\/div>\n<\/div>\n<\/div>\n<\/div>\n<div class=\"ratingtext \">\n<div id=\"gdr_text_a528482\">Rating: 0.0\/<strong>10<\/strong> (0 votes cast)<\/div>\n<\/div>\n<\/div>\n<\/div>\n<\/div>\n<div class=\"entry_content\">\n<p>Aurel P\u0103dureanu, solistul care, dup\u0103 cei 50 de ani dedica\u021bi scenei, tr\u0103ie\u0219te dintr-o pensie modest\u0103, le bate obrazul guvernan\u021bilor, \u00eenaintea S\u0103rb\u0103torilor Pascale. Exclusiv pentru Click!, so\u021bul regretatei Cornelia Catanga a dezv\u0103luit \u0219i cu ce probleme de s\u0103n\u0103tate se confrunt\u0103, acum, la v\u00e2rsta de 76 de ani.<\/p>\n<p>Aurel P\u0103dureanu se descurc\u0103 tot mai greu din pensia modest\u0103, dup\u0103 majorarea pre\u021burilor la m\u00e2ncare \u0219i la utilit\u0103\u021bi: \u201eComparativ cu al\u021bi ani, trecem prin perioade critice. Carne de miel nu \u0219tiu c\u00e2\u021bi o s\u0103 mai reu\u0219easc\u0103 s\u0103-\u0219i cumpere, e ceva mai scump\u0103, sunt pre\u021buri mari, \u00een 2026.<\/p>\n<p>Toat\u0103 lumea se vait\u0103. Pererea mea e c\u0103 cine are bani o s\u0103 aib\u0103 \u0219i mai mul\u021bi, iar cei s\u0103raci o s\u0103 devin\u0103 \u0219i mai s\u0103raci. Fiecare rom\u00e2n caut\u0103 s\u0103 preg\u0103teasc\u0103 masa tradi\u021bional\u0103. Cunosc pensionari care se \u00eemprumut\u0103 pe la b\u0103nci sau pe vecini, ca s\u0103 aib\u0103 ce pune pe masa de Pa\u0219te. Pa\u0219tele e s\u0103rb\u0103toare mare, nu po\u021bi sta cu masa goal\u0103!\u201d.<\/p>\n<p>Solistul recunoa\u0219te c\u0103 nu a \u021binut Postul Pa\u0219telui, dar, \u00een situa\u021bia lui, din cauza unor probleme de s\u0103n\u0103tate. \u00cens\u0103, e de p\u0103rere c\u0103 mai important e s\u0103 ai un suflet bun, s\u0103 faci bine celor din jur, dec\u00e2t s\u0103 fii atent numai la alimenta\u021bie.<\/p>\n<p>Sursa foto: click.ro<\/p>\n<p>Cite\u0219te articolul complet EXCLUSIV pe: <a href=\"https:\/\/click.ro\/vedete\/vedete-romanesti\/revolta-lui-aurel-padureanu-dupa-scumpiri-2521485.html\">https:\/\/click.ro\/vedete\/vedete-romanesti\/revolta-lui-aurel-padureanu-dupa-scumpiri-2521485.html<\/a><\/p>\n<\/div>\n<p>[analyse_source url=&#8221;https:\/\/www.svnews.ro\/revolta-lui-aurel-padureanu-dupa-scumpiri-pensionarii-se-imprumuta-la-banci-pentru-masa-de-paste-gest-emotionant-la-mormantul-sotiei\/528482\/&#8221;]<\/p>\n","protected":false},"excerpt":{"rendered":"<p>[analyse_image type=&#8221;featured&#8221; src=&#8221;https:\/\/img.svnews.ro\/foto\/2026\/04\/09\/528482\/7d12c9b5b193fddc3df96a14d.jpg&#8221;] Aurel P\u0103dureanu, solistul care, dup\u0103 cei 50 de ani dedica\u021bi scenei, tr\u0103ie\u0219te dintr-o pensie modest\u0103, le bate obrazul guvernan\u021bilor, \u00eenaintea S\u0103rb\u0103torilor Pascale. Exclusiv pentru Click!, so\u021bul regretatei Cornelia Catanga a dezv\u0103luit \u0219i cu ce probleme de s\u0103n\u0103tate se confrunt\u0103, acum, la v\u00e2rsta de 76 de ani. Aurel P\u0103dureanu se descurc\u0103 tot mai [&hellip;]<\/p>\n","protected":false},"author":1,"featured_media":0,"comment_status":"open","ping_status":"","sticky":false,"template":"","format":"standard","meta":{"footnotes":""},"categories":[89],"tags":[226,175],"class_list":["post-1878244","post","type-post","status-publish","format-standard","hentry","category-romania","tag-crawlmanager","tag-svnews-ro"],"_links":{"self":[{"href":"https:\/\/analyse.optim.biz\/index.php?rest_route=\/wp\/v2\/posts\/1878244","targetHints":{"allow":["GET"]}}],"collection":[{"href":"https:\/\/analyse.optim.biz\/index.php?rest_route=\/wp\/v2\/posts"}],"about":[{"href":"https:\/\/analyse.optim.biz\/index.php?rest_route=\/wp\/v2\/types\/post"}],"author":[{"embeddable":true,"href":"https:\/\/analyse.optim.biz\/index.php?rest_route=\/wp\/v2\/users\/1"}],"replies":[{"embeddable":true,"href":"https:\/\/analyse.optim.biz\/index.php?rest_route=%2Fwp%2Fv2%2Fcomments&post=1878244"}],"version-history":[{"count":0,"href":"https:\/\/analyse.optim.biz\/index.php?rest_route=\/wp\/v2\/posts\/1878244\/revisions"}],"wp:attachment":[{"href":"https:\/\/analyse.optim.biz\/index.php?rest_route=%2Fwp%2Fv2%2Fmedia&parent=1878244"}],"wp:term":[{"taxonomy":"category","embeddable":true,"href":"https:\/\/analyse.optim.biz\/index.php?rest_route=%2Fwp%2Fv2%2Fcategories&post=1878244"},{"taxonomy":"post_tag","embeddable":true,"href":"https:\/\/analyse.optim.biz\/index.php?rest_route=%2Fwp%2Fv2%2Ftags&post=1878244"}],"curies":[{"name":"wp","href":"https:\/\/api.w.org\/{rel}","templated":true}]}}