{"id":1878243,"date":"2026-04-09T15:51:34","date_gmt":"2026-04-09T12:51:34","guid":{"rendered":"https:\/\/analyse.optim.biz\/?p=1878243"},"modified":"2026-04-09T15:51:34","modified_gmt":"2026-04-09T12:51:34","slug":"viorica-de-la-clejani-isi-striga-durerea-in-lacrimi-ce-decizie-a-luat-artista-dupa-ce-l-a-vizitat-pe-fulgy-la-spital-m-am-lepadat-de-dumnezeu","status":"publish","type":"post","link":"https:\/\/analyse.optim.biz\/?p=1878243","title":{"rendered":"Viorica de la Clejani \u00ee\u0219i strig\u0103 durerea \u00een lacrimi! Ce decizie a luat artista dup\u0103 ce l-a vizitat pe Fulgy la spital: \u201eM-am lep\u0103dat de Dumnezeu\u201d"},"content":{"rendered":"<p>[analyse_image type=&#8221;featured&#8221; src=&#8221;https:\/\/img.svnews.ro\/foto\/2026\/04\/09\/528480\/0135f1f1161ec62f43488ae7d.jpg&#8221;]<\/p>\n<div class=\"entry\"><img loading=\"lazy\" decoding=\"async\" width=\"650\" height=\"325\" src=\"https:\/\/img.svnews.ro\/foto\/2026\/04\/09\/528480\/0135f1f1161ec62f43488ae7d06500325.jpg\" alt><\/p>\n<div class=\"entry_content\">\n<p>Viorica din Clejani a transmis un mesaj emo\u021bionant pe TikTok dup\u0103 ce fiul ei, Fulgy, a fost internat la Spitalul Clinic de Psihiatrie Dr. Alexandru Obregia. Artista a mers s\u0103-l viziteze, \u00eens\u0103 nu a reu\u0219it s\u0103 \u00eel vad\u0103, iar \u00een lacrimi a recunoscut c\u0103 este profund marcat\u0103 de faptul c\u0103 nu a mai vorbit cu el \u00een ultimele dou\u0103 luni. \u00cen acela\u0219i timp, ea a spus c\u0103 se g\u00e2nde\u0219te serios s\u0103 se poc\u0103iasc\u0103, potrivit click.ro.<\/p>\n<p>\u201dNu fac cozonac, nici ou\u0103 nu vreau s\u0103 vopsesc. Cel mai mult m\u0103 macin\u0103 faptul c\u0103 eu nu am vorbit cu el. M-am lep\u0103dat de Dumnezeu \u0219i i-am spus copilului c\u0103 m\u0103 lep\u0103d de el. Fulgy e ochii mei \u0219i via\u021ba mea. M-am luat dup\u0103 lume, m-am l\u0103sat influen\u021bat\u0103. Nu am ascultat medicii, s\u0103 vorbesc a\u0219a cum trebuia s\u0103 vorbesc. At\u00e2t mi-a trebuit, pentru c\u0103 cuv\u00e2ntul \u201einternare\u201d este o traum\u0103. Eu am f\u0103cut pe aia viteaz\u0103 \u0219i i-am zis \u201eDe ce faci, m\u0103 a\u0219a, las\u0103 c\u0103 te internez eu c\u00e2nd vii acas\u0103\u2026 at\u00e2t mi-a trebuit\u201d, a spus Viorica din Clejani pe TikTok, noteaz\u0103 sursa citat\u0103.<\/p>\n<p>Sursa foto: click.ro<\/p>\n<p>Cite\u0219te articolul complet \u0219i vezi VIDEO pe: <a href=\"https:\/\/click.ro\/vedete\/vedete-romanesti\/viorica-de-la-clejani-isi-striga-durerea-in-2521516.html\">https:\/\/click.ro\/vedete\/vedete-romanesti\/viorica-de-la-clejani-isi-striga-durerea-in-2521516.html<\/a><\/p>\n<\/div>\n<div>\n<div>VN:F [1.9.22_1171]<\/div>\n<div class=\"ratingblock \">\n<div class=\"ratingstars \">\n<div id=\"article_loader_528480\" class=\"ratingloaderarticle\">\n<div class=\"loader arrows \">\n<div class=\"loaderinner\">se actualizeaz\u0103&#8230;<\/div>\n<\/div>\n<\/div>\n<\/div>\n<div class=\"ratingtext \">\n<div id=\"gdr_text_a528480\">Rating: 0.0\/<strong>10<\/strong> (0 votes cast)<\/div>\n<\/div>\n<\/div>\n<\/div>\n<\/div>\n<div class=\"entry_content\">\n<p>Viorica din Clejani a transmis un mesaj emo\u021bionant pe TikTok dup\u0103 ce fiul ei, Fulgy, a fost internat la Spitalul Clinic de Psihiatrie Dr. Alexandru Obregia. Artista a mers s\u0103-l viziteze, \u00eens\u0103 nu a reu\u0219it s\u0103 \u00eel vad\u0103, iar \u00een lacrimi a recunoscut c\u0103 este profund marcat\u0103 de faptul c\u0103 nu a mai vorbit cu el \u00een ultimele dou\u0103 luni. \u00cen acela\u0219i timp, ea a spus c\u0103 se g\u00e2nde\u0219te serios s\u0103 se poc\u0103iasc\u0103, potrivit click.ro.<\/p>\n<p>\u201dNu fac cozonac, nici ou\u0103 nu vreau s\u0103 vopsesc. Cel mai mult m\u0103 macin\u0103 faptul c\u0103 eu nu am vorbit cu el. M-am lep\u0103dat de Dumnezeu \u0219i i-am spus copilului c\u0103 m\u0103 lep\u0103d de el. Fulgy e ochii mei \u0219i via\u021ba mea. M-am luat dup\u0103 lume, m-am l\u0103sat influen\u021bat\u0103. Nu am ascultat medicii, s\u0103 vorbesc a\u0219a cum trebuia s\u0103 vorbesc. At\u00e2t mi-a trebuit, pentru c\u0103 cuv\u00e2ntul \u201einternare\u201d este o traum\u0103. Eu am f\u0103cut pe aia viteaz\u0103 \u0219i i-am zis \u201eDe ce faci, m\u0103 a\u0219a, las\u0103 c\u0103 te internez eu c\u00e2nd vii acas\u0103\u2026 at\u00e2t mi-a trebuit\u201d, a spus Viorica din Clejani pe TikTok, noteaz\u0103 sursa citat\u0103.<\/p>\n<p>Sursa foto: click.ro<\/p>\n<p>Cite\u0219te articolul complet \u0219i vezi VIDEO pe: <a href=\"https:\/\/click.ro\/vedete\/vedete-romanesti\/viorica-de-la-clejani-isi-striga-durerea-in-2521516.html\">https:\/\/click.ro\/vedete\/vedete-romanesti\/viorica-de-la-clejani-isi-striga-durerea-in-2521516.html<\/a><\/p>\n<\/div>\n<p>[analyse_source url=&#8221;https:\/\/www.svnews.ro\/viorica-de-la-clejani-isi-striga-durerea-in-lacrimi-ce-decizie-a-luat-artista-dupa-ce-l-a-vizitat-pe-fulgy-la-spital-m-am-lepadat-de-dumnezeu\/528480\/&#8221;]<\/p>\n","protected":false},"excerpt":{"rendered":"<p>[analyse_image type=&#8221;featured&#8221; src=&#8221;https:\/\/img.svnews.ro\/foto\/2026\/04\/09\/528480\/0135f1f1161ec62f43488ae7d.jpg&#8221;] Viorica din Clejani a transmis un mesaj emo\u021bionant pe TikTok dup\u0103 ce fiul ei, Fulgy, a fost internat la Spitalul Clinic de Psihiatrie Dr. Alexandru Obregia. Artista a mers s\u0103-l viziteze, \u00eens\u0103 nu a reu\u0219it s\u0103 \u00eel vad\u0103, iar \u00een lacrimi a recunoscut c\u0103 este profund marcat\u0103 de faptul c\u0103 nu a [&hellip;]<\/p>\n","protected":false},"author":1,"featured_media":0,"comment_status":"open","ping_status":"","sticky":false,"template":"","format":"standard","meta":{"footnotes":""},"categories":[89],"tags":[226,175],"class_list":["post-1878243","post","type-post","status-publish","format-standard","hentry","category-romania","tag-crawlmanager","tag-svnews-ro"],"_links":{"self":[{"href":"https:\/\/analyse.optim.biz\/index.php?rest_route=\/wp\/v2\/posts\/1878243","targetHints":{"allow":["GET"]}}],"collection":[{"href":"https:\/\/analyse.optim.biz\/index.php?rest_route=\/wp\/v2\/posts"}],"about":[{"href":"https:\/\/analyse.optim.biz\/index.php?rest_route=\/wp\/v2\/types\/post"}],"author":[{"embeddable":true,"href":"https:\/\/analyse.optim.biz\/index.php?rest_route=\/wp\/v2\/users\/1"}],"replies":[{"embeddable":true,"href":"https:\/\/analyse.optim.biz\/index.php?rest_route=%2Fwp%2Fv2%2Fcomments&post=1878243"}],"version-history":[{"count":0,"href":"https:\/\/analyse.optim.biz\/index.php?rest_route=\/wp\/v2\/posts\/1878243\/revisions"}],"wp:attachment":[{"href":"https:\/\/analyse.optim.biz\/index.php?rest_route=%2Fwp%2Fv2%2Fmedia&parent=1878243"}],"wp:term":[{"taxonomy":"category","embeddable":true,"href":"https:\/\/analyse.optim.biz\/index.php?rest_route=%2Fwp%2Fv2%2Fcategories&post=1878243"},{"taxonomy":"post_tag","embeddable":true,"href":"https:\/\/analyse.optim.biz\/index.php?rest_route=%2Fwp%2Fv2%2Ftags&post=1878243"}],"curies":[{"name":"wp","href":"https:\/\/api.w.org\/{rel}","templated":true}]}}