{"id":1878241,"date":"2026-04-08T13:47:30","date_gmt":"2026-04-08T10:47:30","guid":{"rendered":"https:\/\/analyse.optim.biz\/?p=1878241"},"modified":"2026-04-08T13:47:30","modified_gmt":"2026-04-08T10:47:30","slug":"ce-se-intampla-cu-fiul-eugeniei-serban-lorans-duce-o-lupta-grea-cu-dependenta-de-substante-pasii-aceia-spre-bine-sunt-facuti","status":"publish","type":"post","link":"https:\/\/analyse.optim.biz\/?p=1878241","title":{"rendered":"Ce se \u00eent\u00e2mpl\u0103 cu fiul Eugeniei \u0218erban. Lorans duce o lupt\u0103 grea cu dependen\u021ba de substan\u021be: \u201ePa\u0219ii aceia spre bine sunt f\u0103cu\u021bi\u201d"},"content":{"rendered":"<p>[analyse_image type=&#8221;featured&#8221; src=&#8221;https:\/\/img.svnews.ro\/foto\/2026\/04\/08\/528330\/d0108466bd3ef48deac669d24.jpg&#8221;]<\/p>\n<div class=\"entry\"><img loading=\"lazy\" decoding=\"async\" width=\"650\" height=\"325\" src=\"https:\/\/img.svnews.ro\/foto\/2026\/04\/08\/528330\/d0108466bd3ef48deac669d2406500325.jpg\" alt><\/p>\n<div class=\"entry_content\">\n<p>Eugenia \u0218erban (56 de ani), una dintre cele mai \u00eendr\u0103gite actri\u021be, vorbe\u0219te despre drama pe care o tr\u0103ie\u0219te de ani de zile \u00een lupta \u00eempotriva dependen\u021bei de droguri a fiului ei, Lorans (32 de ani). Pe l\u00e2ng\u0103 problemele de s\u0103n\u0103tate cu care s-a confruntat dup\u0103 ce a fost diagnosticat\u0103 cu\u00a0cancer, Eugenia a fost nevoit\u0103 s\u0103 \u021bin\u0103 piept acestui co\u0219mar \u0219i s\u0103 \u00ee\u0219i ajute fiul s\u0103 renun\u021be la dependen\u021b\u0103, noteaz\u0103 click.ro.<\/p>\n<p>Actri\u021ba m\u0103rturise\u0219te c\u0103 lucrurile au \u00eenceput, u\u0219or, s\u0103 se \u00eendrepte \u00eentr-o direc\u021bie bun\u0103, dar este con\u0219tient\u0103 c\u0103 va mai dura p\u00e2n\u0103 c\u00e2nd\u00a0Lorans\u00a0va renun\u021ba complet la consumul de substan\u021be, de care a devenit dependent \u00een urm\u0103 cu 14 ani, la v\u00e2rsta de 16 ani.<\/p>\n<p>\u201eDa, s-au mai a\u0219ezat, dar \u00eenc\u0103 nu la nivelul acela pe care mi-l doresc eu, dar pa\u0219ii aceia spre bine sunt f\u0103cu\u021bi\u201d, a m\u0103rturisit actri\u021ba \u00eentr-un interviu\u00a0viva.ro.<\/p>\n<p>\u00cen tot acest timp,\u00a0Eugenia \u0218erban\u00a0a f\u0103cut eforturi constante pentru a-\u0219i ajuta fiul \u0219i continu\u0103 s\u0103 \u00eei fie al\u0103turi \u00een aceast\u0103 lupt\u0103.<\/p>\n<p>\u201eDa. \u0218i probabil o s\u0103 mai trec, p\u00e2n\u0103 c\u00e2nd o s\u0103 fie acolo unde \u00eemi doresc eu \u0219i cum \u00ee\u0219i dore\u0219te fiecare p\u0103rinte pentru copilul lui\u201d, a ad\u0103ugat aceasta, potrivit sursei citate.<\/p>\n<p>Sursa foto: click.ro<\/p>\n<p>Cite\u0219te articolul complet pe: <a href=\"https:\/\/click.ro\/vedete\/vedete-romanesti\/ce-se-intampla-cu-fiul-eugeniei-serban-lorans-2521248.html\">https:\/\/click.ro\/vedete\/vedete-romanesti\/ce-se-intampla-cu-fiul-eugeniei-serban-lorans-2521248.html<\/a><\/p>\n<\/div>\n<div>\n<div>VN:F [1.9.22_1171]<\/div>\n<div class=\"ratingblock \">\n<div class=\"ratingstars \">\n<div id=\"article_loader_528330\" class=\"ratingloaderarticle\">\n<div class=\"loader arrows \">\n<div class=\"loaderinner\">se actualizeaz\u0103&#8230;<\/div>\n<\/div>\n<\/div>\n<\/div>\n<div class=\"ratingtext \">\n<div id=\"gdr_text_a528330\">Rating: 0.0\/<strong>10<\/strong> (0 votes cast)<\/div>\n<\/div>\n<\/div>\n<\/div>\n<\/div>\n<div class=\"entry_content\">\n<p>Eugenia \u0218erban (56 de ani), una dintre cele mai \u00eendr\u0103gite actri\u021be, vorbe\u0219te despre drama pe care o tr\u0103ie\u0219te de ani de zile \u00een lupta \u00eempotriva dependen\u021bei de droguri a fiului ei, Lorans (32 de ani). Pe l\u00e2ng\u0103 problemele de s\u0103n\u0103tate cu care s-a confruntat dup\u0103 ce a fost diagnosticat\u0103 cu\u00a0cancer, Eugenia a fost nevoit\u0103 s\u0103 \u021bin\u0103 piept acestui co\u0219mar \u0219i s\u0103 \u00ee\u0219i ajute fiul s\u0103 renun\u021be la dependen\u021b\u0103, noteaz\u0103 click.ro.<\/p>\n<p>Actri\u021ba m\u0103rturise\u0219te c\u0103 lucrurile au \u00eenceput, u\u0219or, s\u0103 se \u00eendrepte \u00eentr-o direc\u021bie bun\u0103, dar este con\u0219tient\u0103 c\u0103 va mai dura p\u00e2n\u0103 c\u00e2nd\u00a0Lorans\u00a0va renun\u021ba complet la consumul de substan\u021be, de care a devenit dependent \u00een urm\u0103 cu 14 ani, la v\u00e2rsta de 16 ani.<\/p>\n<p>\u201eDa, s-au mai a\u0219ezat, dar \u00eenc\u0103 nu la nivelul acela pe care mi-l doresc eu, dar pa\u0219ii aceia spre bine sunt f\u0103cu\u021bi\u201d, a m\u0103rturisit actri\u021ba \u00eentr-un interviu\u00a0viva.ro.<\/p>\n<p>\u00cen tot acest timp,\u00a0Eugenia \u0218erban\u00a0a f\u0103cut eforturi constante pentru a-\u0219i ajuta fiul \u0219i continu\u0103 s\u0103 \u00eei fie al\u0103turi \u00een aceast\u0103 lupt\u0103.<\/p>\n<p>\u201eDa. \u0218i probabil o s\u0103 mai trec, p\u00e2n\u0103 c\u00e2nd o s\u0103 fie acolo unde \u00eemi doresc eu \u0219i cum \u00ee\u0219i dore\u0219te fiecare p\u0103rinte pentru copilul lui\u201d, a ad\u0103ugat aceasta, potrivit sursei citate.<\/p>\n<p>Sursa foto: click.ro<\/p>\n<p>Cite\u0219te articolul complet pe: <a href=\"https:\/\/click.ro\/vedete\/vedete-romanesti\/ce-se-intampla-cu-fiul-eugeniei-serban-lorans-2521248.html\">https:\/\/click.ro\/vedete\/vedete-romanesti\/ce-se-intampla-cu-fiul-eugeniei-serban-lorans-2521248.html<\/a><\/p>\n<\/div>\n<p>[analyse_source url=&#8221;https:\/\/www.svnews.ro\/ce-se-intampla-cu-fiul-eugeniei-serban-lorans-duce-o-lupta-grea-cu-dependenta-de-substante-pasii-aceia-spre-bine-sunt-facuti\/528330\/&#8221;]<\/p>\n","protected":false},"excerpt":{"rendered":"<p>[analyse_image type=&#8221;featured&#8221; src=&#8221;https:\/\/img.svnews.ro\/foto\/2026\/04\/08\/528330\/d0108466bd3ef48deac669d24.jpg&#8221;] Eugenia \u0218erban (56 de ani), una dintre cele mai \u00eendr\u0103gite actri\u021be, vorbe\u0219te despre drama pe care o tr\u0103ie\u0219te de ani de zile \u00een lupta \u00eempotriva dependen\u021bei de droguri a fiului ei, Lorans (32 de ani). Pe l\u00e2ng\u0103 problemele de s\u0103n\u0103tate cu care s-a confruntat dup\u0103 ce a fost diagnosticat\u0103 cu\u00a0cancer, Eugenia a [&hellip;]<\/p>\n","protected":false},"author":1,"featured_media":0,"comment_status":"open","ping_status":"","sticky":false,"template":"","format":"standard","meta":{"footnotes":""},"categories":[89],"tags":[226,175],"class_list":["post-1878241","post","type-post","status-publish","format-standard","hentry","category-romania","tag-crawlmanager","tag-svnews-ro"],"_links":{"self":[{"href":"https:\/\/analyse.optim.biz\/index.php?rest_route=\/wp\/v2\/posts\/1878241","targetHints":{"allow":["GET"]}}],"collection":[{"href":"https:\/\/analyse.optim.biz\/index.php?rest_route=\/wp\/v2\/posts"}],"about":[{"href":"https:\/\/analyse.optim.biz\/index.php?rest_route=\/wp\/v2\/types\/post"}],"author":[{"embeddable":true,"href":"https:\/\/analyse.optim.biz\/index.php?rest_route=\/wp\/v2\/users\/1"}],"replies":[{"embeddable":true,"href":"https:\/\/analyse.optim.biz\/index.php?rest_route=%2Fwp%2Fv2%2Fcomments&post=1878241"}],"version-history":[{"count":0,"href":"https:\/\/analyse.optim.biz\/index.php?rest_route=\/wp\/v2\/posts\/1878241\/revisions"}],"wp:attachment":[{"href":"https:\/\/analyse.optim.biz\/index.php?rest_route=%2Fwp%2Fv2%2Fmedia&parent=1878241"}],"wp:term":[{"taxonomy":"category","embeddable":true,"href":"https:\/\/analyse.optim.biz\/index.php?rest_route=%2Fwp%2Fv2%2Fcategories&post=1878241"},{"taxonomy":"post_tag","embeddable":true,"href":"https:\/\/analyse.optim.biz\/index.php?rest_route=%2Fwp%2Fv2%2Ftags&post=1878241"}],"curies":[{"name":"wp","href":"https:\/\/api.w.org\/{rel}","templated":true}]}}