{"id":1878232,"date":"2026-04-07T15:32:00","date_gmt":"2026-04-07T12:32:00","guid":{"rendered":"https:\/\/analyse.optim.biz\/?p=1878232"},"modified":"2026-04-07T15:32:00","modified_gmt":"2026-04-07T12:32:00","slug":"fulgy-fiul-clejanilor-amenintare-socanta-intr-un-live-mascatii-au-intervenit-in-forta-si-l-au-dus-la-obregia","status":"publish","type":"post","link":"https:\/\/analyse.optim.biz\/?p=1878232","title":{"rendered":"Fulgy, fiul Clejanilor, amenin\u021bare \u0219ocant\u0103 \u00eentr-un live. Masca\u021bii au intervenit \u00een for\u021b\u0103 \u0219i l-au dus la Obregia"},"content":{"rendered":"<p>[analyse_image type=&#8221;featured&#8221; src=&#8221;https:\/\/img.svnews.ro\/foto\/2026\/04\/07\/528120\/416453d4d8a3c7cb376fd6f29.jpg&#8221;]<\/p>\n<div class=\"entry\"><img loading=\"lazy\" decoding=\"async\" width=\"650\" height=\"325\" src=\"https:\/\/img.svnews.ro\/foto\/2026\/04\/07\/528120\/416453d4d8a3c7cb376fd6f2906500325.jpg\" alt><\/p>\n<div class=\"entry_content\">\n<p>Momente tensionate au avut loc luni noaptea \u00eentr-un cartier din Sectorul 3 al Capitalei, dup\u0103 ce Fulgy a lansat o amenin\u021bare grav\u0103 \u00een timpul unui live pe re\u021belele sociale. Incidentul a mobilizat rapid for\u021bele de ordine, fiind tratat ca o situa\u021bie cu risc major pentru locatarii blocului, potrivit click.ro.<\/p>\n<p>Declara\u021biile f\u0103cute \u00een direct, \u00een care t\u00e2n\u0103rul sugera un gest extrem, au st\u00e2rnit \u00eengrijorare at\u00e2t \u00een r\u00e2ndul celor care urm\u0103reau transmisiunea, c\u00e2t \u0219i \u00een r\u00e2ndul autorit\u0103\u021bilor, care au ac\u021bionat imediat pentru a preveni o posibil\u0103 tragedie.<\/p>\n<p>Potrivit informa\u021biilor oficiale, totul a \u00eenceput \u00een jurul orei 23:00, c\u00e2nd poli\u021bi\u0219tii Sec\u021biei 11 au fost sesiza\u021bi prin apel la 112 c\u0103 un b\u0103rbat s-a baricadat \u00een locuin\u021b\u0103 \u0219i amenin\u021b\u0103 c\u0103 \u00ee\u0219i va face r\u0103u, pun\u00e2nd \u00een acela\u0219i timp \u00een pericol \u0219i vie\u021bile celor din jur.<\/p>\n<p>\u00cen timpul transmisiunii live, Fulgy a sus\u021binut c\u0103 a deschis gazele \u0219i c\u0103 ar putea provoca o explozie \u00een bloc, ceea ce a determinat autorit\u0103\u021bile s\u0103 trateze situa\u021bia ca pe una de maxim\u0103 urgen\u021b\u0103.<\/p>\n<p>Apelul a declan\u0219at o interven\u021bie coordonat\u0103, \u00een care fiecare minut conta pentru limitarea riscurilor \u0219i protejarea locatarilor din imobil, potrivit sursei citate.<\/p>\n<p>Sursa foto: click.ro<\/p>\n<p>Cite\u0219te articolul complet pe: <a href=\"https:\/\/click.ro\/vedete\/vedete-romanesti\/fulgy-fiul-clejanilor-amenintare-socanta-intr-un-2520978.html\">https:\/\/click.ro\/vedete\/vedete-romanesti\/fulgy-fiul-clejanilor-amenintare-socanta-intr-un-2520978.html<\/a><\/p>\n<\/div>\n<div>\n<div>VN:F [1.9.22_1171]<\/div>\n<div class=\"ratingblock \">\n<div class=\"ratingstars \">\n<div id=\"article_loader_528120\" class=\"ratingloaderarticle\">\n<div class=\"loader arrows \">\n<div class=\"loaderinner\">se actualizeaz\u0103&#8230;<\/div>\n<\/div>\n<\/div>\n<\/div>\n<div class=\"ratingtext \">\n<div id=\"gdr_text_a528120\">Rating: 0.0\/<strong>10<\/strong> (0 votes cast)<\/div>\n<\/div>\n<\/div>\n<\/div>\n<\/div>\n<div class=\"entry_content\">\n<p>Momente tensionate au avut loc luni noaptea \u00eentr-un cartier din Sectorul 3 al Capitalei, dup\u0103 ce Fulgy a lansat o amenin\u021bare grav\u0103 \u00een timpul unui live pe re\u021belele sociale. Incidentul a mobilizat rapid for\u021bele de ordine, fiind tratat ca o situa\u021bie cu risc major pentru locatarii blocului, potrivit click.ro.<\/p>\n<p>Declara\u021biile f\u0103cute \u00een direct, \u00een care t\u00e2n\u0103rul sugera un gest extrem, au st\u00e2rnit \u00eengrijorare at\u00e2t \u00een r\u00e2ndul celor care urm\u0103reau transmisiunea, c\u00e2t \u0219i \u00een r\u00e2ndul autorit\u0103\u021bilor, care au ac\u021bionat imediat pentru a preveni o posibil\u0103 tragedie.<\/p>\n<p>Potrivit informa\u021biilor oficiale, totul a \u00eenceput \u00een jurul orei 23:00, c\u00e2nd poli\u021bi\u0219tii Sec\u021biei 11 au fost sesiza\u021bi prin apel la 112 c\u0103 un b\u0103rbat s-a baricadat \u00een locuin\u021b\u0103 \u0219i amenin\u021b\u0103 c\u0103 \u00ee\u0219i va face r\u0103u, pun\u00e2nd \u00een acela\u0219i timp \u00een pericol \u0219i vie\u021bile celor din jur.<\/p>\n<p>\u00cen timpul transmisiunii live, Fulgy a sus\u021binut c\u0103 a deschis gazele \u0219i c\u0103 ar putea provoca o explozie \u00een bloc, ceea ce a determinat autorit\u0103\u021bile s\u0103 trateze situa\u021bia ca pe una de maxim\u0103 urgen\u021b\u0103.<\/p>\n<p>Apelul a declan\u0219at o interven\u021bie coordonat\u0103, \u00een care fiecare minut conta pentru limitarea riscurilor \u0219i protejarea locatarilor din imobil, potrivit sursei citate.<\/p>\n<p>Sursa foto: click.ro<\/p>\n<p>Cite\u0219te articolul complet pe: <a href=\"https:\/\/click.ro\/vedete\/vedete-romanesti\/fulgy-fiul-clejanilor-amenintare-socanta-intr-un-2520978.html\">https:\/\/click.ro\/vedete\/vedete-romanesti\/fulgy-fiul-clejanilor-amenintare-socanta-intr-un-2520978.html<\/a><\/p>\n<\/div>\n<p>[analyse_source url=&#8221;https:\/\/www.svnews.ro\/fulgy-fiul-clejanilor-amenintare-socanta-intr-un-live-mascatii-au-intervenit-in-forta-si-l-au-dus-la-obregia\/528120\/&#8221;]<\/p>\n","protected":false},"excerpt":{"rendered":"<p>[analyse_image type=&#8221;featured&#8221; src=&#8221;https:\/\/img.svnews.ro\/foto\/2026\/04\/07\/528120\/416453d4d8a3c7cb376fd6f29.jpg&#8221;] Momente tensionate au avut loc luni noaptea \u00eentr-un cartier din Sectorul 3 al Capitalei, dup\u0103 ce Fulgy a lansat o amenin\u021bare grav\u0103 \u00een timpul unui live pe re\u021belele sociale. Incidentul a mobilizat rapid for\u021bele de ordine, fiind tratat ca o situa\u021bie cu risc major pentru locatarii blocului, potrivit click.ro. Declara\u021biile f\u0103cute \u00een [&hellip;]<\/p>\n","protected":false},"author":1,"featured_media":0,"comment_status":"open","ping_status":"","sticky":false,"template":"","format":"standard","meta":{"footnotes":""},"categories":[89],"tags":[226,175],"class_list":["post-1878232","post","type-post","status-publish","format-standard","hentry","category-romania","tag-crawlmanager","tag-svnews-ro"],"_links":{"self":[{"href":"https:\/\/analyse.optim.biz\/index.php?rest_route=\/wp\/v2\/posts\/1878232","targetHints":{"allow":["GET"]}}],"collection":[{"href":"https:\/\/analyse.optim.biz\/index.php?rest_route=\/wp\/v2\/posts"}],"about":[{"href":"https:\/\/analyse.optim.biz\/index.php?rest_route=\/wp\/v2\/types\/post"}],"author":[{"embeddable":true,"href":"https:\/\/analyse.optim.biz\/index.php?rest_route=\/wp\/v2\/users\/1"}],"replies":[{"embeddable":true,"href":"https:\/\/analyse.optim.biz\/index.php?rest_route=%2Fwp%2Fv2%2Fcomments&post=1878232"}],"version-history":[{"count":0,"href":"https:\/\/analyse.optim.biz\/index.php?rest_route=\/wp\/v2\/posts\/1878232\/revisions"}],"wp:attachment":[{"href":"https:\/\/analyse.optim.biz\/index.php?rest_route=%2Fwp%2Fv2%2Fmedia&parent=1878232"}],"wp:term":[{"taxonomy":"category","embeddable":true,"href":"https:\/\/analyse.optim.biz\/index.php?rest_route=%2Fwp%2Fv2%2Fcategories&post=1878232"},{"taxonomy":"post_tag","embeddable":true,"href":"https:\/\/analyse.optim.biz\/index.php?rest_route=%2Fwp%2Fv2%2Ftags&post=1878232"}],"curies":[{"name":"wp","href":"https:\/\/api.w.org\/{rel}","templated":true}]}}