{"id":1878228,"date":"2026-04-08T20:44:48","date_gmt":"2026-04-08T17:44:48","guid":{"rendered":"https:\/\/analyse.optim.biz\/?p=1878228"},"modified":"2026-04-08T20:44:48","modified_gmt":"2026-04-08T17:44:48","slug":"ajutoare-umanitare-4x4-in-zonele-greu-accesibile-din-judet","status":"publish","type":"post","link":"https:\/\/analyse.optim.biz\/?p=1878228","title":{"rendered":"Ajutoare umanitare \u201e4\u00d74\u201d \u00een zonele greu accesibile din jude\u0163"},"content":{"rendered":"<p>[analyse_image type=&#8221;featured&#8221; src=&#8221;https:\/\/www.tvbuzau.ro\/wp-content\/uploads\/2026\/04\/hqdefault-21.jpghttps:\/\/www.tvbuzau.ro\/wp-content\/uploads\/2026\/04\/hqdefault-21.jpg&#8221;]<\/p>\n<div class=\"td-ss-main-content\">\n<article id=\"post-118699\" class=\"post-118699 post type-post status-publish format-video has-post-thumbnail hentry category-actualitate post_format-post-format-video\">\n<div class=\"td-post-header\">\n<ul class=\"td-category\">\n<li class=\"entry-category\"><a href=\"https:\/\/www.tvbuzau.ro\/category\/actualitate\/\">Actualitate<\/a><\/li>\n<\/ul>\n<header class=\"td-post-title\">\n<h1 class=\"entry-title\">Ajutoare umanitare \u201e4\u00d74\u201d \u00een zonele greu accesibile din jude\u0163<\/h1>\n<div class=\"td-module-meta-info\">\n<div class=\"td-post-author-name\">De c\u0103tre <a href=\"https:\/\/www.tvbuzau.ro\/author\/mihai-vasilescu\/\">TV Buz\u0103u<\/a> &#8211; <\/div>\n<p><span class=\"td-post-date\"><time class=\"entry-date updated td-module-date\" datetime=\"2026-04-08T20:44:48+00:00\">aprilie 8, 2026<\/time><\/span><\/p>\n<div class=\"td-post-comments\"><a href=\"https:\/\/www.tvbuzau.ro\/ajutoare-umanitare-4x4-in-zonele-greu-accesibile-din-judet\/#respond\">0<\/a><\/div>\n<div class=\"td-post-views\"><span class=\"td-nr-views-118699\">22<\/span><\/div>\n<\/div>\n<\/header>\n<\/div>\n<div class=\"td-post-sharing td-post-sharing-top td-with-like\">\n<div class=\"td-default-sharing\"><a class=\"td-social-sharing-buttons td-social-facebook\" href=\"http:\/\/www.facebook.com\/sharer.php?u=https%3A%2F%2Fwww.tvbuzau.ro%2Fajutoare-umanitare-4x4-in-zonele-greu-accesibile-din-judet%2F\"><\/p>\n<div class=\"td-social-but-text\">Distribui\u021bi pe Facebook<\/div>\n<p><\/a><a class=\"td-social-sharing-buttons td-social-twitter\" href=\"https:\/\/twitter.com\/intent\/tweet?text=Ajutoare+umanitare+%E2%80%9E4%C3%974%E2%80%9D+%C3%AEn+zonele+greu+accesibile+din+jude%C5%A3&amp;url=https%3A%2F%2Fwww.tvbuzau.ro%2Fajutoare-umanitare-4x4-in-zonele-greu-accesibile-din-judet%2F&amp;via=TV+Buz%C4%83u\"><\/p>\n<div class=\"td-social-but-text\">Distribui\u021bi pe Twitter<\/div>\n<p><\/a><\/div>\n<div class=\"td-classic-sharing\">\n<ul>\n<li class=\"td-classic-facebook\"><iframe frameborder src=\"https:\/\/www.facebook.com\/plugins\/like.php?href=https:\/\/www.tvbuzau.ro\/ajutoare-umanitare-4x4-in-zonele-greu-accesibile-din-judet\/&amp;layout=button_count&amp;show_faces=false&amp;width=105&amp;action=like&amp;colorscheme=light&amp;height=21\"><\/iframe><\/li>\n<li class=\"td-classic-twitter\"><a href=\"https:\/\/twitter.com\/share\" class=\"twitter-share-button\" data-url=\"https:\/\/www.tvbuzau.ro\/ajutoare-umanitare-4x4-in-zonele-greu-accesibile-din-judet\/\" data-text=\"Ajutoare umanitare \u201e4\u00d74\u201d \u00een zonele greu accesibile din jude\u0163\" data-via data-lang=\"en\">tweet<\/a><\/li>\n<\/ul>\n<\/div>\n<\/div>\n<div class=\"td-post-content\">\n<div class=\"td-featured-image-rec\">\n<div class=\"wpb_video_wrapper\">\n                    <iframe loading=\"lazy\" id=\"td_youtube_player\" width=\"600\" height=\"560\" src=\"https:\/\/www.youtube.com\/embed\/c5k1yNEwZi4?enablejsapi=1&amp;feature=oembed&amp;wmode=opaque&amp;vq=hd720\" frameborder allowfullscreen><\/iframe><\/p><\/div>\n<\/div>\n<p>Echipa CarpathianRescue4x4 a desf\u0103\u0219urat Campania Umanitar\u0103 de Pa\u0219te<br \/>\n\u00cen pragul s\u0103rb\u0103torilor Pascale, echipa CarpathianRescue4x4 a desf\u0103\u0219urat Campania Umanitar\u0103 de Pa\u0219te 2026, dedicat\u0103 sprijinirii familiilor aflate \u00een dificultate din zona montan\u0103 a jude\u021bului Buz\u0103u. Pe parcursul celor trei zile de campanie, voluntarii au preg\u0103tit peste 280 de pachete cu alimente \u0219i produse de strict\u0103 necesitate, reu\u0219ind s\u0103 ajung\u0103 la peste 100 de familii.<br \/>\nOrganizatorii au transmis c\u0103 drumurile parcurse, efortul depus \u0219i implicarea<br \/>\nvoluntarilor au avut un singur scop, acela de a aduce un strop de lini\u0219te, sprijin \u0219i speran\u021b\u0103 \u00een<br \/>\ncasele oamenilor care aveau cea mai mare nevoie, \u00eenaintea s\u0103rb\u0103torilor<br \/>\nPascale.<br \/>\nReprezentan\u021bii asocia\u021biei transmit mul\u021bumiri tuturor celor care au fost<br \/>\nal\u0103turi de aceast\u0103 ini\u021biativ\u0103, voluntari, donatori, parteneri \u0219i oameni cu<br \/>\nsuflet mare, care au contribuit la transformarea unui gest de solidaritate<br \/>\n\u00eentr-un sprijin real pentru comunitate.<\/p>\n<div class=\"post-views post-118699 entry-meta\"><span class=\"post-views-label\">Post Views: <\/span><span class=\"post-views-count\">327<\/span><\/div>\n<\/div>\n<footer>\n<div class=\"td-post-sharing td-post-sharing-bottom td-with-like\"><span class=\"td-post-share-title\">DISTRIBUI\u021aI<\/span><\/p>\n<div class=\"td-default-sharing\"><a class=\"td-social-sharing-buttons td-social-facebook\" href=\"http:\/\/www.facebook.com\/sharer.php?u=https%3A%2F%2Fwww.tvbuzau.ro%2Fajutoare-umanitare-4x4-in-zonele-greu-accesibile-din-judet%2F\"><\/p>\n<div class=\"td-social-but-text\">Facebook<\/div>\n<p><\/a><a class=\"td-social-sharing-buttons td-social-twitter\" href=\"https:\/\/twitter.com\/intent\/tweet?text=Ajutoare+umanitare+%E2%80%9E4%C3%974%E2%80%9D+%C3%AEn+zonele+greu+accesibile+din+jude%C5%A3&amp;url=https%3A%2F%2Fwww.tvbuzau.ro%2Fajutoare-umanitare-4x4-in-zonele-greu-accesibile-din-judet%2F&amp;via=TV+Buz%C4%83u\"><\/p>\n<div class=\"td-social-but-text\">Twitter<\/div>\n<p><\/a><\/div>\n<div class=\"td-classic-sharing\">\n<ul>\n<li class=\"td-classic-facebook\"><iframe frameborder src=\"https:\/\/www.facebook.com\/plugins\/like.php?href=https:\/\/www.tvbuzau.ro\/ajutoare-umanitare-4x4-in-zonele-greu-accesibile-din-judet\/&amp;layout=button_count&amp;show_faces=false&amp;width=105&amp;action=like&amp;colorscheme=light&amp;height=21\"><\/iframe><\/li>\n<li class=\"td-classic-twitter\"><a href=\"https:\/\/twitter.com\/share\" class=\"twitter-share-button\" data-url=\"https:\/\/www.tvbuzau.ro\/ajutoare-umanitare-4x4-in-zonele-greu-accesibile-din-judet\/\" data-text=\"Ajutoare umanitare \u201e4\u00d74\u201d \u00een zonele greu accesibile din jude\u0163\" data-via data-lang=\"en\">tweet<\/a><\/li>\n<\/ul>\n<\/div>\n<\/div>\n<div class=\"td-author-name vcard author\"><span class=\"fn\"><a href=\"https:\/\/www.tvbuzau.ro\/author\/mihai-vasilescu\/\">TV Buz\u0103u<\/a><\/span><\/div>\n<p><span><\/span><span><span><\/span><\/span><span><\/span><\/footer>\n<\/article>\n<div class=\"td_block_wrap td_block_related_posts td_uid_1_69dada20e7dc3_rand td_with_ajax_pagination td-pb-border-top\" data-td-block-uid=\"td_uid_1_69dada20e7dc3\">\n<h4 class=\"td-related-title\"><a id=\"td_uid_2_69dada20ed270\" class=\"td-related-left td-cur-simple-item\" data-td_filter_value data-td_block_id=\"td_uid_1_69dada20e7dc3\" href=\"https:\/\/www.tvbuzau.ro\/ajutoare-umanitare-4x4-in-zonele-greu-accesibile-din-judet\/\">ARTICOLE SIMILARE<\/a><a id=\"td_uid_3_69dada20ed2ab\" class=\"td-related-right\" data-td_filter_value=\"td_related_more_from_author\" data-td_block_id=\"td_uid_1_69dada20e7dc3\" href=\"https:\/\/www.tvbuzau.ro\/ajutoare-umanitare-4x4-in-zonele-greu-accesibile-din-judet\/\">DE LA ACELA\u0218I AUTOR<\/a><\/h4>\n<div id=\"td_uid_1_69dada20e7dc3\" class=\"td_block_inner\">\n<div class=\"td-related-row\">\n<div class=\"td-related-span4\">\n<div class=\"td_module_related_posts td-animation-stack td_mod_related_posts\">\n<div class=\"td-module-image\">\n<div class=\"td-module-thumb\"><a href=\"https:\/\/www.tvbuzau.ro\/cum-se-pot-colora-ouale-pe-paste-natural\/\" rel=\"bookmark\" title=\"Cum se pot colora ou\u0103le pe Pa\u015fte, natural.\"><img loading=\"lazy\" decoding=\"async\" width=\"218\" height=\"150\" class=\"entry-thumb\" src=\"https:\/\/www.tvbuzau.ro\/wp-content\/uploads\/2026\/04\/sddefault-17-218x150.jpg\" alt title=\"Cum se pot colora ou\u0103le pe Pa\u015fte, natural.\"><span class=\"td-video-play-ico\"><img loading=\"lazy\" decoding=\"async\" width=\"40\" height=\"40\" class=\"td-retina\" src=\"https:\/\/www.tvbuzau.ro\/wp-content\/themes\/Newspaper\/images\/icons\/ico-video-large.png\" alt=\"video\"><\/span><\/a><\/div>\n<p><a href=\"https:\/\/www.tvbuzau.ro\/category\/actualitate\/\" class=\"td-post-category\">Actualitate<\/a><\/div>\n<div class=\"item-details\">\n<h3 class=\"entry-title td-module-title\"><a href=\"https:\/\/www.tvbuzau.ro\/cum-se-pot-colora-ouale-pe-paste-natural\/\" rel=\"bookmark\" title=\"Cum se pot colora ou\u0103le pe Pa\u015fte, natural.\">Cum se pot colora ou\u0103le pe Pa\u015fte, natural.<\/a><\/h3>\n<\/div>\n<\/div>\n<\/div>\n<div class=\"td-related-span4\">\n<div class=\"td_module_related_posts td-animation-stack td_mod_related_posts\">\n<div class=\"td-module-image\">\n<div class=\"td-module-thumb\"><a href=\"https:\/\/www.tvbuzau.ro\/zapada-mieilor-la-bisoca\/\" rel=\"bookmark\" title=\"Z\u0103pada mieilor la Bisoca\"><img loading=\"lazy\" decoding=\"async\" width=\"218\" height=\"150\" class=\"entry-thumb\" src=\"https:\/\/www.tvbuzau.ro\/wp-content\/uploads\/2026\/04\/sddefault-16-218x150.jpg\" alt title=\"Z\u0103pada mieilor la Bisoca\"><span class=\"td-video-play-ico\"><img loading=\"lazy\" decoding=\"async\" width=\"40\" height=\"40\" class=\"td-retina\" src=\"https:\/\/www.tvbuzau.ro\/wp-content\/themes\/Newspaper\/images\/icons\/ico-video-large.png\" alt=\"video\"><\/span><\/a><\/div>\n<p><a href=\"https:\/\/www.tvbuzau.ro\/category\/actualitate\/\" class=\"td-post-category\">Actualitate<\/a><\/div>\n<div class=\"item-details\">\n<h3 class=\"entry-title td-module-title\"><a href=\"https:\/\/www.tvbuzau.ro\/zapada-mieilor-la-bisoca\/\" rel=\"bookmark\" title=\"Z\u0103pada mieilor la Bisoca\">Z\u0103pada mieilor la Bisoca<\/a><\/h3>\n<\/div>\n<\/div>\n<\/div>\n<div class=\"td-related-span4\">\n<div class=\"td_module_related_posts td-animation-stack td_mod_related_posts\">\n<div class=\"td-module-image\">\n<div class=\"td-module-thumb\"><a href=\"https:\/\/www.tvbuzau.ro\/buzaul-in-finala-competitiei-destinatia-anului-2026\/\" rel=\"bookmark\" title=\"Buz\u0103ul, \u00een finala competi\u021biei \u201eDestina\u021bia Anului 2026\u201d\"><img loading=\"lazy\" decoding=\"async\" width=\"218\" height=\"150\" class=\"entry-thumb\" src=\"https:\/\/www.tvbuzau.ro\/wp-content\/uploads\/2026\/04\/sddefault-15-218x150.jpg\" alt title=\"Buz\u0103ul, \u00een finala competi\u021biei \u201eDestina\u021bia Anului 2026\u201d\"><span class=\"td-video-play-ico\"><img loading=\"lazy\" decoding=\"async\" width=\"40\" height=\"40\" class=\"td-retina\" src=\"https:\/\/www.tvbuzau.ro\/wp-content\/themes\/Newspaper\/images\/icons\/ico-video-large.png\" alt=\"video\"><\/span><\/a><\/div>\n<p><a href=\"https:\/\/www.tvbuzau.ro\/category\/actualitate\/\" class=\"td-post-category\">Actualitate<\/a><\/div>\n<div class=\"item-details\">\n<h3 class=\"entry-title td-module-title\"><a href=\"https:\/\/www.tvbuzau.ro\/buzaul-in-finala-competitiei-destinatia-anului-2026\/\" rel=\"bookmark\" title=\"Buz\u0103ul, \u00een finala competi\u021biei \u201eDestina\u021bia Anului 2026\u201d\">Buz\u0103ul, \u00een finala competi\u021biei \u201eDestina\u021bia Anului 2026\u201d<\/a><\/h3>\n<\/div>\n<\/div>\n<\/div>\n<\/div>\n<div class=\"td-related-row\">\n<div class=\"td-related-span4\">\n<div class=\"td_module_related_posts td-animation-stack td_mod_related_posts\">\n<div class=\"td-module-image\">\n<div class=\"td-module-thumb\"><a href=\"https:\/\/www.tvbuzau.ro\/26-de-comune-s-au-inscris-in-cursa-pentru-asistenta-locala-sociala\/\" rel=\"bookmark\" title=\"26 de comune s-au \u00eenscris \u00een cursa pentru asisten\u0163\u0103 local\u0103 social\u0103\"><img loading=\"lazy\" decoding=\"async\" width=\"218\" height=\"150\" class=\"entry-thumb\" src=\"https:\/\/www.tvbuzau.ro\/wp-content\/uploads\/2026\/04\/hqdefault-22-218x150.jpg\" alt title=\"26 de comune s-au \u00eenscris \u00een cursa pentru asisten\u0163\u0103 local\u0103 social\u0103\"><span class=\"td-video-play-ico\"><img loading=\"lazy\" decoding=\"async\" width=\"40\" height=\"40\" class=\"td-retina\" src=\"https:\/\/www.tvbuzau.ro\/wp-content\/themes\/Newspaper\/images\/icons\/ico-video-large.png\" alt=\"video\"><\/span><\/a><\/div>\n<p><a href=\"https:\/\/www.tvbuzau.ro\/category\/actualitate\/\" class=\"td-post-category\">Actualitate<\/a><\/div>\n<div class=\"item-details\">\n<h3 class=\"entry-title td-module-title\"><a href=\"https:\/\/www.tvbuzau.ro\/26-de-comune-s-au-inscris-in-cursa-pentru-asistenta-locala-sociala\/\" rel=\"bookmark\" title=\"26 de comune s-au \u00eenscris \u00een cursa pentru asisten\u0163\u0103 local\u0103 social\u0103\">26 de comune s-au \u00eenscris \u00een cursa pentru asisten\u0163\u0103 local\u0103 social\u0103<\/a><\/h3>\n<\/div>\n<\/div>\n<\/div>\n<div class=\"td-related-span4\">\n<div class=\"td_module_related_posts td-animation-stack td_mod_related_posts\">\n<div class=\"td-module-image\">\n<div class=\"td-module-thumb\"><a href=\"https:\/\/www.tvbuzau.ro\/lucia-draghia-personalitatea-lunii-martie\/\" rel=\"bookmark\" title=\"Lucia Draghia, personalitatea lunii martie\"><img loading=\"lazy\" decoding=\"async\" width=\"218\" height=\"150\" class=\"entry-thumb\" src=\"https:\/\/www.tvbuzau.ro\/wp-content\/uploads\/2026\/04\/sddefault-14-218x150.jpg\" alt title=\"Lucia Draghia, personalitatea lunii martie\"><span class=\"td-video-play-ico\"><img loading=\"lazy\" decoding=\"async\" width=\"40\" height=\"40\" class=\"td-retina\" src=\"https:\/\/www.tvbuzau.ro\/wp-content\/themes\/Newspaper\/images\/icons\/ico-video-large.png\" alt=\"video\"><\/span><\/a><\/div>\n<p><a href=\"https:\/\/www.tvbuzau.ro\/category\/actualitate\/\" class=\"td-post-category\">Actualitate<\/a><\/div>\n<div class=\"item-details\">\n<h3 class=\"entry-title td-module-title\"><a href=\"https:\/\/www.tvbuzau.ro\/lucia-draghia-personalitatea-lunii-martie\/\" rel=\"bookmark\" title=\"Lucia Draghia, personalitatea lunii martie\">Lucia Draghia, personalitatea lunii martie<\/a><\/h3>\n<\/div>\n<\/div>\n<\/div>\n<div class=\"td-related-span4\">\n<div class=\"td_module_related_posts td-animation-stack td_mod_related_posts\">\n<div class=\"td-module-image\">\n<div class=\"td-module-thumb\"><a href=\"https:\/\/www.tvbuzau.ro\/expozitie-inedita-pe-holurile-spitalului-judetean\/\" rel=\"bookmark\" title=\"Expozi\u0163ie inedit\u0103 pe holurile Spitalului Jude\u0163ean\"><img loading=\"lazy\" decoding=\"async\" width=\"218\" height=\"150\" class=\"entry-thumb\" src=\"https:\/\/www.tvbuzau.ro\/wp-content\/uploads\/2026\/04\/hqdefault-20-218x150.jpg\" alt title=\"Expozi\u0163ie inedit\u0103 pe holurile Spitalului Jude\u0163ean\"><span class=\"td-video-play-ico\"><img loading=\"lazy\" decoding=\"async\" width=\"40\" height=\"40\" class=\"td-retina\" src=\"https:\/\/www.tvbuzau.ro\/wp-content\/themes\/Newspaper\/images\/icons\/ico-video-large.png\" alt=\"video\"><\/span><\/a><\/div>\n<p><a href=\"https:\/\/www.tvbuzau.ro\/category\/actualitate\/\" class=\"td-post-category\">Actualitate<\/a><\/div>\n<div class=\"item-details\">\n<h3 class=\"entry-title td-module-title\"><a href=\"https:\/\/www.tvbuzau.ro\/expozitie-inedita-pe-holurile-spitalului-judetean\/\" rel=\"bookmark\" title=\"Expozi\u0163ie inedit\u0103 pe holurile Spitalului Jude\u0163ean\">Expozi\u0163ie inedit\u0103 pe holurile Spitalului Jude\u0163ean<\/a><\/h3>\n<\/div>\n<\/div>\n<\/div>\n<\/div>\n<\/div>\n<\/div>\n<div class=\"comments\" id=\"comments\">\n<div id=\"respond\" class=\"comment-respond\">\n<h3 id=\"reply-title\" class=\"comment-reply-title\">L\u0102SA\u021aI UN MESAJ <small><a rel=\"nofollow\" id=\"cancel-comment-reply-link\" href=\"https:\/\/www.tvbuzau.ro\/ajutoare-umanitare-4x4-in-zonele-greu-accesibile-din-judet\/#respond\">Renun\u021ba\u021bi la r\u0103spuns<\/a><\/small><\/h3>\n<\/div>\n<\/div>\n<\/div>\n<div class=\"td-post-content\">\n<div class=\"td-featured-image-rec\">\n<div class=\"wpb_video_wrapper\">\n                    <iframe loading=\"lazy\" id=\"td_youtube_player\" width=\"600\" height=\"560\" src=\"https:\/\/www.youtube.com\/embed\/c5k1yNEwZi4?enablejsapi=1&amp;feature=oembed&amp;wmode=opaque&amp;vq=hd720\" frameborder allowfullscreen><\/iframe><\/p><\/div>\n<\/div>\n<p>Echipa CarpathianRescue4x4 a desf\u0103\u0219urat Campania Umanitar\u0103 de Pa\u0219te<br \/>\n\u00cen pragul s\u0103rb\u0103torilor Pascale, echipa CarpathianRescue4x4 a desf\u0103\u0219urat Campania Umanitar\u0103 de Pa\u0219te 2026, dedicat\u0103 sprijinirii familiilor aflate \u00een dificultate din zona montan\u0103 a jude\u021bului Buz\u0103u. Pe parcursul celor trei zile de campanie, voluntarii au preg\u0103tit peste 280 de pachete cu alimente \u0219i produse de strict\u0103 necesitate, reu\u0219ind s\u0103 ajung\u0103 la peste 100 de familii.<br \/>\nOrganizatorii au transmis c\u0103 drumurile parcurse, efortul depus \u0219i implicarea<br \/>\nvoluntarilor au avut un singur scop, acela de a aduce un strop de lini\u0219te, sprijin \u0219i speran\u021b\u0103 \u00een<br \/>\ncasele oamenilor care aveau cea mai mare nevoie, \u00eenaintea s\u0103rb\u0103torilor<br \/>\nPascale.<br \/>\nReprezentan\u021bii asocia\u021biei transmit mul\u021bumiri tuturor celor care au fost<br \/>\nal\u0103turi de aceast\u0103 ini\u021biativ\u0103, voluntari, donatori, parteneri \u0219i oameni cu<br \/>\nsuflet mare, care au contribuit la transformarea unui gest de solidaritate<br \/>\n\u00eentr-un sprijin real pentru comunitate.<\/p>\n<div class=\"post-views post-118699 entry-meta\"><span class=\"post-views-label\">Post Views: <\/span><span class=\"post-views-count\">327<\/span><\/div>\n<\/div>\n<p>[analyse_source url=&#8221;https:\/\/www.tvbuzau.ro\/ajutoare-umanitare-4&#215;4-in-zonele-greu-accesibile-din-judet\/&#8221;]<\/p>\n","protected":false},"excerpt":{"rendered":"<p>[analyse_image type=&#8221;featured&#8221; src=&#8221;https:\/\/www.tvbuzau.ro\/wp-content\/uploads\/2026\/04\/hqdefault-21.jpghttps:\/\/www.tvbuzau.ro\/wp-content\/uploads\/2026\/04\/hqdefault-21.jpg&#8221;] Actualitate Ajutoare umanitare \u201e4\u00d74\u201d \u00een zonele greu accesibile din jude\u0163 De c\u0103tre TV Buz\u0103u &#8211; aprilie 8, 2026 0 22 Distribui\u021bi pe Facebook Distribui\u021bi pe Twitter tweet Echipa CarpathianRescue4x4 a desf\u0103\u0219urat Campania Umanitar\u0103 de Pa\u0219te \u00cen pragul s\u0103rb\u0103torilor Pascale, echipa CarpathianRescue4x4 a desf\u0103\u0219urat Campania Umanitar\u0103 de Pa\u0219te 2026, dedicat\u0103 sprijinirii familiilor aflate [&hellip;]<\/p>\n","protected":false},"author":1,"featured_media":0,"comment_status":"open","ping_status":"","sticky":false,"template":"","format":"standard","meta":{"footnotes":""},"categories":[2],"tags":[226,116],"class_list":["post-1878228","post","type-post","status-publish","format-standard","hentry","category-politics","tag-crawlmanager","tag-tvbuzau-ro"],"_links":{"self":[{"href":"https:\/\/analyse.optim.biz\/index.php?rest_route=\/wp\/v2\/posts\/1878228","targetHints":{"allow":["GET"]}}],"collection":[{"href":"https:\/\/analyse.optim.biz\/index.php?rest_route=\/wp\/v2\/posts"}],"about":[{"href":"https:\/\/analyse.optim.biz\/index.php?rest_route=\/wp\/v2\/types\/post"}],"author":[{"embeddable":true,"href":"https:\/\/analyse.optim.biz\/index.php?rest_route=\/wp\/v2\/users\/1"}],"replies":[{"embeddable":true,"href":"https:\/\/analyse.optim.biz\/index.php?rest_route=%2Fwp%2Fv2%2Fcomments&post=1878228"}],"version-history":[{"count":0,"href":"https:\/\/analyse.optim.biz\/index.php?rest_route=\/wp\/v2\/posts\/1878228\/revisions"}],"wp:attachment":[{"href":"https:\/\/analyse.optim.biz\/index.php?rest_route=%2Fwp%2Fv2%2Fmedia&parent=1878228"}],"wp:term":[{"taxonomy":"category","embeddable":true,"href":"https:\/\/analyse.optim.biz\/index.php?rest_route=%2Fwp%2Fv2%2Fcategories&post=1878228"},{"taxonomy":"post_tag","embeddable":true,"href":"https:\/\/analyse.optim.biz\/index.php?rest_route=%2Fwp%2Fv2%2Ftags&post=1878228"}],"curies":[{"name":"wp","href":"https:\/\/api.w.org\/{rel}","templated":true}]}}