{"id":187819,"date":"2015-01-22T17:08:02","date_gmt":"2015-01-22T14:08:02","guid":{"rendered":"https:\/\/analyse.optim.biz\/?p=187819"},"modified":"2015-01-22T17:08:02","modified_gmt":"2015-01-22T14:08:02","slug":"gabriel-sandu-sustine-ca-si-a-platit-functia-de-ministru-in-guvernul-boc-reactiile-fostilor-lideri-pdl","status":"publish","type":"post","link":"https:\/\/analyse.optim.biz\/?p=187819","title":{"rendered":"Gabriel Sandu sus\u0163ine c\u0103 \u0219i-a pl\u0103tit func\u021bia de ministru \u00een guvernul Boc. Reac\u021biile fo\u0219tilor lideri PDL"},"content":{"rendered":"<div class=\"entry data-app-meta data-app-meta-article\" data-embed-base-url-canonical=\"https:\/\/www.digi24.ro\/embed\/stiri\/actualitate\/politica\/gabriel-sandu-sustine-ca-si-a-platit-functia-de-ministru-in-guvernul-boc-reactiile-fostilor-lideri-pdl-350455\">\n<p data-index=\"1\"><img decoding=\"async\" src=\"https:\/\/analyse.optim.biz\/wp-content\/uploads\/2024\/09\/ptgyywm3yjuyyzg3mwm3njlmzwfiyti3otrmn2ixntc0-thumb_.jpg\" data-skip-htmlfix=\"1\" title=\"ptgyywm3yjuyyzg3mwm3njlmzwfiyti3otrmn2ixntc0-thumb_\"><\/p>\n<p data-index=\"2\"><em>Gabriel Sandu a fost audiat la DNA \u00een dosarul \u201eMicrosoft\u201d FOTO: Mediafax Foto<\/em><\/p>\n<p data-index=\"3\">Sumele ar fi fost investite \u00een campania electoral\u0103 \u015fi, implicit, \u00een func\u0163ia sa. Din cele 5 milioane investite, \u0219i-ar fi recuperat doar 2,7 milioane de euro. Se presupune c\u0103 ace\u0219tia ar fi mita primit\u0103 \u00een dosarul Microsoft. Gabriel Sandu este arestat preventiv \u00een acest dosar.<\/p>\n<p data-index=\"4\"><strong>\u201eRecunosc \u015fi admit c\u0103 am acceptat s\u0103 finan\u0163ez partidul \u015fi ac\u0163iunile sale, pentru a-mi facilita sprijinul politic \u015fi pentru a-mi men\u0163ine func\u0163ia de ministru, dar \u015fi pozi\u0163ia \u00een conducerea central\u0103 a PDL&#8230; pot confirma adev\u0103rul c\u0103 to\u0163i politicienii care au acces la func\u0163ii publice au pl\u0103tit sume importante de bani pentru acest deziderat\u201d.<\/strong><\/p>\n<p data-index=\"5\"><em>Sursa: Declara\u0163ii Gabriel Sandu, fost ministru al Comunica\u0163iilor<\/em><\/p>\n<p data-index=\"6\">A\u015fa \u00eencepe declara\u0163ia fostului ministru al Comunica\u0163iilor Gabriel Sandu, \u00een fa\u0163a procurorilor anticorup\u0163ie. Fostul ministru al Comunica\u0163iilor a povestit cum a ajuns s\u0103 conduc\u0103 institu\u0163ia timp de doi ani, \u00eencep\u00e2nd din 2008.<\/p>\n<p data-index=\"7\"><strong>\u201eMai precis, \u00een momentul \u00een care prime\u015fti o func\u0163ie public\u0103, politicianul \u00eenvestit se implic\u0103 pentru recuperarea sumei de bani avansat\u0103 de el \u015fi de partid, sau de al\u0163ii \u00een campania electoral\u0103. Unii dintre ace\u015ftia \u00ee\u015fi administreaz\u0103 singuri mecanismele de recuperare. Mai precis, unii dintre mini\u015ftri organizeaz\u0103 licita\u0163ia, negociaz\u0103 comisioanele \u015fi stabilesc modalitatea de virare. Pentru al\u0163ii, cum e \u015fi cazul meu, exist\u0103 de fiecare dat\u0103 acei binevoitori care gestioneaz\u0103 aceste p\u00e2rghii\u201d.<\/strong><\/p>\n<p data-index=\"8\"><em>Sursa: Declara\u0163ii Gabriel Sandu, fost ministru al Comunica\u0163iilor<\/em><\/p>\n<p data-index=\"9\">\u00cen cazul lui Gabriel Sandu, binevoitorii ar fi fost Dorin Coco\u015f, fostul so\u0163 al Elenei Udrea, \u015fi Gheorghe \u015etefan, fost primar \u00een Piatra Neam\u021b.<\/p>\n<p data-index=\"10\"><img decoding=\"async\" src=\"https:\/\/analyse.optim.biz\/wp-content\/uploads\/2024\/09\/cgcmdz04mdamagfzad00ogm3zwyzotyzn2jjmjm1mdnmngeynti2mwnjzjc0ng-thumb_.jpg\" data-skip-htmlfix=\"1\" title=\"cgcmdz04mdamagfzad00ogm3zwyzotyzn2jjmjm1mdnmngeynti2mwnjzjc0ng-thumb_\"><\/p>\n<p data-index=\"11\"><strong>\u201eMai precis, \u00een cazul meu, aveam de adus la partid circa 5 milioane de euro, am avansat ace\u015fti bani din fonduri personale, legale \u015fi le-am recuperat par\u0163ial, \u00een modalitatea expus\u0103 de Claudiu Floric\u0103, Dorin Coco\u015f \u015fi Gheorghe \u015etefan. Practic, eu trebuia s\u0103 particip la campania preziden\u0163ial\u0103 din 2009, cu suma de 4 milioane de euro. \u015etiind c\u0103 nu dispun de aceast\u0103 sum\u0103, Dorin Coco\u015f \u015fi Gheorghe \u015etefan, persoane interesate \u00een derularea \u00een continuare a contractului de licen\u0163iere Microsoft, mi-au propus s\u0103 \u00eenchei contractul \u00een condi\u0163iile impuse de ei, cu firme sus\u0163inute de Claudiu Floric\u0103 \u015fi, \u00een contrapartid\u0103, ei s\u0103 pl\u0103teasc\u0103 la partid 2 milioane de euro \u015fi s\u0103 contribuie la campania preziden\u0163ial\u0103 cu alte 2 milioane de euro.\u201d<\/strong><\/p>\n<p data-index=\"12\"><em>Sursa: Declara\u0163ii Gabriel Sandu, fost ministru al Comunica\u0163iilor<\/em><\/p>\n<p data-index=\"13\">Gabriel Sandu a ajuns pentru prima dat\u0103 la DNA \u00een octombrie anul trecut. A fost arestat preventiv o lun\u0103 mai t\u00e2rziu, \u00eempreun\u0103 cu Dorin Coco\u015f \u015fi Gheorghe \u015etefan.<\/p>\n<p data-index=\"14\"><img decoding=\"async\" src=\"https:\/\/analyse.optim.biz\/wp-content\/uploads\/2024\/09\/mczoyxnopwfln2vlzwi3mtgznmqwndjjmmzhndm1ndq0yjzjmti1-thumb_.jpg\" data-skip-htmlfix=\"1\" title=\"mczoyxnopwfln2vlzwi3mtgznmqwndjjmmzhndm1ndq0yjzjmti1-thumb_\">\u00a0<\/p>\n<h5><strong>REAC\u021aII<\/strong><\/h5>\n<p data-index=\"15\">\u201eResping categoric asemenea afirma\u0163ii sau acuza\u0163ii, dac\u0103 au fost f\u0103cute, \u015fi precizez c\u0103 nu am niciun fel de leg\u0103tur\u0103 cu cele ap\u0103rute \u00een mass-media. De asemenea, subliniez faptul c\u0103, \u00een calitate de prim-ministru, l-am schimbat din func\u0163ie pe domnul ministru Gabriel Sandu, cu ocazia unei remanieri guvernamentale\u201d, a declarat fostul premier <strong>Emil Boc pentru Digi24.<\/strong><\/p>\n<p data-index=\"16\">\u201e<span>Eu am fost de cinci ori ministru \u015fi nu am dat bani nim\u0103nui. Boc \u015fi Blaga ne spuneau de fiecare dat\u0103 s\u0103 fim aten\u0163i la ce bani lu\u0103m, m\u0103 refer la sponsoriz\u0103ri \u00een campanie\u201d, a declarat Radu Berceanu, unul dintre\u00a0<\/span>democrat-liberalii cu vechime \u015fi multe mandate de ministru,\u00a0pentru Digi24.\u00a0<\/p>\n<p data-index=\"17\">\u0218i fostul vicepre\u0219edinte al PDL, <strong>Adriean Videanu<\/strong>, a reac\u021bionat zilele trecute la declara\u021bii pe care Gabriel Sandu le-ar fi f\u0103cut, potrivit presei, \u00een fa\u021ba procurorilor.\u00a0O parte din banii primi\u021bi ca mit\u0103 \u00een dosarul Microsoft ar fi ajuns \u0219i la fo\u0219tii mini\u0219tri\u00a0Adriean Videanu \u0219i\u00a0Radu Berceanu, precum \u0219i la\u00a0Roberta Anastase, ar fi declarat Gabriel Sandu.<\/p>\n<p data-index=\"18\">\u201eResping categoric orice asociere a numelui meu cu Dosarul Microsoft. NU am avut niciun fel de leg\u0103tur\u0103, nici m\u0103car tangen\u021bial\u0103, cu ini\u021bierea \u0219i\/sau derularea contractului \u00een cauz\u0103. NU am avut niciodat\u0103 niciun fel de rela\u021bii private cu Gabriel Sandu. Dac\u0103 se dovede\u0219te c\u0103 Gabriel Sandu a f\u0103cut acea declara\u021bie la adresa mea, \u00ceL VOI DA \u00ceN JUDECAT\u0102 PENTRU CALOMNIE\u201d, anun\u021ba <strong>Adriean Videanu \u00eentr-un comunicat transmis presei la 20 ianuarie.<\/strong><\/p>\n<p data-index=\"19\">Deputatul Andreea Paul a negat de asemenea c\u0103 ar fi dat bani \u00een schimbul func\u021biei de consilier al fostului premier Emil Boc.\u00a0\u00cen opinia sa, acuza\u021biile lui Gabriel Sandu \u201etrebuie probate\u201d.<\/p>\n<p data-index=\"20\">\u201eNu am ce s\u0103 comentez. Nu am pl\u0103tit niciun leu pentru a fi nominalizat\u0103 pe o func\u021bie public\u0103. Este adev\u0103rat c\u0103 nu am avut func\u021bie de decizie, dar nu are leg\u0103tur\u0103, am avut o func\u021bie \u00een Guvern \u0219i nu am pl\u0103tit niciodat\u0103 pentru nominalizare, dar am muncit cu toptanul\u201d, a spus ea.<\/p>\n<h5><strong>Sponsorizare pentru un loc eligibil<\/strong><\/h5>\n<p data-index=\"21\">Un scandal asem\u0103n\u0103tor a izbucnit \u015fi \u00een Partidul Mi\u015fcarea Popular\u0103. Teodor Baconschi scria anul trecut pe Facebook c\u0103 i-au fost ceru\u0163i 100.000 de euro pentru a fi trecut pe locul trei pe lista partidului pentru alegerile europarlamentare. La c\u00e2teva ore de la postare \u015fi-a nuan\u0163at declara\u0163ia \u015fi a precizat c\u0103 de fapt partidul i-ar fi cerut s\u0103 ob\u0163in\u0103 o sponsorizare. Teodor Baconschi a vorbit despre aceste lucruri la c\u00e2teva zile dup\u0103 ce a demisionat din Mi\u015fcarea Popular\u0103.\u00a0<\/p>\n<\/div>\n<p> Source URL: https:\/\/www.digi24.ro\/stiri\/actualitate\/politica\/gabriel-sandu-sustine-ca-si-a-platit-functia-de-ministru-in-guvernul-boc-reactiile-fostilor-lideri-pdl-350455<\/p>\n","protected":false},"excerpt":{"rendered":"<p>Gabriel Sandu a fost audiat la DNA \u00een dosarul \u201eMicrosoft\u201d FOTO: Mediafax Foto Sumele ar fi fost investite \u00een campania electoral\u0103 \u015fi, implicit, \u00een func\u0163ia sa. Din cele 5 milioane investite, \u0219i-ar fi recuperat doar 2,7 milioane de euro. Se presupune c\u0103 ace\u0219tia ar fi mita primit\u0103 \u00een dosarul Microsoft. Gabriel Sandu este arestat preventiv [&hellip;]<\/p>\n","protected":false},"author":1,"featured_media":187820,"comment_status":"open","ping_status":"","sticky":false,"template":"","format":"standard","meta":{"footnotes":""},"categories":[2],"tags":[11],"class_list":["post-187819","post","type-post","status-publish","format-standard","has-post-thumbnail","hentry","category-politics","tag-digi24"],"_links":{"self":[{"href":"https:\/\/analyse.optim.biz\/index.php?rest_route=\/wp\/v2\/posts\/187819","targetHints":{"allow":["GET"]}}],"collection":[{"href":"https:\/\/analyse.optim.biz\/index.php?rest_route=\/wp\/v2\/posts"}],"about":[{"href":"https:\/\/analyse.optim.biz\/index.php?rest_route=\/wp\/v2\/types\/post"}],"author":[{"embeddable":true,"href":"https:\/\/analyse.optim.biz\/index.php?rest_route=\/wp\/v2\/users\/1"}],"replies":[{"embeddable":true,"href":"https:\/\/analyse.optim.biz\/index.php?rest_route=%2Fwp%2Fv2%2Fcomments&post=187819"}],"version-history":[{"count":0,"href":"https:\/\/analyse.optim.biz\/index.php?rest_route=\/wp\/v2\/posts\/187819\/revisions"}],"wp:featuredmedia":[{"embeddable":true,"href":"https:\/\/analyse.optim.biz\/index.php?rest_route=\/wp\/v2\/media\/187820"}],"wp:attachment":[{"href":"https:\/\/analyse.optim.biz\/index.php?rest_route=%2Fwp%2Fv2%2Fmedia&parent=187819"}],"wp:term":[{"taxonomy":"category","embeddable":true,"href":"https:\/\/analyse.optim.biz\/index.php?rest_route=%2Fwp%2Fv2%2Fcategories&post=187819"},{"taxonomy":"post_tag","embeddable":true,"href":"https:\/\/analyse.optim.biz\/index.php?rest_route=%2Fwp%2Fv2%2Ftags&post=187819"}],"curies":[{"name":"wp","href":"https:\/\/api.w.org\/{rel}","templated":true}]}}