{"id":1877558,"date":"2026-04-11T14:00:01","date_gmt":"2026-04-11T11:00:01","guid":{"rendered":"https:\/\/analyse.optim.biz\/?p=1877558"},"modified":"2026-04-11T14:00:01","modified_gmt":"2026-04-11T11:00:01","slug":"povestea-care-a-emotionat-un-judet-intreg-misiunea-secreta-a-jandarmilor-din-buzau","status":"publish","type":"post","link":"https:\/\/analyse.optim.biz\/?p=1877558","title":{"rendered":"Povestea care a emo\u021bionat un jude\u021b \u00eentreg. Misiunea secret\u0103 a jandarmilor din Buz\u0103u"},"content":{"rendered":"<p>[analyse_image type=&#8221;featured&#8221; src=&#8221;https:\/\/sansanews.ro\/wp-content\/uploads\/2026\/04\/WhatsApp-Image-2026-04-11-at-16.53.41-1.jpeghttps:\/\/sansanews.ro\/wp-content\/uploads\/2026\/04\/WhatsApp-Image-2026-04-11-at-16.53.41-1.jpeg&#8221;]<\/p>\n<div class=\"entry-content herald-entry-content\">\n<div class=\"herald-ad herald-ad-above-single\"><img loading=\"lazy\" decoding=\"async\" src=\"https:\/\/sansanews.ro\/wp-content\/uploads\/2026\/04\/berca-pasti-1024x363.jpg\" alt width=\"1024\" height=\"363\" class=\"aligncenter size-large wp-image-119268\"><img loading=\"lazy\" decoding=\"async\" src=\"https:\/\/sansanews.ro\/wp-content\/uploads\/2026\/04\/Calvini-pasti-1024x363.jpg\" alt width=\"1024\" height=\"363\" class=\"aligncenter size-large wp-image-119269\"><img loading=\"lazy\" decoding=\"async\" src=\"https:\/\/sansanews.ro\/wp-content\/uploads\/2026\/04\/Cernatesti-pasti-1024x363.jpg\" alt width=\"1024\" height=\"363\" class=\"aligncenter size-large wp-image-119270\"><img loading=\"lazy\" decoding=\"async\" src=\"https:\/\/sansanews.ro\/wp-content\/uploads\/2026\/04\/Gura-teghi-pasti-1024x363.jpg\" alt width=\"1024\" height=\"363\" class=\"aligncenter size-large wp-image-119271\"><img loading=\"lazy\" decoding=\"async\" src=\"https:\/\/sansanews.ro\/wp-content\/uploads\/2026\/04\/Luciu-pasti-1024x363.jpg\" alt width=\"1024\" height=\"363\" class=\"aligncenter size-large wp-image-119272\"><img loading=\"lazy\" decoding=\"async\" src=\"https:\/\/sansanews.ro\/wp-content\/uploads\/2026\/04\/Maracineni-pasti-1024x363.jpg\" alt width=\"1024\" height=\"363\" class=\"aligncenter size-large wp-image-119273\"><\/div>\n<p>\u00centr-o<br \/>\nlume \u00een care misiunile par s\u0103 aib\u0103 \u00eenceput \u0219i sf\u00e2r\u0219it clar, exist\u0103 \u0219i excep\u021bii.<br \/>\nUnele nu sunt trecute \u00een rapoarte, nu sunt spectaculoase \u0219i nici urgente, dar<br \/>\nreu\u0219esc s\u0103 schimbe vie\u021bi \u00een t\u0103cere. Este \u0219i cazul unei pove\u0219ti care a \u00eenceput<br \/>\nacum \u0219ase ani, \u00een preajma Cr\u0103ciunului, \u0219i care continu\u0103, an de an, dincolo de<br \/>\nuniform\u0103.<\/p>\n<p>Totul a<br \/>\npornit de la un gest simplu. Impresiona\u021bi de situa\u021bia dificil\u0103 a unei familii<br \/>\ndin S\u0103rata Monteoru, jandarmii au decis s\u0103 le treac\u0103 pragul. Nu era o<br \/>\ninterven\u021bie oficial\u0103, ci o alegere venit\u0103 din suflet.<\/p>\n<blockquote class=\"wp-block-quote\">\n<p>\u201eNu era o misiune din fi\u0219a postului. Am sim\u021bit pur \u0219i simplu c\u0103 trebuie s\u0103 fim acolo\u201d, poveste\u0219te unul dintre jandarmii implica\u021bi.<\/p>\n<\/blockquote>\n<p>Ceea ce<br \/>\np\u0103rea o vizit\u0103 ocazional\u0103 s-a transformat, \u00eens\u0103, \u00eentr-o tradi\u021bie. \u00cen fiecare<br \/>\nan, \u00een pragul s\u0103rb\u0103torilor, aceia\u0219i oameni \u00een uniform\u0103 au revenit. Nu doar cu<br \/>\nalimente, haine sau cadouri, ci cu o constan\u021b\u0103 rar\u0103: aceea\u0219i grij\u0103, aceea\u0219i<br \/>\nemo\u021bie, aceea\u0219i dorin\u021b\u0103 de a fi aproape.<\/p>\n<p>\u00centre<br \/>\ntimp, copiii familiei au crescut. Dar bucuria revederii a r\u0103mas neschimbat\u0103.<\/p>\n<blockquote class=\"wp-block-quote\">\n<p>\u201ePentru ei nu mai e o surpriz\u0103. E o certitudine. \u0218tiu c\u0103 venim \u0219i ne a\u0219teapt\u0103 de fiecare dat\u0103 cu acela\u0219i entuziasm\u201d, spune un alt jandarm, vizibil emo\u021bionat.<\/p>\n<\/blockquote>\n<p>Leg\u0103tura<br \/>\ncreat\u0103 \u00een timp a dep\u0103\u0219it demult ideea unui gest caritabil. A devenit o rela\u021bie<br \/>\nautentic\u0103, construit\u0103 pas cu pas, din \u00eent\u00e2lniri repetate \u0219i din \u00eencrederea care<br \/>\ns-a a\u0219ezat, firesc, \u00eentre dou\u0103 lumi.<\/p>\n<blockquote class=\"wp-block-quote\">\n<p>\u201eUneori, cele mai importante misiuni nu sunt cele spectaculoase. Sunt cele care se repet\u0103 \u0219i care construiesc ceva durabil\u201d, explic\u0103 unul dintre cei care au fost prezen\u021bi \u00eenc\u0103 de la \u00eenceput.<\/p>\n<\/blockquote>\n<div id=\"gallery-2\" class=\"gallery galleryid-119283 gallery-columns-1 gallery-size-herald-lay-a-full\">\n<figure class=\"gallery-item\">\n<div class=\"gallery-icon portrait\"><a class=\"herald-popup\" href=\"https:\/\/sansanews.ro\/wp-content\/uploads\/2026\/04\/WhatsApp-Image-2026-04-11-at-16.53.43-1.jpeg\"><img loading=\"lazy\" decoding=\"async\" width=\"576\" height=\"742\" src=\"https:\/\/sansanews.ro\/wp-content\/uploads\/2026\/04\/WhatsApp-Image-2026-04-11-at-16.53.43-1-576x742.jpeg\" class=\"attachment-herald-lay-a-full size-herald-lay-a-full\" alt><\/a><\/div>\n<\/figure>\n<figure class=\"gallery-item\">\n<div class=\"gallery-icon portrait\"><a class=\"herald-popup\" href=\"https:\/\/sansanews.ro\/wp-content\/uploads\/2026\/04\/WhatsApp-Image-2026-04-11-at-16.53.43.jpeg\"><img loading=\"lazy\" decoding=\"async\" width=\"576\" height=\"742\" src=\"https:\/\/sansanews.ro\/wp-content\/uploads\/2026\/04\/WhatsApp-Image-2026-04-11-at-16.53.43-576x742.jpeg\" class=\"attachment-herald-lay-a-full size-herald-lay-a-full\" alt><\/a><\/div>\n<\/figure>\n<figure class=\"gallery-item\">\n<div class=\"gallery-icon portrait\"><a class=\"herald-popup\" href=\"https:\/\/sansanews.ro\/wp-content\/uploads\/2026\/04\/WhatsApp-Image-2026-04-11-at-16.53.42.jpeg\"><img loading=\"lazy\" decoding=\"async\" width=\"576\" height=\"742\" src=\"https:\/\/sansanews.ro\/wp-content\/uploads\/2026\/04\/WhatsApp-Image-2026-04-11-at-16.53.42-576x742.jpeg\" class=\"attachment-herald-lay-a-full size-herald-lay-a-full\" alt><\/a><\/div>\n<\/figure>\n<figure class=\"gallery-item\">\n<div class=\"gallery-icon portrait\"><a class=\"herald-popup\" href=\"https:\/\/sansanews.ro\/wp-content\/uploads\/2026\/04\/WhatsApp-Image-2026-04-11-at-16.53.41.jpeg\"><img loading=\"lazy\" decoding=\"async\" width=\"576\" height=\"742\" src=\"https:\/\/sansanews.ro\/wp-content\/uploads\/2026\/04\/WhatsApp-Image-2026-04-11-at-16.53.41-576x742.jpeg\" class=\"attachment-herald-lay-a-full size-herald-lay-a-full\" alt><\/a><\/div>\n<\/figure>\n<figure class=\"gallery-item\">\n<div class=\"gallery-icon portrait\"><a class=\"herald-popup\" href=\"https:\/\/sansanews.ro\/wp-content\/uploads\/2026\/04\/WhatsApp-Image-2026-04-11-at-16.53.40.jpeg\"><img loading=\"lazy\" decoding=\"async\" width=\"576\" height=\"742\" src=\"https:\/\/sansanews.ro\/wp-content\/uploads\/2026\/04\/WhatsApp-Image-2026-04-11-at-16.53.40-576x742.jpeg\" class=\"attachment-herald-lay-a-full size-herald-lay-a-full\" alt><\/a><\/div>\n<\/figure>\n<\/div>\n<p>Nici anul<br \/>\nacesta nu a fost diferit. Cu ocazia s\u0103rb\u0103torilor pascale, jandarmii au ajuns<br \/>\ndin nou la familia care, \u00eentre timp, i-a primit ca pe ni\u0219te membri apropia\u021bi.<br \/>\nAu adus daruri, dar mai ales au adus ceea ce nu poate fi ambalat: apropiere,<br \/>\ngrij\u0103 \u0219i o promisiune t\u0103cut\u0103 c\u0103 nu vor lipsi nici \u00een anii ce vin.<\/p>\n<p>Pentru c\u0103,<br \/>\nuneori, cea mai important\u0103 misiune nu este despre interven\u021bii sau ordine<br \/>\npublic\u0103. Este despre a fi prezent \u00een via\u021ba cuiva. Iar unele misiuni, tocmai de<br \/>\naceea, nu se termin\u0103 niciodat\u0103.<\/p>\n<div class=\"meta-tags\"><span>Etichete<\/span><a href=\"https:\/\/sansanews.ro\/tag\/daruri-paste\/\" rel=\"tag\">daruri paste<\/a><a href=\"https:\/\/sansanews.ro\/tag\/ijj-buzau\/\" rel=\"tag\">ijj buzau<\/a><a href=\"https:\/\/sansanews.ro\/tag\/janrdami-buzau\/\" rel=\"tag\">janrdami buzau<\/a><\/div>\n<div class=\"herald-share-content\">\n<div class=\"meks_ess rectangle no-labels outline\"><a class=\"meks_ess-item socicon-facebook\" data-url=\"http:\/\/www.facebook.com\/sharer\/sharer.php?u=https%3A%2F%2Fsansanews.ro%2Fpovestea-care-a-emotionat-un-judet-intreg-misiunea-secreta-a-jandarmilor-din-buzau%2F&amp;t=Povestea%20care%20a%20emo%C8%9Bionat%20un%20jude%C8%9B%20%C3%AEntreg.%20Misiunea%20secret%C4%83%20a%20jandarmilor%20din%20Buz%C4%83u\"><span>Facebook<\/span><\/a><a href=\"https:\/\/api.whatsapp.com\/send?text=Povestea%20care%20a%20emo%C8%9Bionat%20un%20jude%C8%9B%20%C3%AEntreg.%20Misiunea%20secret%C4%83%20a%20jandarmilor%20din%20Buz%C4%83u%20https%3A%2F%2Fsansanews.ro%2Fpovestea-care-a-emotionat-un-judet-intreg-misiunea-secreta-a-jandarmilor-din-buzau%2F\" class=\"meks_ess-item socicon-whatsapp prevent-share-popup\"><span>WhatsApp<\/span><\/a><a class=\"meks_ess-item socicon-twitter\" data-url=\"http:\/\/twitter.com\/intent\/tweet?url=https%3A%2F%2Fsansanews.ro%2Fpovestea-care-a-emotionat-un-judet-intreg-misiunea-secreta-a-jandarmilor-din-buzau%2F&amp;text=Povestea%20care%20a%20emo%C8%9Bionat%20un%20jude%C8%9B%20%C3%AEntreg.%20Misiunea%20secret%C4%83%20a%20jandarmilor%20din%20Buz%C4%83u\"><span>Twitter<\/span><\/a><a class=\"meks_ess-item socicon-pinterest\" data-url=\"http:\/\/pinterest.com\/pin\/create\/button\/?url=https%3A%2F%2Fsansanews.ro%2Fpovestea-care-a-emotionat-un-judet-intreg-misiunea-secreta-a-jandarmilor-din-buzau%2F&amp;media=https%3A%2F%2Fsansanews.ro%2Fwp-content%2Fuploads%2F2026%2F04%2FWhatsApp-Image-2026-04-11-at-16.53.41-1.jpeg&amp;description=Povestea%20care%20a%20emo%C8%9Bionat%20un%20jude%C8%9B%20%C3%AEntreg.%20Misiunea%20secret%C4%83%20a%20jandarmilor%20din%20Buz%C4%83u\"><span>Pinterest<\/span><\/a><\/div>\n<\/div>\n<\/div>\n<div class=\"entry-content herald-entry-content\">\n<div class=\"herald-ad herald-ad-above-single\"><img loading=\"lazy\" decoding=\"async\" src=\"https:\/\/sansanews.ro\/wp-content\/uploads\/2026\/04\/berca-pasti-1024x363.jpg\" alt width=\"1024\" height=\"363\" class=\"aligncenter size-large wp-image-119268\"><img loading=\"lazy\" decoding=\"async\" src=\"https:\/\/sansanews.ro\/wp-content\/uploads\/2026\/04\/Calvini-pasti-1024x363.jpg\" alt width=\"1024\" height=\"363\" class=\"aligncenter size-large wp-image-119269\"><img loading=\"lazy\" decoding=\"async\" src=\"https:\/\/sansanews.ro\/wp-content\/uploads\/2026\/04\/Cernatesti-pasti-1024x363.jpg\" alt width=\"1024\" height=\"363\" class=\"aligncenter size-large wp-image-119270\"><img loading=\"lazy\" decoding=\"async\" src=\"https:\/\/sansanews.ro\/wp-content\/uploads\/2026\/04\/Gura-teghi-pasti-1024x363.jpg\" alt width=\"1024\" height=\"363\" class=\"aligncenter size-large wp-image-119271\"><img loading=\"lazy\" decoding=\"async\" src=\"https:\/\/sansanews.ro\/wp-content\/uploads\/2026\/04\/Luciu-pasti-1024x363.jpg\" alt width=\"1024\" height=\"363\" class=\"aligncenter size-large wp-image-119272\"><img loading=\"lazy\" decoding=\"async\" src=\"https:\/\/sansanews.ro\/wp-content\/uploads\/2026\/04\/Maracineni-pasti-1024x363.jpg\" alt width=\"1024\" height=\"363\" class=\"aligncenter size-large wp-image-119273\"><\/div>\n<p>\u00centr-o<br \/>\nlume \u00een care misiunile par s\u0103 aib\u0103 \u00eenceput \u0219i sf\u00e2r\u0219it clar, exist\u0103 \u0219i excep\u021bii.<br \/>\nUnele nu sunt trecute \u00een rapoarte, nu sunt spectaculoase \u0219i nici urgente, dar<br \/>\nreu\u0219esc s\u0103 schimbe vie\u021bi \u00een t\u0103cere. Este \u0219i cazul unei pove\u0219ti care a \u00eenceput<br \/>\nacum \u0219ase ani, \u00een preajma Cr\u0103ciunului, \u0219i care continu\u0103, an de an, dincolo de<br \/>\nuniform\u0103.<\/p>\n<p>Totul a<br \/>\npornit de la un gest simplu. Impresiona\u021bi de situa\u021bia dificil\u0103 a unei familii<br \/>\ndin S\u0103rata Monteoru, jandarmii au decis s\u0103 le treac\u0103 pragul. Nu era o<br \/>\ninterven\u021bie oficial\u0103, ci o alegere venit\u0103 din suflet.<\/p>\n<blockquote class=\"wp-block-quote\">\n<p>\u201eNu era o misiune din fi\u0219a postului. Am sim\u021bit pur \u0219i simplu c\u0103 trebuie s\u0103 fim acolo\u201d, poveste\u0219te unul dintre jandarmii implica\u021bi.<\/p>\n<\/blockquote>\n<p>Ceea ce<br \/>\np\u0103rea o vizit\u0103 ocazional\u0103 s-a transformat, \u00eens\u0103, \u00eentr-o tradi\u021bie. \u00cen fiecare<br \/>\nan, \u00een pragul s\u0103rb\u0103torilor, aceia\u0219i oameni \u00een uniform\u0103 au revenit. Nu doar cu<br \/>\nalimente, haine sau cadouri, ci cu o constan\u021b\u0103 rar\u0103: aceea\u0219i grij\u0103, aceea\u0219i<br \/>\nemo\u021bie, aceea\u0219i dorin\u021b\u0103 de a fi aproape.<\/p>\n<p>\u00centre<br \/>\ntimp, copiii familiei au crescut. Dar bucuria revederii a r\u0103mas neschimbat\u0103.<\/p>\n<blockquote class=\"wp-block-quote\">\n<p>\u201ePentru ei nu mai e o surpriz\u0103. E o certitudine. \u0218tiu c\u0103 venim \u0219i ne a\u0219teapt\u0103 de fiecare dat\u0103 cu acela\u0219i entuziasm\u201d, spune un alt jandarm, vizibil emo\u021bionat.<\/p>\n<\/blockquote>\n<p>Leg\u0103tura<br \/>\ncreat\u0103 \u00een timp a dep\u0103\u0219it demult ideea unui gest caritabil. A devenit o rela\u021bie<br \/>\nautentic\u0103, construit\u0103 pas cu pas, din \u00eent\u00e2lniri repetate \u0219i din \u00eencrederea care<br \/>\ns-a a\u0219ezat, firesc, \u00eentre dou\u0103 lumi.<\/p>\n<blockquote class=\"wp-block-quote\">\n<p>\u201eUneori, cele mai importante misiuni nu sunt cele spectaculoase. Sunt cele care se repet\u0103 \u0219i care construiesc ceva durabil\u201d, explic\u0103 unul dintre cei care au fost prezen\u021bi \u00eenc\u0103 de la \u00eenceput.<\/p>\n<\/blockquote>\n<div id=\"gallery-2\" class=\"gallery galleryid-119283 gallery-columns-1 gallery-size-herald-lay-a-full\">\n<figure class=\"gallery-item\">\n<div class=\"gallery-icon portrait\"><a class=\"herald-popup\" href=\"https:\/\/sansanews.ro\/wp-content\/uploads\/2026\/04\/WhatsApp-Image-2026-04-11-at-16.53.43-1.jpeg\"><img loading=\"lazy\" decoding=\"async\" width=\"576\" height=\"742\" src=\"https:\/\/sansanews.ro\/wp-content\/uploads\/2026\/04\/WhatsApp-Image-2026-04-11-at-16.53.43-1-576x742.jpeg\" class=\"attachment-herald-lay-a-full size-herald-lay-a-full\" alt><\/a><\/div>\n<\/figure>\n<figure class=\"gallery-item\">\n<div class=\"gallery-icon portrait\"><a class=\"herald-popup\" href=\"https:\/\/sansanews.ro\/wp-content\/uploads\/2026\/04\/WhatsApp-Image-2026-04-11-at-16.53.43.jpeg\"><img loading=\"lazy\" decoding=\"async\" width=\"576\" height=\"742\" src=\"https:\/\/sansanews.ro\/wp-content\/uploads\/2026\/04\/WhatsApp-Image-2026-04-11-at-16.53.43-576x742.jpeg\" class=\"attachment-herald-lay-a-full size-herald-lay-a-full\" alt><\/a><\/div>\n<\/figure>\n<figure class=\"gallery-item\">\n<div class=\"gallery-icon portrait\"><a class=\"herald-popup\" href=\"https:\/\/sansanews.ro\/wp-content\/uploads\/2026\/04\/WhatsApp-Image-2026-04-11-at-16.53.42.jpeg\"><img loading=\"lazy\" decoding=\"async\" width=\"576\" height=\"742\" src=\"https:\/\/sansanews.ro\/wp-content\/uploads\/2026\/04\/WhatsApp-Image-2026-04-11-at-16.53.42-576x742.jpeg\" class=\"attachment-herald-lay-a-full size-herald-lay-a-full\" alt><\/a><\/div>\n<\/figure>\n<figure class=\"gallery-item\">\n<div class=\"gallery-icon portrait\"><a class=\"herald-popup\" href=\"https:\/\/sansanews.ro\/wp-content\/uploads\/2026\/04\/WhatsApp-Image-2026-04-11-at-16.53.41.jpeg\"><img loading=\"lazy\" decoding=\"async\" width=\"576\" height=\"742\" src=\"https:\/\/sansanews.ro\/wp-content\/uploads\/2026\/04\/WhatsApp-Image-2026-04-11-at-16.53.41-576x742.jpeg\" class=\"attachment-herald-lay-a-full size-herald-lay-a-full\" alt><\/a><\/div>\n<\/figure>\n<figure class=\"gallery-item\">\n<div class=\"gallery-icon portrait\"><a class=\"herald-popup\" href=\"https:\/\/sansanews.ro\/wp-content\/uploads\/2026\/04\/WhatsApp-Image-2026-04-11-at-16.53.40.jpeg\"><img loading=\"lazy\" decoding=\"async\" width=\"576\" height=\"742\" src=\"https:\/\/sansanews.ro\/wp-content\/uploads\/2026\/04\/WhatsApp-Image-2026-04-11-at-16.53.40-576x742.jpeg\" class=\"attachment-herald-lay-a-full size-herald-lay-a-full\" alt><\/a><\/div>\n<\/figure>\n<\/div>\n<p>Nici anul<br \/>\nacesta nu a fost diferit. Cu ocazia s\u0103rb\u0103torilor pascale, jandarmii au ajuns<br \/>\ndin nou la familia care, \u00eentre timp, i-a primit ca pe ni\u0219te membri apropia\u021bi.<br \/>\nAu adus daruri, dar mai ales au adus ceea ce nu poate fi ambalat: apropiere,<br \/>\ngrij\u0103 \u0219i o promisiune t\u0103cut\u0103 c\u0103 nu vor lipsi nici \u00een anii ce vin.<\/p>\n<p>Pentru c\u0103,<br \/>\nuneori, cea mai important\u0103 misiune nu este despre interven\u021bii sau ordine<br \/>\npublic\u0103. Este despre a fi prezent \u00een via\u021ba cuiva. Iar unele misiuni, tocmai de<br \/>\naceea, nu se termin\u0103 niciodat\u0103.<\/p>\n<div class=\"meta-tags\"><span>Etichete<\/span><a href=\"https:\/\/sansanews.ro\/tag\/daruri-paste\/\" rel=\"tag\">daruri paste<\/a><a href=\"https:\/\/sansanews.ro\/tag\/ijj-buzau\/\" rel=\"tag\">ijj buzau<\/a><a href=\"https:\/\/sansanews.ro\/tag\/janrdami-buzau\/\" rel=\"tag\">janrdami buzau<\/a><\/div>\n<div class=\"herald-share-content\">\n<div class=\"meks_ess rectangle no-labels outline\"><a class=\"meks_ess-item socicon-facebook\" data-url=\"http:\/\/www.facebook.com\/sharer\/sharer.php?u=https%3A%2F%2Fsansanews.ro%2Fpovestea-care-a-emotionat-un-judet-intreg-misiunea-secreta-a-jandarmilor-din-buzau%2F&amp;t=Povestea%20care%20a%20emo%C8%9Bionat%20un%20jude%C8%9B%20%C3%AEntreg.%20Misiunea%20secret%C4%83%20a%20jandarmilor%20din%20Buz%C4%83u\"><span>Facebook<\/span><\/a><a href=\"https:\/\/api.whatsapp.com\/send?text=Povestea%20care%20a%20emo%C8%9Bionat%20un%20jude%C8%9B%20%C3%AEntreg.%20Misiunea%20secret%C4%83%20a%20jandarmilor%20din%20Buz%C4%83u%20https%3A%2F%2Fsansanews.ro%2Fpovestea-care-a-emotionat-un-judet-intreg-misiunea-secreta-a-jandarmilor-din-buzau%2F\" class=\"meks_ess-item socicon-whatsapp prevent-share-popup\"><span>WhatsApp<\/span><\/a><a class=\"meks_ess-item socicon-twitter\" data-url=\"http:\/\/twitter.com\/intent\/tweet?url=https%3A%2F%2Fsansanews.ro%2Fpovestea-care-a-emotionat-un-judet-intreg-misiunea-secreta-a-jandarmilor-din-buzau%2F&amp;text=Povestea%20care%20a%20emo%C8%9Bionat%20un%20jude%C8%9B%20%C3%AEntreg.%20Misiunea%20secret%C4%83%20a%20jandarmilor%20din%20Buz%C4%83u\"><span>Twitter<\/span><\/a><a class=\"meks_ess-item socicon-pinterest\" data-url=\"http:\/\/pinterest.com\/pin\/create\/button\/?url=https%3A%2F%2Fsansanews.ro%2Fpovestea-care-a-emotionat-un-judet-intreg-misiunea-secreta-a-jandarmilor-din-buzau%2F&amp;media=https%3A%2F%2Fsansanews.ro%2Fwp-content%2Fuploads%2F2026%2F04%2FWhatsApp-Image-2026-04-11-at-16.53.41-1.jpeg&amp;description=Povestea%20care%20a%20emo%C8%9Bionat%20un%20jude%C8%9B%20%C3%AEntreg.%20Misiunea%20secret%C4%83%20a%20jandarmilor%20din%20Buz%C4%83u\"><span>Pinterest<\/span><\/a><\/div>\n<\/div>\n<\/div>\n<p>[analyse_source url=&#8221;https:\/\/sansanews.ro\/povestea-care-a-emotionat-un-judet-intreg-misiunea-secreta-a-jandarmilor-din-buzau\/&#8221;]<\/p>\n","protected":false},"excerpt":{"rendered":"<p>[analyse_image type=&#8221;featured&#8221; src=&#8221;https:\/\/sansanews.ro\/wp-content\/uploads\/2026\/04\/WhatsApp-Image-2026-04-11-at-16.53.41-1.jpeghttps:\/\/sansanews.ro\/wp-content\/uploads\/2026\/04\/WhatsApp-Image-2026-04-11-at-16.53.41-1.jpeg&#8221;] \u00centr-o lume \u00een care misiunile par s\u0103 aib\u0103 \u00eenceput \u0219i sf\u00e2r\u0219it clar, exist\u0103 \u0219i excep\u021bii. Unele nu sunt trecute \u00een rapoarte, nu sunt spectaculoase \u0219i nici urgente, dar reu\u0219esc s\u0103 schimbe vie\u021bi \u00een t\u0103cere. Este \u0219i cazul unei pove\u0219ti care a \u00eenceput acum \u0219ase ani, \u00een preajma Cr\u0103ciunului, \u0219i care continu\u0103, an [&hellip;]<\/p>\n","protected":false},"author":1,"featured_media":0,"comment_status":"open","ping_status":"","sticky":false,"template":"","format":"standard","meta":{"footnotes":""},"categories":[2],"tags":[226,51],"class_list":["post-1877558","post","type-post","status-publish","format-standard","hentry","category-politics","tag-crawlmanager","tag-sansanews-ro"],"_links":{"self":[{"href":"https:\/\/analyse.optim.biz\/index.php?rest_route=\/wp\/v2\/posts\/1877558","targetHints":{"allow":["GET"]}}],"collection":[{"href":"https:\/\/analyse.optim.biz\/index.php?rest_route=\/wp\/v2\/posts"}],"about":[{"href":"https:\/\/analyse.optim.biz\/index.php?rest_route=\/wp\/v2\/types\/post"}],"author":[{"embeddable":true,"href":"https:\/\/analyse.optim.biz\/index.php?rest_route=\/wp\/v2\/users\/1"}],"replies":[{"embeddable":true,"href":"https:\/\/analyse.optim.biz\/index.php?rest_route=%2Fwp%2Fv2%2Fcomments&post=1877558"}],"version-history":[{"count":0,"href":"https:\/\/analyse.optim.biz\/index.php?rest_route=\/wp\/v2\/posts\/1877558\/revisions"}],"wp:attachment":[{"href":"https:\/\/analyse.optim.biz\/index.php?rest_route=%2Fwp%2Fv2%2Fmedia&parent=1877558"}],"wp:term":[{"taxonomy":"category","embeddable":true,"href":"https:\/\/analyse.optim.biz\/index.php?rest_route=%2Fwp%2Fv2%2Fcategories&post=1877558"},{"taxonomy":"post_tag","embeddable":true,"href":"https:\/\/analyse.optim.biz\/index.php?rest_route=%2Fwp%2Fv2%2Ftags&post=1877558"}],"curies":[{"name":"wp","href":"https:\/\/api.w.org\/{rel}","templated":true}]}}