{"id":1876995,"date":"2026-04-11T06:30:56","date_gmt":"2026-04-11T03:30:56","guid":{"rendered":"https:\/\/analyse.optim.biz\/?p=1876995"},"modified":"2026-04-11T06:30:56","modified_gmt":"2026-04-11T03:30:56","slug":"societatea-timisoara-intervine-in-scandalul-din-coalitie-anunta-ca-il-sustine-pe-ilie-bolojan","status":"publish","type":"post","link":"https:\/\/analyse.optim.biz\/?p=1876995","title":{"rendered":"Societatea Timi\u0219oara intervine \u00een scandalul din coali\u021bie: Anun\u021b\u0103 c\u0103 \u00eel sus\u021bine pe Ilie Bolojan"},"content":{"rendered":"<p>[analyse_image type=&#8221;featured&#8221; src=&#8221;https:\/\/focustim.ro\/wp-content\/uploads\/2025\/03\/societatea-timisoara.jpg&#8221;]<\/p>\n<article id=\"post-39942\" class=\"penci-single-artcontent noloaddisqus post-39942 post type-post status-publish format-standard has-post-thumbnail hentry category-actualitate category-featured category-politica category-social tag-ilie-bolojan tag-societatea-timisoara penci-post-item\">\n<header class=\"entry-header penci-entry-header penci-title-\">\n<div class=\"penci-entry-categories\"><span class=\"penci-cat-links\"><a href=\"https:\/\/focustim.ro\/category\/actualitate\/\" rel=\"category tag\">Actualitate<\/a><a href=\"https:\/\/focustim.ro\/category\/featured\/\" rel=\"category tag\">Featured<\/a><a href=\"https:\/\/focustim.ro\/category\/politica\/\" rel=\"category tag\">Politic\u0103<\/a><a href=\"https:\/\/focustim.ro\/category\/social\/\" rel=\"category tag\">Social<\/a><\/span><\/div>\n<h1 class=\"entry-title penci-entry-title penci-title-\">Societatea Timi\u0219oara intervine \u00een scandalul din coali\u021bie: Anun\u021b\u0103 c\u0103 \u00eel sus\u021bine pe Ilie Bolojan<\/h1>\n<div class=\"entry-meta penci-entry-meta\"><span class=\"entry-meta-item penci-posted-on\"><time class=\"entry-date published\" datetime=\"2026-04-11T09:30:56+03:00\">11\/04\/2026<\/time><time class=\"updated\" datetime=\"2026-04-11T09:31:43+03:00\">11\/04\/2026<\/time><\/span><span class=\"entry-meta-item penci-comment-count\"><a class=\"penci_pmeta-link\" href=\"https:\/\/focustim.ro\/societatea-timisoara-intervine-in-scandalul-din-coalitie-anunta-ca-il-sustine-pe-ilie-bolojan\/#respond\">0<\/a><\/span><\/div>\n<p><span class=\"penci-social-buttons penci-social-share-footer\"><span class=\"penci-social-share-text\">Distribuie<\/span><a href=\"https:\/\/focustim.ro\/societatea-timisoara-intervine-in-scandalul-din-coalitie-anunta-ca-il-sustine-pe-ilie-bolojan\/\" class=\"penci-post-like penci_post-meta_item  single-like-button penci-social-item like\" data-post_id=\"39942\" title=\"Like\" data-like=\"Like\" data-unlike=\"Unlike\"><span class=\"penci-share-number\">0<\/span><\/a><\/span><\/header>\n<div class=\"entry-media penci-entry-media\">\n<div class=\"post-format-meta \">\n<div class=\"post-image penci-standard-format\"><img decoding=\"async\" width=\"620\" height=\"400\" src=\"https:\/\/focustim.ro\/wp-content\/uploads\/2025\/03\/societatea-timisoara.jpg\" class=\"attachment-penci-thumb-960-auto size-penci-thumb-960-auto wp-post-image\" alt loading=\"lazy\"><\/div>\n<\/div>\n<\/div>\n<div class=\"penci-entry-content entry-content\">\n<p><strong>Societatea Timi\u0219oara anun\u021b\u0103 c\u0103 \u00eel sus\u021bine pe Ilie Bolojan! Societatea, care \u00een ultimii ani, a fost mai mereu de partea USR, spune c\u0103 reformele impuse de Ilie Bolojan au fost absolut necesare pentru Rom\u00e2nia.<\/strong><\/p>\n<p><strong>Societatea Timi\u0219oara \u00eel sus\u021bine pe Ilie Bolojan\u00a0<\/strong><\/p>\n<p>Societatea Timi\u0219oara \u00ee\u0219i exprim\u0103 totala sus\u021binere pentru Premierul Rom\u00e2niei, Ilie Bolojan, \u00een\u00a0 aceast\u0103 perioad\u0103 tulbure \u0219i tensionat\u0103 \u00een politica rom\u00e2neasc\u0103. Credem c\u0103 prezen\u021ba \u0219i ac\u021biunile\u00a0 lui Ilie Bolojan \u00een fruntea guvernului este esen\u021bial\u0103 pentru men\u021binerea direc\u021biei corecte de\u00a0 dezvoltare a statului rom\u00e2n. Cerem partidelor din actuala coali\u021bie \u0219i Pre\u0219edintelui Rom\u00e2niei s\u0103 dea dovad\u0103 de responsabilitate \u00een aceste momente grele \u0219i s\u0103-i acorde \u00een continuare \u00eencredere\u00a0 premierului Ilie Bolojan pentru a continua direc\u021bia pro-european\u0103 \u0219i reformele \u00eencepute.\u00a0<\/p>\n<p>\u00cen 20 aprilie, PSD va face o consultare la partid, prin care va decide dac\u0103 iese de la guvernare sau nu. \u00cen urma vizitelor \u0219efului PSD Sorin Grindeanu prin filialele regionale, cei mai mul\u021bi lideri ai PSD au aten\u021bionat c\u0103 actuala guvernare nu poate continua a\u0219a.<\/p>\n<div class=\"sharedaddy sd-sharing-enabled\">\n<div class=\"robots-nocontent sd-block sd-social sd-social-icon-text sd-sharing\">\n<h3 class=\"sd-title\">Partajeaz\u0103 asta:<\/h3>\n<div class=\"sd-content\">\n<ul>\n<li class=\"share-twitter\"><a rel=\"nofollow noopener noreferrer\" data-shared=\"sharing-twitter-39942\" class=\"share-twitter sd-button share-icon\" href=\"https:\/\/focustim.ro\/societatea-timisoara-intervine-in-scandalul-din-coalitie-anunta-ca-il-sustine-pe-ilie-bolojan\/?share=twitter\" target=\"_blank\" title=\"D\u0103 clic pentru a partaja pe Twitter\"><span>Twitter<\/span><\/a><\/li>\n<li class=\"share-facebook\"><a rel=\"nofollow noopener noreferrer\" data-shared=\"sharing-facebook-39942\" class=\"share-facebook sd-button share-icon\" href=\"https:\/\/focustim.ro\/societatea-timisoara-intervine-in-scandalul-din-coalitie-anunta-ca-il-sustine-pe-ilie-bolojan\/?share=facebook\" target=\"_blank\" title=\"D\u0103 clic pentru a partaja pe Facebook\"><span>Facebook<\/span><\/a><\/li>\n<li class=\"share-end\"><\/ul>\n<\/div>\n<\/div>\n<\/div>\n<div class=\"sharedaddy sd-block sd-like jetpack-likes-widget-wrapper jetpack-likes-widget-unloaded\" id=\"like-post-wrapper-167025405-39942-69d9eae542805\" data-src=\"https:\/\/widgets.wp.com\/likes\/#blog_id=167025405&amp;post_id=39942&amp;origin=focustim.ro&amp;obj_id=167025405-39942-69d9eae542805\" data-name=\"like-post-frame-167025405-39942-69d9eae542805\" data-title=\"Apreciaz\u0103 sau republic\u0103\">\n<h3 class=\"sd-title\">Apreciaz\u0103:<\/h3>\n<div class=\"likes-widget-placeholder post-likes-widget-placeholder\"><span class=\"button\"><span>Apreciere<\/span><\/span><span class=\"loading\">\u00cencarc&#8230;<\/span><\/div>\n<\/div>\n<\/div>\n<footer class=\"penci-entry-footer\">\n<div class=\"penci-source-via-tags-wrap\"><span class=\"tags-links penci-tags-links\"><a href=\"https:\/\/focustim.ro\/tag\/ilie-bolojan\/\" rel=\"tag\">Ilie Bolojan<\/a><a href=\"https:\/\/focustim.ro\/tag\/societatea-timisoara\/\" rel=\"tag\">societatea timisoara<\/a><\/span><\/div>\n<p><span class=\"penci-social-buttons penci-social-share-footer\"><span class=\"penci-social-share-text\">Distribuie<\/span><a href=\"https:\/\/focustim.ro\/societatea-timisoara-intervine-in-scandalul-din-coalitie-anunta-ca-il-sustine-pe-ilie-bolojan\/\" class=\"penci-post-like penci_post-meta_item  single-like-button penci-social-item like\" data-post_id=\"39942\" title=\"Like\" data-like=\"Like\" data-unlike=\"Unlike\"><span class=\"penci-share-number\">0<\/span><\/a><\/span><\/footer>\n<\/article>\n<div class=\"penci-entry-content entry-content\">\n<p><strong>Societatea Timi\u0219oara anun\u021b\u0103 c\u0103 \u00eel sus\u021bine pe Ilie Bolojan! Societatea, care \u00een ultimii ani, a fost mai mereu de partea USR, spune c\u0103 reformele impuse de Ilie Bolojan au fost absolut necesare pentru Rom\u00e2nia.<\/strong><\/p>\n<p><strong>Societatea Timi\u0219oara \u00eel sus\u021bine pe Ilie Bolojan\u00a0<\/strong><\/p>\n<p>Societatea Timi\u0219oara \u00ee\u0219i exprim\u0103 totala sus\u021binere pentru Premierul Rom\u00e2niei, Ilie Bolojan, \u00een\u00a0 aceast\u0103 perioad\u0103 tulbure \u0219i tensionat\u0103 \u00een politica rom\u00e2neasc\u0103. Credem c\u0103 prezen\u021ba \u0219i ac\u021biunile\u00a0 lui Ilie Bolojan \u00een fruntea guvernului este esen\u021bial\u0103 pentru men\u021binerea direc\u021biei corecte de\u00a0 dezvoltare a statului rom\u00e2n. Cerem partidelor din actuala coali\u021bie \u0219i Pre\u0219edintelui Rom\u00e2niei s\u0103 dea dovad\u0103 de responsabilitate \u00een aceste momente grele \u0219i s\u0103-i acorde \u00een continuare \u00eencredere\u00a0 premierului Ilie Bolojan pentru a continua direc\u021bia pro-european\u0103 \u0219i reformele \u00eencepute.\u00a0<\/p>\n<p>\u00cen 20 aprilie, PSD va face o consultare la partid, prin care va decide dac\u0103 iese de la guvernare sau nu. \u00cen urma vizitelor \u0219efului PSD Sorin Grindeanu prin filialele regionale, cei mai mul\u021bi lideri ai PSD au aten\u021bionat c\u0103 actuala guvernare nu poate continua a\u0219a.<\/p>\n<div class=\"sharedaddy sd-sharing-enabled\">\n<div class=\"robots-nocontent sd-block sd-social sd-social-icon-text sd-sharing\">\n<h3 class=\"sd-title\">Partajeaz\u0103 asta:<\/h3>\n<div class=\"sd-content\">\n<ul>\n<li class=\"share-twitter\"><a rel=\"nofollow noopener noreferrer\" data-shared=\"sharing-twitter-39942\" class=\"share-twitter sd-button share-icon\" href=\"https:\/\/focustim.ro\/societatea-timisoara-intervine-in-scandalul-din-coalitie-anunta-ca-il-sustine-pe-ilie-bolojan\/?share=twitter\" target=\"_blank\" title=\"D\u0103 clic pentru a partaja pe Twitter\"><span>Twitter<\/span><\/a><\/li>\n<li class=\"share-facebook\"><a rel=\"nofollow noopener noreferrer\" data-shared=\"sharing-facebook-39942\" class=\"share-facebook sd-button share-icon\" href=\"https:\/\/focustim.ro\/societatea-timisoara-intervine-in-scandalul-din-coalitie-anunta-ca-il-sustine-pe-ilie-bolojan\/?share=facebook\" target=\"_blank\" title=\"D\u0103 clic pentru a partaja pe Facebook\"><span>Facebook<\/span><\/a><\/li>\n<li class=\"share-end\"><\/ul>\n<\/div>\n<\/div>\n<\/div>\n<div class=\"sharedaddy sd-block sd-like jetpack-likes-widget-wrapper jetpack-likes-widget-unloaded\" id=\"like-post-wrapper-167025405-39942-69d9eae542805\" data-src=\"https:\/\/widgets.wp.com\/likes\/#blog_id=167025405&amp;post_id=39942&amp;origin=focustim.ro&amp;obj_id=167025405-39942-69d9eae542805\" data-name=\"like-post-frame-167025405-39942-69d9eae542805\" data-title=\"Apreciaz\u0103 sau republic\u0103\">\n<h3 class=\"sd-title\">Apreciaz\u0103:<\/h3>\n<div class=\"likes-widget-placeholder post-likes-widget-placeholder\"><span class=\"button\"><span>Apreciere<\/span><\/span><span class=\"loading\">\u00cencarc&#8230;<\/span><\/div>\n<\/div>\n<\/div>\n<p>[analyse_source url=&#8221;https:\/\/focustim.ro\/societatea-timisoara-intervine-in-scandalul-din-coalitie-anunta-ca-il-sustine-pe-ilie-bolojan\/&#8221;]<\/p>\n","protected":false},"excerpt":{"rendered":"<p>[analyse_image type=&#8221;featured&#8221; src=&#8221;https:\/\/focustim.ro\/wp-content\/uploads\/2025\/03\/societatea-timisoara.jpg&#8221;] ActualitateFeaturedPolitic\u0103Social Societatea Timi\u0219oara intervine \u00een scandalul din coali\u021bie: Anun\u021b\u0103 c\u0103 \u00eel sus\u021bine pe Ilie Bolojan 11\/04\/202611\/04\/20260 Distribuie0 Societatea Timi\u0219oara anun\u021b\u0103 c\u0103 \u00eel sus\u021bine pe Ilie Bolojan! Societatea, care \u00een ultimii ani, a fost mai mereu de partea USR, spune c\u0103 reformele impuse de Ilie Bolojan au fost absolut necesare pentru Rom\u00e2nia. Societatea [&hellip;]<\/p>\n","protected":false},"author":1,"featured_media":0,"comment_status":"open","ping_status":"","sticky":false,"template":"","format":"standard","meta":{"footnotes":""},"categories":[89],"tags":[226,197],"class_list":["post-1876995","post","type-post","status-publish","format-standard","hentry","category-romania","tag-crawlmanager","tag-focustim-ro"],"_links":{"self":[{"href":"https:\/\/analyse.optim.biz\/index.php?rest_route=\/wp\/v2\/posts\/1876995","targetHints":{"allow":["GET"]}}],"collection":[{"href":"https:\/\/analyse.optim.biz\/index.php?rest_route=\/wp\/v2\/posts"}],"about":[{"href":"https:\/\/analyse.optim.biz\/index.php?rest_route=\/wp\/v2\/types\/post"}],"author":[{"embeddable":true,"href":"https:\/\/analyse.optim.biz\/index.php?rest_route=\/wp\/v2\/users\/1"}],"replies":[{"embeddable":true,"href":"https:\/\/analyse.optim.biz\/index.php?rest_route=%2Fwp%2Fv2%2Fcomments&post=1876995"}],"version-history":[{"count":0,"href":"https:\/\/analyse.optim.biz\/index.php?rest_route=\/wp\/v2\/posts\/1876995\/revisions"}],"wp:attachment":[{"href":"https:\/\/analyse.optim.biz\/index.php?rest_route=%2Fwp%2Fv2%2Fmedia&parent=1876995"}],"wp:term":[{"taxonomy":"category","embeddable":true,"href":"https:\/\/analyse.optim.biz\/index.php?rest_route=%2Fwp%2Fv2%2Fcategories&post=1876995"},{"taxonomy":"post_tag","embeddable":true,"href":"https:\/\/analyse.optim.biz\/index.php?rest_route=%2Fwp%2Fv2%2Ftags&post=1876995"}],"curies":[{"name":"wp","href":"https:\/\/api.w.org\/{rel}","templated":true}]}}