{"id":1876993,"date":"2026-04-11T06:25:28","date_gmt":"2026-04-11T03:25:28","guid":{"rendered":"https:\/\/analyse.optim.biz\/?p=1876993"},"modified":"2026-04-11T06:25:28","modified_gmt":"2026-04-11T03:25:28","slug":"timisoara-scrie-istorie-in-dans-calificare-spectaculoasa-in-finala-mondiala-dance-world-cup-2026-2","status":"publish","type":"post","link":"https:\/\/analyse.optim.biz\/?p=1876993","title":{"rendered":"TIMI\u0218OARA SCRIE ISTORIE \u00ceN DANS. Calificare spectaculoas\u0103 \u00een finala mondial\u0103 Dance World Cup 2026\ufffc\ufffc\ufffc"},"content":{"rendered":"<p>[analyse_image type=&#8221;featured&#8221; src=&#8221;https:\/\/focustim.ro\/wp-content\/uploads\/2026\/04\/07.jpeg&#8221;]<\/p>\n<article id=\"post-39939\" class=\"penci-single-artcontent noloaddisqus post-39939 post type-post status-publish format-standard has-post-thumbnail hentry category-actualitate category-eveniment category-featured tag-competitie tag-dans tag-timisoara penci-post-item\">\n<header class=\"entry-header penci-entry-header penci-title-\">\n<div class=\"penci-entry-categories\"><span class=\"penci-cat-links\"><a href=\"https:\/\/focustim.ro\/category\/actualitate\/\" rel=\"category tag\">Actualitate<\/a><a href=\"https:\/\/focustim.ro\/category\/eveniment\/\" rel=\"category tag\">Eveniment<\/a><a href=\"https:\/\/focustim.ro\/category\/featured\/\" rel=\"category tag\">Featured<\/a><\/span><\/div>\n<h1 class=\"entry-title penci-entry-title penci-title-\">TIMI\u0218OARA SCRIE ISTORIE \u00ceN DANS. Calificare spectaculoas\u0103 \u00een finala mondial\u0103 Dance World Cup 2026\ufffc\ufffc\ufffc<\/h1>\n<div class=\"entry-meta penci-entry-meta\"><span class=\"entry-meta-item penci-posted-on\"><time class=\"entry-date published\" datetime=\"2026-04-11T09:25:28+03:00\">11\/04\/2026<\/time><time class=\"updated\" datetime=\"2026-04-11T09:25:34+03:00\">11\/04\/2026<\/time><\/span><span class=\"entry-meta-item penci-comment-count\"><a class=\"penci_pmeta-link\" href=\"https:\/\/focustim.ro\/timisoara-scrie-istorie-in-dans-calificare-spectaculoasa-in-finala-mondiala-dance-world-cup-2026%ef%bf%bc%ef%bf%bc%ef%bf%bc\/#respond\">0<\/a><\/span><\/div>\n<p><span class=\"penci-social-buttons penci-social-share-footer\"><span class=\"penci-social-share-text\">Distribuie<\/span><a href=\"https:\/\/focustim.ro\/timisoara-scrie-istorie-in-dans-calificare-spectaculoasa-in-finala-mondiala-dance-world-cup-2026%ef%bf%bc%ef%bf%bc%ef%bf%bc\/\" class=\"penci-post-like penci_post-meta_item  single-like-button penci-social-item like\" data-post_id=\"39939\" title=\"Like\" data-like=\"Like\" data-unlike=\"Unlike\"><span class=\"penci-share-number\">0<\/span><\/a><\/span><\/header>\n<div class=\"entry-media penci-entry-media\">\n<div class=\"post-format-meta \">\n<div class=\"post-image penci-standard-format\"><img decoding=\"async\" width=\"960\" height=\"606\" src=\"https:\/\/focustim.ro\/wp-content\/uploads\/2026\/04\/07-960x606.jpeg\" class=\"attachment-penci-thumb-960-auto size-penci-thumb-960-auto wp-post-image\" alt loading=\"lazy\"><\/div>\n<\/div>\n<\/div>\n<div class=\"penci-entry-content entry-content\">\n<p><strong>Timi\u0219oara, 10 aprilie 2026<\/strong> \u2013 Timi\u0219oara urc\u0103 pe scena lumii: o performan\u021b\u0103 care redefine\u0219te excelen\u021ba \u00een dans.<\/p>\n<p>Astfel, un moment istoric pentru dansul rom\u00e2nesc se contureaz\u0103 \u00een ora\u0219ul de pe Bega. Un grup de copii \u0219i juniori, cu v\u00e2rste cuprinse \u00eentre 8 \u0219i 15 ani, coordona\u021bi de coregrafa Timeea \u0218erban, a reu\u0219it o performan\u021b\u0103 de excep\u021bie: calificarea \u00een finala Dance World Cup 2026, competi\u021bia cu cea mai mare amploare la nivel mondial, care va avea loc \u00een luna iulie, la Dublin.<\/p>\n<p>Aceast\u0103 reu\u0219it\u0103 nu este doar o simpl\u0103 calificare, ci dovada c\u0103 visurile mari \u00eencep, uneori, \u00eentr-o sal\u0103 de repeti\u021bii din Timi\u0219oara \u0219i ajung pe cea mai vizibil\u0103 scen\u0103 a dansului mondial.\u00a0 Talentul autentic, dublat de munc\u0103 \u0219i pasiune, poate propulsa Timi\u0219oara \u00een centrul aten\u021biei mondiale.\u00a0<\/p>\n<p><strong>O victorie care a electrizat scena na\u021bional\u0103.<\/strong><\/p>\n<p>Calificarea a fost ob\u021binut\u0103 \u00een urma etapei na\u021bionale desf\u0103\u0219urate la Bucure\u0219ti, \u00een perioada 4\u20135 aprilie 2026, unde grupul de la Timee Dance Studio a reu\u0219it s\u0103 cucereasc\u0103 at\u00e2t juriul, c\u00e2t \u0219i publicul.<\/p>\n<p>Dansatorii timi\u0219oreni au urcat pe cea mai \u00eenalt\u0103 treapt\u0103 a podiumului, ob\u021bin\u00e2nd Locul I, dar \u0219i premiul special \u201eBest Choreography\u201d, o distinc\u021bie extrem de valoroas\u0103 care certific\u0103 originalitatea, expresivitatea \u0219i for\u021ba artistic\u0103 a momentului prezentat. Aceast\u0103 dubl\u0103 recunoa\u0219tere confirm\u0103 nu doar nivelul tehnic al grupului, ci \u0219i capacitatea sa de a transmite emo\u021bie autentic\u0103, element esen\u021bial \u00een marile competi\u021bii interna\u021bionale.<\/p>\n<p>Totodat\u0103, aceast\u0103 calificare dep\u0103\u0219e\u0219te cu mult grani\u021bele unei simple competi\u021bii. Este o reu\u0219it\u0103 care apar\u021bine unei \u00eentregi comunit\u0103\u021bi \u0219i care confirm\u0103 poten\u021bialul artistic al Timi\u0219oarei.<\/p>\n<p>Ora\u0219ul devine, prin ace\u0219ti copii, un simbol al excelen\u021bei, al ambi\u021biei \u0219i al curajului de a visa f\u0103r\u0103 limite. \u00centr-un context interna\u021bional extrem de competitiv, ace\u0219ti tineri demonstreaz\u0103 c\u0103 pasiunea autentic\u0103 \u0219i munca sus\u021binut\u0103 pot deschide orice u\u0219\u0103.<\/p>\n<p><strong>Dance World Cup este cea mai ampl\u0103 \u0219i vizibil\u0103 competi\u021bie de dans din lume, pentru tineri.<\/strong>\u00a0 Iar finala Dance World Cup 2026 nu este doar o competi\u021bie, ci un adev\u0103rat fenomen global. Considerat\u0103 cea mai ampl\u0103 \u0219i una dintre cele mai vizibile competi\u021bii interna\u021bionale de dans pentru copii \u0219i juniori, aceasta reune\u0219te anual peste 8.500 de participan\u021bi din mai mult de 50 de \u021b\u0103ri.<\/p>\n<p>Prin dimensiunea sa impresionant\u0103, diversitatea stilurilor \u0219i expunerea global\u0103 pe care o ofer\u0103, Dance World Cup este perceput\u0103 ca o veritabil\u0103 \u201eolimpiad\u0103 a dansului\u201d, un spa\u021biu \u00een care se \u00eent\u00e2lnesc cele mai promi\u021b\u0103toare talente ale noii genera\u021bii.<\/p>\n<p>Pentru tinerii dansatori din Timi\u0219oara, participarea \u00een aceast\u0103 final\u0103 \u00eenseamn\u0103 recunoa\u0219tere interna\u021bional\u0103, vizibilitate la cel mai \u00eenalt nivel \u0219i \u0219ansa de a concura al\u0103turi de cei mai buni din lume. Este, f\u0103r\u0103 exagerare, una dintre cele mai importante performan\u021be pe care o pot atinge la \u00eenceput de drum.<\/p>\n<p><strong>Dincolo de scen\u0103: sacrificiu, disciplin\u0103 \u0219i visuri uria\u0219e.<\/strong> \u00cen spatele acestui succes r\u0103sun\u0103tor se afl\u0103 o poveste construit\u0103 din munc\u0103 intens\u0103, perseveren\u021b\u0103 \u0219i sute de ore de antrenament. La v\u00e2rste la care al\u021bi copii descoper\u0103 lumea prin joac\u0103, ace\u0219ti tineri \u0219i-au asumat un parcurs riguros, bazat pe disciplin\u0103 \u0219i dorin\u021ba de a excela.<\/p>\n<p>Sub \u00eendrumarea atent\u0103 \u0219i inspirat\u0103 a coregrafei Timeea \u0218erban, ei au \u00eenv\u0103\u021bat nu doar tehnic\u0103, ci \u0219i ce \u00eenseamn\u0103 responsabilitatea, spiritul de echip\u0103 \u0219i curajul de a-\u0219i dep\u0103\u0219i limitele.<\/p>\n<p>Fiecare repeti\u021bie, fiecare moment de efort \u0219i fiecare detaliu perfec\u021bionat au contribuit la aceast\u0103 performan\u021b\u0103 care ast\u0103zi pune Timi\u0219oara pe harta marilor centre ale dansului mondial.<\/p>\n<p><strong>Marea provocare.<\/strong> \u00cen luna iulie, la Dublin, grupul de la Timee Dance Studio va urca pe scena mondial\u0103 cu aceea\u0219i determinare \u0219i aceea\u0219i emo\u021bie care i-au adus p\u00e2n\u0103 aici.<\/p>\n<p>Vor dansa nu doar pentru ei, ci pentru Timi\u0219oara, pentru Rom\u00e2nia \u0219i pentru toate visurile care merit\u0103 transformate \u00een realitate.<\/p>\n<p>***<\/p>\n<p>Timee Dance Studio este un spa\u021biu dedicat performan\u021bei \u0219i form\u0103rii artistice, unde talentul este cultivat prin munc\u0103, pasiune \u0219i profesionalism. Sub coordonarea Timeei \u0218erban, studioul a devenit un reper important \u00een dezvoltarea tinerilor dansatori.<\/p>\n<p>Pentru mai multe informa\u021bii despre competi\u021bie, accesa\u021bi: <a href=\"https:\/\/dwcworld.com\/\">https:\/\/dwcworld.com\/<\/a><\/p>\n<div class=\"sharedaddy sd-sharing-enabled\">\n<div class=\"robots-nocontent sd-block sd-social sd-social-icon-text sd-sharing\">\n<h3 class=\"sd-title\">Partajeaz\u0103 asta:<\/h3>\n<div class=\"sd-content\">\n<ul>\n<li class=\"share-twitter\"><a rel=\"nofollow noopener noreferrer\" data-shared=\"sharing-twitter-39939\" class=\"share-twitter sd-button share-icon\" href=\"https:\/\/focustim.ro\/timisoara-scrie-istorie-in-dans-calificare-spectaculoasa-in-finala-mondiala-dance-world-cup-2026%ef%bf%bc%ef%bf%bc%ef%bf%bc\/?share=twitter\" target=\"_blank\" title=\"D\u0103 clic pentru a partaja pe Twitter\"><span>Twitter<\/span><\/a><\/li>\n<li class=\"share-facebook\"><a rel=\"nofollow noopener noreferrer\" data-shared=\"sharing-facebook-39939\" class=\"share-facebook sd-button share-icon\" href=\"https:\/\/focustim.ro\/timisoara-scrie-istorie-in-dans-calificare-spectaculoasa-in-finala-mondiala-dance-world-cup-2026%ef%bf%bc%ef%bf%bc%ef%bf%bc\/?share=facebook\" target=\"_blank\" title=\"D\u0103 clic pentru a partaja pe Facebook\"><span>Facebook<\/span><\/a><\/li>\n<li class=\"share-end\"><\/ul>\n<\/div>\n<\/div>\n<\/div>\n<div class=\"sharedaddy sd-block sd-like jetpack-likes-widget-wrapper jetpack-likes-widget-unloaded\" id=\"like-post-wrapper-167025405-39939-69d9ed87d1588\" data-src=\"https:\/\/widgets.wp.com\/likes\/#blog_id=167025405&amp;post_id=39939&amp;origin=focustim.ro&amp;obj_id=167025405-39939-69d9ed87d1588\" data-name=\"like-post-frame-167025405-39939-69d9ed87d1588\" data-title=\"Apreciaz\u0103 sau republic\u0103\">\n<h3 class=\"sd-title\">Apreciaz\u0103:<\/h3>\n<div class=\"likes-widget-placeholder post-likes-widget-placeholder\"><span class=\"button\"><span>Apreciere<\/span><\/span><span class=\"loading\">\u00cencarc&#8230;<\/span><\/div>\n<\/div>\n<\/div>\n<footer class=\"penci-entry-footer\">\n<div class=\"penci-source-via-tags-wrap\"><span class=\"tags-links penci-tags-links\"><a href=\"https:\/\/focustim.ro\/tag\/competitie\/\" rel=\"tag\">competitie<\/a><a href=\"https:\/\/focustim.ro\/tag\/dans\/\" rel=\"tag\">dans<\/a><a href=\"https:\/\/focustim.ro\/tag\/timisoara\/\" rel=\"tag\">Timisoara<\/a><\/span><\/div>\n<p><span class=\"penci-social-buttons penci-social-share-footer\"><span class=\"penci-social-share-text\">Distribuie<\/span><a href=\"https:\/\/focustim.ro\/timisoara-scrie-istorie-in-dans-calificare-spectaculoasa-in-finala-mondiala-dance-world-cup-2026%ef%bf%bc%ef%bf%bc%ef%bf%bc\/\" class=\"penci-post-like penci_post-meta_item  single-like-button penci-social-item like\" data-post_id=\"39939\" title=\"Like\" data-like=\"Like\" data-unlike=\"Unlike\"><span class=\"penci-share-number\">0<\/span><\/a><\/span><\/footer>\n<\/article>\n<div class=\"penci-entry-content entry-content\">\n<p><strong>Timi\u0219oara, 10 aprilie 2026<\/strong> \u2013 Timi\u0219oara urc\u0103 pe scena lumii: o performan\u021b\u0103 care redefine\u0219te excelen\u021ba \u00een dans.<\/p>\n<p>Astfel, un moment istoric pentru dansul rom\u00e2nesc se contureaz\u0103 \u00een ora\u0219ul de pe Bega. Un grup de copii \u0219i juniori, cu v\u00e2rste cuprinse \u00eentre 8 \u0219i 15 ani, coordona\u021bi de coregrafa Timeea \u0218erban, a reu\u0219it o performan\u021b\u0103 de excep\u021bie: calificarea \u00een finala Dance World Cup 2026, competi\u021bia cu cea mai mare amploare la nivel mondial, care va avea loc \u00een luna iulie, la Dublin.<\/p>\n<p>Aceast\u0103 reu\u0219it\u0103 nu este doar o simpl\u0103 calificare, ci dovada c\u0103 visurile mari \u00eencep, uneori, \u00eentr-o sal\u0103 de repeti\u021bii din Timi\u0219oara \u0219i ajung pe cea mai vizibil\u0103 scen\u0103 a dansului mondial.\u00a0 Talentul autentic, dublat de munc\u0103 \u0219i pasiune, poate propulsa Timi\u0219oara \u00een centrul aten\u021biei mondiale.\u00a0<\/p>\n<p><strong>O victorie care a electrizat scena na\u021bional\u0103.<\/strong><\/p>\n<p>Calificarea a fost ob\u021binut\u0103 \u00een urma etapei na\u021bionale desf\u0103\u0219urate la Bucure\u0219ti, \u00een perioada 4\u20135 aprilie 2026, unde grupul de la Timee Dance Studio a reu\u0219it s\u0103 cucereasc\u0103 at\u00e2t juriul, c\u00e2t \u0219i publicul.<\/p>\n<p>Dansatorii timi\u0219oreni au urcat pe cea mai \u00eenalt\u0103 treapt\u0103 a podiumului, ob\u021bin\u00e2nd Locul I, dar \u0219i premiul special \u201eBest Choreography\u201d, o distinc\u021bie extrem de valoroas\u0103 care certific\u0103 originalitatea, expresivitatea \u0219i for\u021ba artistic\u0103 a momentului prezentat. Aceast\u0103 dubl\u0103 recunoa\u0219tere confirm\u0103 nu doar nivelul tehnic al grupului, ci \u0219i capacitatea sa de a transmite emo\u021bie autentic\u0103, element esen\u021bial \u00een marile competi\u021bii interna\u021bionale.<\/p>\n<p>Totodat\u0103, aceast\u0103 calificare dep\u0103\u0219e\u0219te cu mult grani\u021bele unei simple competi\u021bii. Este o reu\u0219it\u0103 care apar\u021bine unei \u00eentregi comunit\u0103\u021bi \u0219i care confirm\u0103 poten\u021bialul artistic al Timi\u0219oarei.<\/p>\n<p>Ora\u0219ul devine, prin ace\u0219ti copii, un simbol al excelen\u021bei, al ambi\u021biei \u0219i al curajului de a visa f\u0103r\u0103 limite. \u00centr-un context interna\u021bional extrem de competitiv, ace\u0219ti tineri demonstreaz\u0103 c\u0103 pasiunea autentic\u0103 \u0219i munca sus\u021binut\u0103 pot deschide orice u\u0219\u0103.<\/p>\n<p><strong>Dance World Cup este cea mai ampl\u0103 \u0219i vizibil\u0103 competi\u021bie de dans din lume, pentru tineri.<\/strong>\u00a0 Iar finala Dance World Cup 2026 nu este doar o competi\u021bie, ci un adev\u0103rat fenomen global. Considerat\u0103 cea mai ampl\u0103 \u0219i una dintre cele mai vizibile competi\u021bii interna\u021bionale de dans pentru copii \u0219i juniori, aceasta reune\u0219te anual peste 8.500 de participan\u021bi din mai mult de 50 de \u021b\u0103ri.<\/p>\n<p>Prin dimensiunea sa impresionant\u0103, diversitatea stilurilor \u0219i expunerea global\u0103 pe care o ofer\u0103, Dance World Cup este perceput\u0103 ca o veritabil\u0103 \u201eolimpiad\u0103 a dansului\u201d, un spa\u021biu \u00een care se \u00eent\u00e2lnesc cele mai promi\u021b\u0103toare talente ale noii genera\u021bii.<\/p>\n<p>Pentru tinerii dansatori din Timi\u0219oara, participarea \u00een aceast\u0103 final\u0103 \u00eenseamn\u0103 recunoa\u0219tere interna\u021bional\u0103, vizibilitate la cel mai \u00eenalt nivel \u0219i \u0219ansa de a concura al\u0103turi de cei mai buni din lume. Este, f\u0103r\u0103 exagerare, una dintre cele mai importante performan\u021be pe care o pot atinge la \u00eenceput de drum.<\/p>\n<p><strong>Dincolo de scen\u0103: sacrificiu, disciplin\u0103 \u0219i visuri uria\u0219e.<\/strong> \u00cen spatele acestui succes r\u0103sun\u0103tor se afl\u0103 o poveste construit\u0103 din munc\u0103 intens\u0103, perseveren\u021b\u0103 \u0219i sute de ore de antrenament. La v\u00e2rste la care al\u021bi copii descoper\u0103 lumea prin joac\u0103, ace\u0219ti tineri \u0219i-au asumat un parcurs riguros, bazat pe disciplin\u0103 \u0219i dorin\u021ba de a excela.<\/p>\n<p>Sub \u00eendrumarea atent\u0103 \u0219i inspirat\u0103 a coregrafei Timeea \u0218erban, ei au \u00eenv\u0103\u021bat nu doar tehnic\u0103, ci \u0219i ce \u00eenseamn\u0103 responsabilitatea, spiritul de echip\u0103 \u0219i curajul de a-\u0219i dep\u0103\u0219i limitele.<\/p>\n<p>Fiecare repeti\u021bie, fiecare moment de efort \u0219i fiecare detaliu perfec\u021bionat au contribuit la aceast\u0103 performan\u021b\u0103 care ast\u0103zi pune Timi\u0219oara pe harta marilor centre ale dansului mondial.<\/p>\n<p><strong>Marea provocare.<\/strong> \u00cen luna iulie, la Dublin, grupul de la Timee Dance Studio va urca pe scena mondial\u0103 cu aceea\u0219i determinare \u0219i aceea\u0219i emo\u021bie care i-au adus p\u00e2n\u0103 aici.<\/p>\n<p>Vor dansa nu doar pentru ei, ci pentru Timi\u0219oara, pentru Rom\u00e2nia \u0219i pentru toate visurile care merit\u0103 transformate \u00een realitate.<\/p>\n<p>***<\/p>\n<p>Timee Dance Studio este un spa\u021biu dedicat performan\u021bei \u0219i form\u0103rii artistice, unde talentul este cultivat prin munc\u0103, pasiune \u0219i profesionalism. Sub coordonarea Timeei \u0218erban, studioul a devenit un reper important \u00een dezvoltarea tinerilor dansatori.<\/p>\n<p>Pentru mai multe informa\u021bii despre competi\u021bie, accesa\u021bi: <a href=\"https:\/\/dwcworld.com\/\">https:\/\/dwcworld.com\/<\/a><\/p>\n<div class=\"sharedaddy sd-sharing-enabled\">\n<div class=\"robots-nocontent sd-block sd-social sd-social-icon-text sd-sharing\">\n<h3 class=\"sd-title\">Partajeaz\u0103 asta:<\/h3>\n<div class=\"sd-content\">\n<ul>\n<li class=\"share-twitter\"><a rel=\"nofollow noopener noreferrer\" data-shared=\"sharing-twitter-39939\" class=\"share-twitter sd-button share-icon\" href=\"https:\/\/focustim.ro\/timisoara-scrie-istorie-in-dans-calificare-spectaculoasa-in-finala-mondiala-dance-world-cup-2026%ef%bf%bc%ef%bf%bc%ef%bf%bc\/?share=twitter\" target=\"_blank\" title=\"D\u0103 clic pentru a partaja pe Twitter\"><span>Twitter<\/span><\/a><\/li>\n<li class=\"share-facebook\"><a rel=\"nofollow noopener noreferrer\" data-shared=\"sharing-facebook-39939\" class=\"share-facebook sd-button share-icon\" href=\"https:\/\/focustim.ro\/timisoara-scrie-istorie-in-dans-calificare-spectaculoasa-in-finala-mondiala-dance-world-cup-2026%ef%bf%bc%ef%bf%bc%ef%bf%bc\/?share=facebook\" target=\"_blank\" title=\"D\u0103 clic pentru a partaja pe Facebook\"><span>Facebook<\/span><\/a><\/li>\n<li class=\"share-end\"><\/ul>\n<\/div>\n<\/div>\n<\/div>\n<div class=\"sharedaddy sd-block sd-like jetpack-likes-widget-wrapper jetpack-likes-widget-unloaded\" id=\"like-post-wrapper-167025405-39939-69d9ed87d1588\" data-src=\"https:\/\/widgets.wp.com\/likes\/#blog_id=167025405&amp;post_id=39939&amp;origin=focustim.ro&amp;obj_id=167025405-39939-69d9ed87d1588\" data-name=\"like-post-frame-167025405-39939-69d9ed87d1588\" data-title=\"Apreciaz\u0103 sau republic\u0103\">\n<h3 class=\"sd-title\">Apreciaz\u0103:<\/h3>\n<div class=\"likes-widget-placeholder post-likes-widget-placeholder\"><span class=\"button\"><span>Apreciere<\/span><\/span><span class=\"loading\">\u00cencarc&#8230;<\/span><\/div>\n<\/div>\n<\/div>\n<p>[analyse_source url=&#8221;https:\/\/focustim.ro\/timisoara-scrie-istorie-in-dans-calificare-spectaculoasa-in-finala-mondiala-dance-world-cup-2026%ef%bf%bc%ef%bf%bc%ef%bf%bc\/&#8221;]<\/p>\n","protected":false},"excerpt":{"rendered":"<p>[analyse_image type=&#8221;featured&#8221; src=&#8221;https:\/\/focustim.ro\/wp-content\/uploads\/2026\/04\/07.jpeg&#8221;] ActualitateEvenimentFeatured TIMI\u0218OARA SCRIE ISTORIE \u00ceN DANS. Calificare spectaculoas\u0103 \u00een finala mondial\u0103 Dance World Cup 2026\ufffc\ufffc\ufffc 11\/04\/202611\/04\/20260 Distribuie0 Timi\u0219oara, 10 aprilie 2026 \u2013 Timi\u0219oara urc\u0103 pe scena lumii: o performan\u021b\u0103 care redefine\u0219te excelen\u021ba \u00een dans. Astfel, un moment istoric pentru dansul rom\u00e2nesc se contureaz\u0103 \u00een ora\u0219ul de pe Bega. Un grup de copii [&hellip;]<\/p>\n","protected":false},"author":1,"featured_media":0,"comment_status":"open","ping_status":"","sticky":false,"template":"","format":"standard","meta":{"footnotes":""},"categories":[89],"tags":[226,197],"class_list":["post-1876993","post","type-post","status-publish","format-standard","hentry","category-romania","tag-crawlmanager","tag-focustim-ro"],"_links":{"self":[{"href":"https:\/\/analyse.optim.biz\/index.php?rest_route=\/wp\/v2\/posts\/1876993","targetHints":{"allow":["GET"]}}],"collection":[{"href":"https:\/\/analyse.optim.biz\/index.php?rest_route=\/wp\/v2\/posts"}],"about":[{"href":"https:\/\/analyse.optim.biz\/index.php?rest_route=\/wp\/v2\/types\/post"}],"author":[{"embeddable":true,"href":"https:\/\/analyse.optim.biz\/index.php?rest_route=\/wp\/v2\/users\/1"}],"replies":[{"embeddable":true,"href":"https:\/\/analyse.optim.biz\/index.php?rest_route=%2Fwp%2Fv2%2Fcomments&post=1876993"}],"version-history":[{"count":0,"href":"https:\/\/analyse.optim.biz\/index.php?rest_route=\/wp\/v2\/posts\/1876993\/revisions"}],"wp:attachment":[{"href":"https:\/\/analyse.optim.biz\/index.php?rest_route=%2Fwp%2Fv2%2Fmedia&parent=1876993"}],"wp:term":[{"taxonomy":"category","embeddable":true,"href":"https:\/\/analyse.optim.biz\/index.php?rest_route=%2Fwp%2Fv2%2Fcategories&post=1876993"},{"taxonomy":"post_tag","embeddable":true,"href":"https:\/\/analyse.optim.biz\/index.php?rest_route=%2Fwp%2Fv2%2Ftags&post=1876993"}],"curies":[{"name":"wp","href":"https:\/\/api.w.org\/{rel}","templated":true}]}}