{"id":1876507,"date":"2026-04-10T13:41:29","date_gmt":"2026-04-10T10:41:29","guid":{"rendered":"https:\/\/analyse.optim.biz\/?p=1876507"},"modified":"2026-04-10T13:41:29","modified_gmt":"2026-04-10T10:41:29","slug":"germania-peste-300-de-anchete-penale-pentru-insulte-aduse-cancelarului-merz-au-fost-tinute-la-secret-instanta-obliga-guvernul-sa-dea-explicatii","status":"publish","type":"post","link":"https:\/\/analyse.optim.biz\/?p=1876507","title":{"rendered":"Germania: peste 300 de anchete penale pentru \u201einsulte aduse cancelarului Merz\u201d au fost \u021binute la secret. Instan\u021ba oblig\u0103 guvernul s\u0103 dea explica\u021bii"},"content":{"rendered":"<p>[analyse_image type=&#8221;featured&#8221; src=&#8221;https:\/\/ortodoxinfo.ro\/wp-content\/uploads\/2026\/04\/germania-peste-300-de-anchete-penale-pentru-insulte-aduse-cancelarului-merz-au-fost-tinute-la-secret.jpeg&#8221;]<\/p>\n<article id=\"post-220330\" class=\"post-220330 post type-post status-publish format-standard has-post-thumbnail category-big-brother\">\n<header class=\"single-header\">\n<h1 class=\"s-title fw-headline\">Germania: peste 300 de anchete penale pentru \u201einsulte aduse cancelarului Merz\u201d au fost \u021binute la secret. Instan\u021ba oblig\u0103 guvernul s\u0103 dea explica\u021bii<\/h1>\n<div class=\"single-meta meta-s-default yes-0\">\n<div class=\"smeta-in\"><a class=\"meta-el meta-avatar\" href=\"https:\/\/ortodoxinfo.ro\/author\/redactor\/\"><img loading=\"lazy\" decoding=\"async\" alt=\"OrtodoxINFO\" src=\"https:\/\/secure.gravatar.com\/avatar\/21010332354a182ce4de6016685c5586f21c51866d0ec5bc8ef383240b3c3e02?s=120&amp;r=g\" class=\"avatar avatar-120 photo\" height=\"120\" width=\"120\"><\/a><\/p>\n<div class=\"smeta-sec\">\n<div class=\"p-meta\">\n<div class=\"meta-inner is-meta\"><span class=\"meta-el meta-date\"><time datetime=\"2026-04-10T16:41:29+03:00\">10 aprilie 2026<\/time><\/span><span class=\"meta-el meta-category meta-bold\"><a class=\"meta-separate category-1596\" href=\"https:\/\/ortodoxinfo.ro\/category\/anti-sistem\/big-brother\/\">Big brother<\/a><\/span><span class=\"meta-el meta-view\">2.6k vizualiz\u0103ri\t\t<\/span><span class=\"meta-el meta-comment mobile-last-meta tablet-last-meta\"><a href=\"https:\/\/ortodoxinfo.ro\/2026\/04\/10\/germania-peste-300-de-anchete-penale-pentru-insulte-aduse-cancelarului-merz-au-fost-tinute-la-secret-instanta-obliga-guvernul-sa-dea-explicatii\/#respond\">Comentarii<\/a><\/span><\/div>\n<\/div>\n<\/div>\n<\/div>\n<div class=\"smeta-extra\">\n<div class=\"t-shared-sec tooltips-n has-read-meta is-color\">\n<div class=\"t-shared-header is-meta\"><span class=\"share-label\">Share<\/span><\/div>\n<\/div>\n<div class=\"single-right-meta single-time-read is-meta\"><span class=\"meta-el meta-read\">6 Min Read<\/span><\/div>\n<\/div>\n<\/div>\n<\/header>\n<div class=\"grid-container\">\n<div class=\"s-ct\">\n<div class=\"s-feat-outer\">\n<div class=\"s-feat\">\n<div class=\"featured-lightbox-trigger\" data-source=\"https:\/\/ortodoxinfo.ro\/wp-content\/uploads\/2026\/04\/germania-peste-300-de-anchete-penale-pentru-insulte-aduse-cancelarului-merz-au-fost-tinute-la-secret.jpeg\" data-caption data-attribution><img fetchpriority=\"high\" decoding=\"async\" width=\"860\" height=\"452\" src=\"https:\/\/ortodoxinfo.ro\/wp-content\/uploads\/2026\/04\/germania-peste-300-de-anchete-penale-pentru-insulte-aduse-cancelarului-merz-au-fost-tinute-la-secret-860x452.jpeg\" class=\"attachment-foxiz_crop_o1 size-foxiz_crop_o1 wp-post-image\" alt loading=\"eager\"><\/div>\n<\/div>\n<\/div>\n<div class=\"s-ct-wrap has-lsl\">\n<div class=\"s-ct-inner\">\n<div class=\"l-shared-sec-outer show-mobile\">\n<div class=\"l-shared-sec\">\n<div class=\"l-shared-header meta-text\"><span class=\"share-label\">SHARE<\/span><\/div>\n<\/div>\n<\/div>\n<div class=\"e-ct-outer\">\n<div class=\"entry-content rbct clearfix is-highlight-shares\">\n<p><strong>Aproximativ 300 de anchete penale au fost deschise \u00een Germania \u00eempotriva unor cet\u0103\u021beni acuza\u021bi c\u0103 l-au insultat online pe cancelarul Friedrich Merz. Cazurile, instrumentate \u00een baza unei legi controversate care ofer\u0103 protec\u021bie sporit\u0103 politicienilor, au fost \u021binute \u00een mare parte departe de ochii publicului, p\u00e2n\u0103 c\u00e2nd o instan\u021b\u0103 a obligat guvernul s\u0103 dezv\u0103luie amploarea fenomenului. Situa\u021bia ridic\u0103 \u00eentreb\u0103ri serioase despre echilibrul dintre combaterea discursului abuziv \u0219i libertatea de exprimare \u00eentr-o democra\u021bie occidental\u0103, conform <a href=\"https:\/\/www.tagesspiegel.de\/politik\/hunderte-strafverfahren-sind-bisher-geheim-jetzt-muss-merz-uber-seine-beleidigungen-reden-15441855.html\" target=\"_blank\" rel=\"noopener\">Tagesspiegel<\/a>.<\/strong><\/p>\n<div class=\"inline-single-ad ad_single_index alignfull\">\n<div class=\"ad-wrap ad-script-wrap\">\n<div class=\"ad-script non-adsense edge-padding\">\n<div>\n\u203c\ufe0f\u203c\ufe0f NU recunoa\u0219tem ca pre\u0219edinte al Rom\u00e2niei pe marioneta retard\u0103 Nicu\u0219or Dan! Rom\u00e2ni, boicota\u021bi aceast\u0103 f\u0103c\u0103tur\u0103, care ne face \u021bara de r\u00e2s! NU rom\u00e2nii l-au votat pe Nicusoro\u0219 &#8211; cu unele excep\u021bii de persoane infantile, manipulabile \u0219i chiar idioate &#8211; ci l-au ajutat Maia Soro\u0219, Emanuel Macrou \u0219i tr\u0103d\u0103torii de la B.E.C. \u0219i CCR!<br \/>\n La \u00eenchisoare cu cei care au fraudat alegerile!\n<\/div>\n<\/div>\n<\/div>\n<\/div>\n<p>Cancelarul Friedrich Merz (CDU) este obligat s\u0103 permit\u0103 investiga\u021bii jurnalistice privind aproximativ 300 de proceduri penale deschise pentru insultarea \u0219efului actual al guvernului, conform deciziei Cur\u021bii Administrative Superioare (OVG) Berlin-Brandenburg, care a respins o contesta\u021bie a Cancelariei \u00eempotriva unei hot\u0103r\u00e2ri anterioare a Tribunalului Administrativ (dosar: OVG 6 S 4\/26).<\/p>\n<p>Guvernul va trebui, \u00een consecin\u021b\u0103, s\u0103 furnizeze informa\u021bii despre cele peste o sut\u0103 de parchete din Germania care investigheaz\u0103 cazuri de insult\u0103 la adresa cancelarului. De asemenea, va trebui comunicat \u0219i num\u0103rul de dosar corespunz\u0103tor fiec\u0103rei anchete.<\/p>\n<p>Def\u0103im\u0103rile publice la adresa politicienilor sau a persoanelor din via\u021ba politic\u0103, de exemplu pe internet, pot fi sanc\u021bionate mai sever \u00een baza articolului 188 din Codul Penal german (StGB). Pedeapsa poate ajunge p\u00e2n\u0103 la trei ani de \u00eenchisoare, \u00een timp ce pentru o \u201einsult\u0103 obi\u0219nuit\u0103\u201d (articolul 185 StGB) limitele sunt de unu p\u00e2n\u0103 la doi ani.<\/p>\n<p>Aceast\u0103 prevedere este controversat\u0103. Criticii avertizeaz\u0103 asupra riscului restr\u00e2ngerii libert\u0103\u021bii de exprimare \u00een dezbaterea politic\u0103 \u0219i consider\u0103 excesiv faptul c\u0103 se investigheaz\u0103 inclusiv cazuri minore. Sus\u021bin\u0103torii articolului, introdus abia \u00een urm\u0103 cu c\u00e2\u021biva ani, invoc\u0103 \u00een schimb necesitatea protej\u0103rii angajamentului politic.<\/p>\n<p>P\u00e2n\u0103 acum, procedurile pentru insulta adusa cancelarului au devenit publice doar \u00een cazuri izolate. De exemplu, recent s-a investigat utilizarea apelativelor \u201ePinocchio\u201d \u0219i \u201eLackaffe\u201d (\u201epap\u0103-lapte\u201d) la adresa lui Merz. \u00cen cazul \u201ePinocchio\u201d, nu a fost constatat un \u00eenceput de suspiciune. Se \u0219tie \u00eens\u0103 c\u0103 Merz, \u00eenc\u0103 din perioada \u00een care era lider al opozi\u021biei \u0219i acum ca cancelar, a ales \u00een mod sistematic s\u0103 urm\u0103reasc\u0103 \u00een justi\u021bie insultele publice la adresa sa.<\/p>\n<p>Cancelarul a p\u0103strat aceste proceduri sub t\u0103cere timp de mai multe luni, de\u0219i men\u021bine contacte regulate cu parchetele competente \u0219i este informat asupra tuturor cazurilor instrumentate \u00een baza articolului 188. Conform legii, Merz poate refuza declan\u0219area urm\u0103ririi penale, caz \u00een care ancheta nu poate continua. Nu este \u00eens\u0103 cunoscut niciun caz \u00een care s\u0103 fi recurs la aceast\u0103 op\u021biune.<\/p>\n<p>Investiga\u021biile sistematice sunt dificil de realizat. Accesul la bazele de date ale parchetelor se face, de regul\u0103, \u00een func\u021bie de infrac\u021biune, num\u0103r de dosar sau numele suspec\u021bilor, mai rar dup\u0103 numele victimelor \u2013 cum este cazul lui Friedrich Merz.<\/p>\n<p>Este vorba exclusiv despre proceduri de anchet\u0103 deschise pentru infrac\u021biuni prev\u0103zute de articolul 188 din Codul Penal german, \u00een detrimentul cancelarului federal, de la preluarea mandatului s\u0103u.<\/p>\n<p>T\u0103cerea Cancelariei a func\u021bionat, \u00een practic\u0103, ca o form\u0103 de blocaj informa\u021bional. \u201eAtunci c\u00e2nd jurnali\u0219tii investigheaz\u0103 fenomenul urii \u00een mediul online, Cancelaria nu are voie s\u0103 le pun\u0103 piedici\u201d, a criticat Asocia\u021bia German\u0103 a Jurnali\u0219tilor.<\/p>\n<p><strong>\u201eNu exist\u0103 urgen\u021b\u0103\u201d, a sus\u021binut Cancelaria<\/strong><\/p>\n<p>\u00cen decembrie anul trecut, Tribunalul Administrativ din Berlin obligase deja Cancelaria, \u00een urma unei cereri de urgen\u021b\u0103 depuse de presa, s\u0103 furnizeze informa\u021bii despre aceste proceduri. Baza juridic\u0103 a fost dreptul presei la informare. Cancelaria Federal\u0103 a contestat decizia la Curtea Administrativ\u0103 Superioar\u0103, dar f\u0103r\u0103 succes.<\/p>\n<p>\u00cen fa\u021ba instan\u021bei, avoca\u021bii guvernului au invocat \u2013 ca de obicei \u00een astfel de cazuri \u2013 o serie de argumente pentru a justifica refuzul de a furniza informa\u021bii. Printre altele, au sus\u021binut c\u0103 ar putea ap\u0103rea \u201econflicte de competen\u021b\u0103\u201d cu parchetele care desf\u0103\u0219oar\u0103 anchetele.<\/p>\n<p>De asemenea, Cancelaria a contestat existen\u021ba unei urgen\u021be care s\u0103 justifice o decizie rapid\u0103 a instan\u021bei: solicitarea Tagesspiegel nu ar avea leg\u0103tur\u0103 direct\u0103 cu dezbaterea public\u0103 \u00een curs privind insultele la adresa lui Merz. \u201eEste deja \u00eendoielnic dac\u0103 exist\u0103 un interes public prioritar de clarificare \u00een ceea ce \u00eel prive\u0219te pe cancelarul federal Merz\u201d, se arat\u0103 \u00een motivarea de 30 de pagini a contesta\u021biei.<\/p>\n<p>Curtea Administrativ\u0103 Superioar\u0103, instan\u021b\u0103 de ultim nivel \u00een procedurile administrative de urgen\u021b\u0103, a respins integral argumentele Cancelariei. Instan\u021ba a subliniat c\u0103, \u00een cazurile privind articolul 188, persoana vizat\u0103 din via\u021ba politic\u0103 trebuie s\u0103 fie implicat\u0103 \u00een mod obligatoriu \u00een procedur\u0103. Prin urmare, \u0219i guvernul poate furniza informa\u021bii despre existen\u021ba \u0219i natura acestor proceduri, nu doar parchetele competente.<\/p>\n<p>Afirma\u021bia Cancelariei potrivit c\u0103reia divulgarea acestor informa\u021bii ar putea afecta drepturile persoanelor acuzate a fost calificat\u0103 drept \u201elipsit\u0103 de substan\u021b\u0103\u201d.<\/p>\n<p>De asemenea, instan\u021ba a constatat existen\u021ba unei urgen\u021be reale. Curtea a invocat numeroasele articole de pres\u0103 despre insultele la adresa lui Merz \u0219i a subliniat c\u0103 noile informa\u021bii solicitate sunt menite s\u0103 continue dezbaterea public\u0103 \u0219i s\u0103 o \u00eembog\u0103\u021beasc\u0103 cu noi perspective.<\/p>\n<\/div>\n<\/div>\n<\/div>\n<div class=\"e-shared-sec entry-sec\">\n<div class=\"e-shared-header h4\"><span>Distribuie<\/span><\/div>\n<div class=\"rbbsl tooltips-n effect-fadeout is-bg\"><a class=\"share-action share-trigger icon-facebook\" aria-label=\"Share on Facebook\" href=\"https:\/\/www.facebook.com\/sharer.php?u=https%3A%2F%2Fortodoxinfo.ro%2F2026%2F04%2F10%2Fgermania-peste-300-de-anchete-penale-pentru-insulte-aduse-cancelarului-merz-au-fost-tinute-la-secret-instanta-obliga-guvernul-sa-dea-explicatii%2F\" data-title=\"Facebook\" rel=\"nofollow\"><span>Facebook<\/span><\/a><a class=\"share-action share-trigger icon-twitter\" aria-label=\"Share on X\" href=\"https:\/\/twitter.com\/intent\/tweet?text=Germania%3A+peste+300+de+anchete+penale+pentru+%E2%80%9Einsulte+aduse+cancelarului+Merz%E2%80%9D+au+fost+%C8%9Binute+la+secret.+Instan%C8%9Ba+oblig%C4%83+guvernul+s%C4%83+dea+explica%C8%9Bii&amp;url=https%3A%2F%2Fortodoxinfo.ro%2F2026%2F04%2F10%2Fgermania-peste-300-de-anchete-penale-pentru-insulte-aduse-cancelarului-merz-au-fost-tinute-la-secret-instanta-obliga-guvernul-sa-dea-explicatii%2F&amp;via=ortodoxinforo\" data-title=\"X\" rel=\"nofollow\"><span>X<\/span><\/a><a class=\"share-action icon-whatsapp is-web\" aria-label=\"Share on Whatsapp\" href=\"https:\/\/web.whatsapp.com\/send?text=Germania%3A+peste+300+de+anchete+penale+pentru+%E2%80%9Einsulte+aduse+cancelarului+Merz%E2%80%9D+au+fost+%C8%9Binute+la+secret.+Instan%C8%9Ba+oblig%C4%83+guvernul+s%C4%83+dea+explica%C8%9Bii%20%E2%98%9E%20https%3A%2F%2Fortodoxinfo.ro%2F2026%2F04%2F10%2Fgermania-peste-300-de-anchete-penale-pentru-insulte-aduse-cancelarului-merz-au-fost-tinute-la-secret-instanta-obliga-guvernul-sa-dea-explicatii%2F\" target=\"_blank\" data-title=\"WhatsApp\" rel=\"nofollow\"><span>Whatsapp<\/span><\/a><a class=\"share-action icon-whatsapp is-mobile\" aria-label=\"Share on Whatsapp\" href=\"\/\/send?text=Germania%3A+peste+300+de+anchete+penale+pentru+%E2%80%9Einsulte+aduse+cancelarului+Merz%E2%80%9D+au+fost+%C8%9Binute+la+secret.+Instan%C8%9Ba+oblig%C4%83+guvernul+s%C4%83+dea+explica%C8%9Bii%20%E2%98%9E%20https%3A%2F%2Fortodoxinfo.ro%2F2026%2F04%2F10%2Fgermania-peste-300-de-anchete-penale-pentru-insulte-aduse-cancelarului-merz-au-fost-tinute-la-secret-instanta-obliga-guvernul-sa-dea-explicatii%2F\" target=\"_blank\" data-title=\"WhatsApp\" rel=\"nofollow\"><span>Whatsapp<\/span><\/a><a class=\"share-action share-trigger icon-telegram\" aria-label=\"Share on Telegram\" href=\"https:\/\/t.me\/share\/?url=https%3A%2F%2Fortodoxinfo.ro%2F2026%2F04%2F10%2Fgermania-peste-300-de-anchete-penale-pentru-insulte-aduse-cancelarului-merz-au-fost-tinute-la-secret-instanta-obliga-guvernul-sa-dea-explicatii%2F&amp;text=Germania%3A+peste+300+de+anchete+penale+pentru+%E2%80%9Einsulte+aduse+cancelarului+Merz%E2%80%9D+au+fost+%C8%9Binute+la+secret.+Instan%C8%9Ba+oblig%C4%83+guvernul+s%C4%83+dea+explica%C8%9Bii\" data-title=\"Telegram\" rel=\"nofollow\"><span>Telegram<\/span><\/a><a class=\"share-action icon-copy copy-trigger\" aria-label=\"Copy Link\" href=\"https:\/\/ortodoxinfo.ro\/2026\/04\/10\/germania-peste-300-de-anchete-penale-pentru-insulte-aduse-cancelarului-merz-au-fost-tinute-la-secret-instanta-obliga-guvernul-sa-dea-explicatii\/\" data-copied=\"Copied!\" data-link=\"https:\/\/ortodoxinfo.ro\/2026\/04\/10\/germania-peste-300-de-anchete-penale-pentru-insulte-aduse-cancelarului-merz-au-fost-tinute-la-secret-instanta-obliga-guvernul-sa-dea-explicatii\/\" rel=\"nofollow\" data-copy=\"Copy Link\"><span>Copy Link<\/span><\/a><a class=\"share-action icon-print\" aria-label=\"Print\" rel=\"nofollow\" data-title=\"Print\"><span>Print<\/span><\/a><\/div>\n<\/div>\n<\/div>\n<div id=\"tabs\" class=\"dntplgn_form_wrapper\"><span><\/p>\n<h2>\u0218tirile sunt sub cenzur\u0103! Sprijini\u021bi OrtodoxINFO!<\/h2>\n<p>Guvernul nu dore\u0219te aflarea adev\u0103rului despre lovitura de stat \u0219i \u00eengenuncherea Rom\u00e2niei. \u00cencerc\u0103m s\u0103 men\u021binem viu acest site \u0219i s\u0103 v\u0103 punem la dispozi\u021bie informa\u021bii care s\u0103 fac\u0103 lumin\u0103 \u00een cea mai mare provocare pe care o tr\u0103im. Jurnalismul independent al portalului OrtodoxINFO func\u021bioneaz\u0103 strict cu ajutorul cititorilor.<br \/>\nNe pute\u021bi sprijini printr-o <b><a href=\"https:\/\/ortodoxinfo.ro\/donatii\/\">dona\u021bie bancar\u0103<\/a> sau prin PayPal, complet\u00e2nd formularul de mai jos.<\/b><\/span><\/p>\n<ul>\n<li><a href=\"https:\/\/ortodoxinfo.ro\/2026\/04\/10\/germania-peste-300-de-anchete-penale-pentru-insulte-aduse-cancelarului-merz-au-fost-tinute-la-secret-instanta-obliga-guvernul-sa-dea-explicatii\/#tabs-1\">Dona\u021bie lunar\u0103<\/a><\/li>\n<li><a href=\"https:\/\/ortodoxinfo.ro\/2026\/04\/10\/germania-peste-300-de-anchete-penale-pentru-insulte-aduse-cancelarului-merz-au-fost-tinute-la-secret-instanta-obliga-guvernul-sa-dea-explicatii\/#tabs-2\">Doar acum<\/a><\/li>\n<\/ul>\n<div id=\"tabs-1\"><img loading=\"lazy\" decoding=\"async\" alt border=\"0\" src=\"https:\/\/www.paypalobjects.com\/en_US\/i\/scr\/pixel.gif\" width=\"1\" height=\"1\"><\/div>\n<div id=\"tabs-2\">\n<p>\t\t     \u20ac<\/p>\n<p>\t\t    <img loading=\"lazy\" decoding=\"async\" alt border=\"0\" src=\"https:\/\/www.paypalobjects.com\/en_US\/i\/scr\/pixel.gif\" width=\"1\" height=\"1\"><\/div>\n<p>Mul\u021bumim celor care ne-au ajutat p\u00e2n\u0103 acum!\n\t<\/p><\/div>\n<div class=\"comment-box-wrap entry-sec\">\n<div class=\"comment-box-header\"><span class=\"h3\">Las\u0103 un comentariu<\/span><\/div>\n<div class=\"comment-holder no-comment\">\n<div id=\"comments\" class=\"comments-area\">\n<div id=\"respond\" class=\"comment-respond\">\n<h3 id=\"reply-title\" class=\"comment-reply-title\">Las\u0103 un r\u0103spuns <small><a rel=\"nofollow\" id=\"cancel-comment-reply-link\" href=\"https:\/\/ortodoxinfo.ro\/2026\/04\/10\/germania-peste-300-de-anchete-penale-pentru-insulte-aduse-cancelarului-merz-au-fost-tinute-la-secret-instanta-obliga-guvernul-sa-dea-explicatii\/#respond\">Anuleaz\u0103 r\u0103spunsul<\/a><\/small><\/h3>\n<p class=\"comment-notes\"><span id=\"email-notes\">Adresa ta de email nu va fi publicat\u0103.<\/span><span class=\"required-field-message\">C\u00e2mpurile obligatorii sunt marcate cu <span class=\"required\">*<\/span><\/span><\/p>\n<\/div>\n<\/div>\n<\/div>\n<\/div>\n<\/div>\n<div class=\"sidebar-wrap single-sidebar\">\n<div class=\"sidebar-inner clearfix\">\n<div id=\"widget-post-2\" class=\"widget rb-section w-sidebar clearfix widget-post\">\n<div class=\"block-h widget-heading heading-layout-1\">\n<div class=\"heading-inner\">\n<h4 class=\"heading-title\"><span>Articole recente<\/span><\/h4>\n<\/div>\n<\/div>\n<div class=\"widget-p-listing\">\n<div class=\"p-wrap p-small p-list-small-2\" data-pid=\"220391\">\n<div class=\"feat-holder\">\n<div class=\"p-featured ratio-v1\"><a class=\"p-flink\" href=\"https:\/\/ortodoxinfo.ro\/2026\/04\/10\/israelul-isi-continua-expansiunea-in-cisiordania-decizia-a-fost-tinuta-secret-pentru-a-nu-irita-sua\/\" title=\"Israelul \u00ee\u0219i continu\u0103 expansiunea \u00een Cisiordania \u2013 Decizia a fost \u021binut\u0103 secret pentru a nu irita SUA\"><img decoding=\"async\" width=\"150\" height=\"150\" src=\"https:\/\/ortodoxinfo.ro\/wp-content\/uploads\/2026\/04\/israelul-i-continu-expansiunea-n-cisiordania-decizia-a-fost-inut-secreta-pentru-a-nu-irita-sua-main-150x150.webp\" class=\"featured-img wp-post-image\" alt loading=\"lazy\"><\/a><\/div>\n<\/div>\n<div class=\"p-content\">\n<h5 class=\"entry-title\"><a class=\"p-url\" href=\"https:\/\/ortodoxinfo.ro\/2026\/04\/10\/israelul-isi-continua-expansiunea-in-cisiordania-decizia-a-fost-tinuta-secret-pentru-a-nu-irita-sua\/\" rel=\"bookmark\">Israelul \u00ee\u0219i continu\u0103 expansiunea \u00een Cisiordania \u2013 Decizia a fost \u021binut\u0103 secret pentru a nu irita SUA<\/a><\/h5>\n<div class=\"p-meta\">\n<div class=\"meta-inner is-meta\"><span class=\"meta-el meta-date\"><time datetime=\"2026-04-10T21:30:31+03:00\">10 aprilie 2026<\/time><\/span><span class=\"meta-el meta-category meta-bold\"><a class=\"meta-separate category-19883\" href=\"https:\/\/ortodoxinfo.ro\/category\/anti-sistem\/al-iii-lea-razboi-mondial\/israel\/\">Israel<\/a><\/span><span class=\"meta-el meta-view\">2.8k vizualiz\u0103ri\t\t<\/span><\/div>\n<\/div>\n<\/div>\n<\/div>\n<div class=\"p-wrap p-small p-list-small-2\" data-pid=\"220379\">\n<div class=\"feat-holder\">\n<div class=\"p-featured ratio-v1\"><a class=\"p-flink\" href=\"https:\/\/ortodoxinfo.ro\/2026\/04\/10\/trump-pregateste-reluarea-loviturilor-asupra-iranului-daca-negocierile-esueaza-incarcam-navele-cu-cele-mai-puternice-arme\/\" title=\"Trump preg\u0103te\u0219te reluarea loviturilor asupra Iranului dac\u0103 negocierile e\u0219ueaz\u0103: \u201e\u00cenc\u0103rc\u0103m navele cu cele mai puternice arme\u201d\"><img decoding=\"async\" width=\"150\" height=\"150\" src=\"https:\/\/ortodoxinfo.ro\/wp-content\/uploads\/2026\/04\/trump-pregateste-reluarea-loviturilor-asupra-iranului-daca-negocierile-esueaza-incarcam-navele-cu-ce-150x150.jpeg\" class=\"featured-img wp-post-image\" alt loading=\"lazy\"><\/a><\/div>\n<\/div>\n<div class=\"p-content\">\n<h5 class=\"entry-title\"><a class=\"p-url\" href=\"https:\/\/ortodoxinfo.ro\/2026\/04\/10\/trump-pregateste-reluarea-loviturilor-asupra-iranului-daca-negocierile-esueaza-incarcam-navele-cu-cele-mai-puternice-arme\/\" rel=\"bookmark\">Trump preg\u0103te\u0219te reluarea loviturilor asupra Iranului dac\u0103 negocierile e\u0219ueaz\u0103: \u201e\u00cenc\u0103rc\u0103m navele cu cele mai puternice arme\u201d<\/a><\/h5>\n<div class=\"p-meta\">\n<div class=\"meta-inner is-meta\"><span class=\"meta-el meta-date\"><time datetime=\"2026-04-10T20:22:49+03:00\">10 aprilie 2026<\/time><\/span><span class=\"meta-el meta-category meta-bold\"><a class=\"meta-separate category-20293\" href=\"https:\/\/ortodoxinfo.ro\/category\/anti-sistem\/al-iii-lea-razboi-mondial\/iran\/\">IRAN<\/a><\/span><span class=\"meta-el meta-view\">2k vizualiz\u0103ri\t\t<\/span><\/div>\n<\/div>\n<\/div>\n<\/div>\n<div class=\"p-wrap p-small p-list-small-2\" data-pid=\"220356\">\n<div class=\"feat-holder\">\n<div class=\"p-featured ratio-v1\"><a class=\"p-flink\" href=\"https:\/\/ortodoxinfo.ro\/2026\/04\/10\/budanov-a-recunoscut-ca-razboiul-din-ucraina-s-ar-putea-incheia-in-curand-printr-un-compromis-in-cadrul-negocierilor\/\" title=\"Budanov a recunoscut c\u0103 r\u0103zboiul din Ucraina s-ar putea \u00eencheia \u00een cur\u00e2nd printr-un compromis \u00een cadrul negocierilor\"><img decoding=\"async\" width=\"150\" height=\"150\" src=\"https:\/\/ortodoxinfo.ro\/wp-content\/uploads\/2026\/04\/budanov-a-recunoscut-ca-razboiul-din-ucraina-s-ar-putea-incheia-in-curand-printr-un-compromis-in-cad-150x150.png\" class=\"featured-img wp-post-image\" alt loading=\"lazy\"><\/a><\/div>\n<\/div>\n<div class=\"p-content\">\n<h5 class=\"entry-title\"><a class=\"p-url\" href=\"https:\/\/ortodoxinfo.ro\/2026\/04\/10\/budanov-a-recunoscut-ca-razboiul-din-ucraina-s-ar-putea-incheia-in-curand-printr-un-compromis-in-cadrul-negocierilor\/\" rel=\"bookmark\">Budanov a recunoscut c\u0103 r\u0103zboiul din Ucraina s-ar putea \u00eencheia \u00een cur\u00e2nd printr-un compromis \u00een cadrul negocierilor<\/a><\/h5>\n<div class=\"p-meta\">\n<div class=\"meta-inner is-meta\"><span class=\"meta-el meta-date\"><time datetime=\"2026-04-10T18:57:40+03:00\">10 aprilie 2026<\/time><\/span><span class=\"meta-el meta-category meta-bold\"><a class=\"meta-separate category-15871\" href=\"https:\/\/ortodoxinfo.ro\/category\/anti-sistem\/al-iii-lea-razboi-mondial\/ucraina\/\">Ucraina<\/a><\/span><span class=\"meta-el meta-view\">2.4k vizualiz\u0103ri\t\t<\/span><\/div>\n<\/div>\n<\/div>\n<\/div>\n<div class=\"p-wrap p-small p-list-small-2\" data-pid=\"220342\">\n<div class=\"feat-holder\">\n<div class=\"p-featured ratio-v1\"><a class=\"p-flink\" href=\"https:\/\/ortodoxinfo.ro\/2026\/04\/10\/putin-anunta-un-armistitiu-de-paste-de-32-de-ore-in-ucraina-kievul-vorbeste-despre-o-posibila-deschidere-diplomatica\/\" title=\"Putin anun\u021b\u0103 un armisti\u021biu de Pa\u0219te de 32 de ore \u00een Ucraina; Kievul vorbe\u0219te despre o posibil\u0103 deschidere diplomatic\u0103\"><img decoding=\"async\" width=\"150\" height=\"150\" src=\"https:\/\/ortodoxinfo.ro\/wp-content\/uploads\/2026\/04\/putin-anunta-un-armistitiu-de-paste-de-32-de-ore-in-ucraina-kievul-vorbeste-despre-o-posibila-deschi-150x150.jpeg\" class=\"featured-img wp-post-image\" alt loading=\"lazy\"><\/a><\/div>\n<\/div>\n<div class=\"p-content\">\n<h5 class=\"entry-title\"><a class=\"p-url\" href=\"https:\/\/ortodoxinfo.ro\/2026\/04\/10\/putin-anunta-un-armistitiu-de-paste-de-32-de-ore-in-ucraina-kievul-vorbeste-despre-o-posibila-deschidere-diplomatica\/\" rel=\"bookmark\">Putin anun\u021b\u0103 un armisti\u021biu de Pa\u0219te de 32 de ore \u00een Ucraina; Kievul vorbe\u0219te despre o posibil\u0103 deschidere diplomatic\u0103<\/a><\/h5>\n<div class=\"p-meta\">\n<div class=\"meta-inner is-meta\"><span class=\"meta-el meta-date\"><time datetime=\"2026-04-10T16:41:05+03:00\">10 aprilie 2026<\/time><\/span><span class=\"meta-el meta-category meta-bold\"><a class=\"meta-separate category-15871\" href=\"https:\/\/ortodoxinfo.ro\/category\/anti-sistem\/al-iii-lea-razboi-mondial\/ucraina\/\">Ucraina<\/a><\/span><span class=\"meta-el meta-view\">1.3k vizualiz\u0103ri\t\t<\/span><\/div>\n<\/div>\n<\/div>\n<\/div>\n<\/div>\n<\/div>\n<div id=\"custom_html-2\" class=\"widget_text widget rb-section w-sidebar clearfix widget_custom_html\">\n<div class=\"block-h widget-heading heading-layout-1\">\n<div class=\"heading-inner\">\n<h4 class=\"heading-title\"><span>DONA\u021aII \u00een cont bancar<\/span><\/h4>\n<\/div>\n<\/div>\n<div class=\"textwidget custom-html-widget\">\n<table class=\"donatii\">\n<tbody>\n<tr>\n<th colspan=\"2\"><strong><span>ASMIB<\/span><\/strong><\/th>\n<\/tr>\n<tr>\n<th>Cont LEI<\/th>\n<td>RO67CECEB00030RON2081955<\/td>\n<\/tr>\n<tr>\n<th>Cont EURO<\/th>\n<td>RO33CECEB000C1EUR2081978<\/td>\n<\/tr>\n<tr>\n<th>Cod SWIFT<\/th>\n<td>CECEROBU<\/td>\n<\/tr>\n<tr>\n<th colspan=\"2\"><strong>CEC BANK SA<\/strong><\/th>\n<\/tr>\n<\/tbody>\n<\/table>\n<\/div>\n<\/div>\n<\/div>\n<\/div>\n<\/div>\n<\/article>\n<div class=\"entry-content rbct clearfix is-highlight-shares\">\n<p><strong>Aproximativ 300 de anchete penale au fost deschise \u00een Germania \u00eempotriva unor cet\u0103\u021beni acuza\u021bi c\u0103 l-au insultat online pe cancelarul Friedrich Merz. Cazurile, instrumentate \u00een baza unei legi controversate care ofer\u0103 protec\u021bie sporit\u0103 politicienilor, au fost \u021binute \u00een mare parte departe de ochii publicului, p\u00e2n\u0103 c\u00e2nd o instan\u021b\u0103 a obligat guvernul s\u0103 dezv\u0103luie amploarea fenomenului. Situa\u021bia ridic\u0103 \u00eentreb\u0103ri serioase despre echilibrul dintre combaterea discursului abuziv \u0219i libertatea de exprimare \u00eentr-o democra\u021bie occidental\u0103, conform <a href=\"https:\/\/www.tagesspiegel.de\/politik\/hunderte-strafverfahren-sind-bisher-geheim-jetzt-muss-merz-uber-seine-beleidigungen-reden-15441855.html\" target=\"_blank\" rel=\"noopener\">Tagesspiegel<\/a>.<\/strong><\/p>\n<div class=\"inline-single-ad ad_single_index alignfull\">\n<div class=\"ad-wrap ad-script-wrap\">\n<div class=\"ad-script non-adsense edge-padding\">\n<div>\n\u203c\ufe0f\u203c\ufe0f NU recunoa\u0219tem ca pre\u0219edinte al Rom\u00e2niei pe marioneta retard\u0103 Nicu\u0219or Dan! Rom\u00e2ni, boicota\u021bi aceast\u0103 f\u0103c\u0103tur\u0103, care ne face \u021bara de r\u00e2s! NU rom\u00e2nii l-au votat pe Nicusoro\u0219 &#8211; cu unele excep\u021bii de persoane infantile, manipulabile \u0219i chiar idioate &#8211; ci l-au ajutat Maia Soro\u0219, Emanuel Macrou \u0219i tr\u0103d\u0103torii de la B.E.C. \u0219i CCR!<br \/>\n La \u00eenchisoare cu cei care au fraudat alegerile!\n<\/div>\n<\/div>\n<\/div>\n<\/div>\n<p>Cancelarul Friedrich Merz (CDU) este obligat s\u0103 permit\u0103 investiga\u021bii jurnalistice privind aproximativ 300 de proceduri penale deschise pentru insultarea \u0219efului actual al guvernului, conform deciziei Cur\u021bii Administrative Superioare (OVG) Berlin-Brandenburg, care a respins o contesta\u021bie a Cancelariei \u00eempotriva unei hot\u0103r\u00e2ri anterioare a Tribunalului Administrativ (dosar: OVG 6 S 4\/26).<\/p>\n<p>Guvernul va trebui, \u00een consecin\u021b\u0103, s\u0103 furnizeze informa\u021bii despre cele peste o sut\u0103 de parchete din Germania care investigheaz\u0103 cazuri de insult\u0103 la adresa cancelarului. De asemenea, va trebui comunicat \u0219i num\u0103rul de dosar corespunz\u0103tor fiec\u0103rei anchete.<\/p>\n<p>Def\u0103im\u0103rile publice la adresa politicienilor sau a persoanelor din via\u021ba politic\u0103, de exemplu pe internet, pot fi sanc\u021bionate mai sever \u00een baza articolului 188 din Codul Penal german (StGB). Pedeapsa poate ajunge p\u00e2n\u0103 la trei ani de \u00eenchisoare, \u00een timp ce pentru o \u201einsult\u0103 obi\u0219nuit\u0103\u201d (articolul 185 StGB) limitele sunt de unu p\u00e2n\u0103 la doi ani.<\/p>\n<p>Aceast\u0103 prevedere este controversat\u0103. Criticii avertizeaz\u0103 asupra riscului restr\u00e2ngerii libert\u0103\u021bii de exprimare \u00een dezbaterea politic\u0103 \u0219i consider\u0103 excesiv faptul c\u0103 se investigheaz\u0103 inclusiv cazuri minore. Sus\u021bin\u0103torii articolului, introdus abia \u00een urm\u0103 cu c\u00e2\u021biva ani, invoc\u0103 \u00een schimb necesitatea protej\u0103rii angajamentului politic.<\/p>\n<p>P\u00e2n\u0103 acum, procedurile pentru insulta adusa cancelarului au devenit publice doar \u00een cazuri izolate. De exemplu, recent s-a investigat utilizarea apelativelor \u201ePinocchio\u201d \u0219i \u201eLackaffe\u201d (\u201epap\u0103-lapte\u201d) la adresa lui Merz. \u00cen cazul \u201ePinocchio\u201d, nu a fost constatat un \u00eenceput de suspiciune. Se \u0219tie \u00eens\u0103 c\u0103 Merz, \u00eenc\u0103 din perioada \u00een care era lider al opozi\u021biei \u0219i acum ca cancelar, a ales \u00een mod sistematic s\u0103 urm\u0103reasc\u0103 \u00een justi\u021bie insultele publice la adresa sa.<\/p>\n<p>Cancelarul a p\u0103strat aceste proceduri sub t\u0103cere timp de mai multe luni, de\u0219i men\u021bine contacte regulate cu parchetele competente \u0219i este informat asupra tuturor cazurilor instrumentate \u00een baza articolului 188. Conform legii, Merz poate refuza declan\u0219area urm\u0103ririi penale, caz \u00een care ancheta nu poate continua. Nu este \u00eens\u0103 cunoscut niciun caz \u00een care s\u0103 fi recurs la aceast\u0103 op\u021biune.<\/p>\n<p>Investiga\u021biile sistematice sunt dificil de realizat. Accesul la bazele de date ale parchetelor se face, de regul\u0103, \u00een func\u021bie de infrac\u021biune, num\u0103r de dosar sau numele suspec\u021bilor, mai rar dup\u0103 numele victimelor \u2013 cum este cazul lui Friedrich Merz.<\/p>\n<p>Este vorba exclusiv despre proceduri de anchet\u0103 deschise pentru infrac\u021biuni prev\u0103zute de articolul 188 din Codul Penal german, \u00een detrimentul cancelarului federal, de la preluarea mandatului s\u0103u.<\/p>\n<p>T\u0103cerea Cancelariei a func\u021bionat, \u00een practic\u0103, ca o form\u0103 de blocaj informa\u021bional. \u201eAtunci c\u00e2nd jurnali\u0219tii investigheaz\u0103 fenomenul urii \u00een mediul online, Cancelaria nu are voie s\u0103 le pun\u0103 piedici\u201d, a criticat Asocia\u021bia German\u0103 a Jurnali\u0219tilor.<\/p>\n<p><strong>\u201eNu exist\u0103 urgen\u021b\u0103\u201d, a sus\u021binut Cancelaria<\/strong><\/p>\n<p>\u00cen decembrie anul trecut, Tribunalul Administrativ din Berlin obligase deja Cancelaria, \u00een urma unei cereri de urgen\u021b\u0103 depuse de presa, s\u0103 furnizeze informa\u021bii despre aceste proceduri. Baza juridic\u0103 a fost dreptul presei la informare. Cancelaria Federal\u0103 a contestat decizia la Curtea Administrativ\u0103 Superioar\u0103, dar f\u0103r\u0103 succes.<\/p>\n<p>\u00cen fa\u021ba instan\u021bei, avoca\u021bii guvernului au invocat \u2013 ca de obicei \u00een astfel de cazuri \u2013 o serie de argumente pentru a justifica refuzul de a furniza informa\u021bii. Printre altele, au sus\u021binut c\u0103 ar putea ap\u0103rea \u201econflicte de competen\u021b\u0103\u201d cu parchetele care desf\u0103\u0219oar\u0103 anchetele.<\/p>\n<p>De asemenea, Cancelaria a contestat existen\u021ba unei urgen\u021be care s\u0103 justifice o decizie rapid\u0103 a instan\u021bei: solicitarea Tagesspiegel nu ar avea leg\u0103tur\u0103 direct\u0103 cu dezbaterea public\u0103 \u00een curs privind insultele la adresa lui Merz. \u201eEste deja \u00eendoielnic dac\u0103 exist\u0103 un interes public prioritar de clarificare \u00een ceea ce \u00eel prive\u0219te pe cancelarul federal Merz\u201d, se arat\u0103 \u00een motivarea de 30 de pagini a contesta\u021biei.<\/p>\n<p>Curtea Administrativ\u0103 Superioar\u0103, instan\u021b\u0103 de ultim nivel \u00een procedurile administrative de urgen\u021b\u0103, a respins integral argumentele Cancelariei. Instan\u021ba a subliniat c\u0103, \u00een cazurile privind articolul 188, persoana vizat\u0103 din via\u021ba politic\u0103 trebuie s\u0103 fie implicat\u0103 \u00een mod obligatoriu \u00een procedur\u0103. Prin urmare, \u0219i guvernul poate furniza informa\u021bii despre existen\u021ba \u0219i natura acestor proceduri, nu doar parchetele competente.<\/p>\n<p>Afirma\u021bia Cancelariei potrivit c\u0103reia divulgarea acestor informa\u021bii ar putea afecta drepturile persoanelor acuzate a fost calificat\u0103 drept \u201elipsit\u0103 de substan\u021b\u0103\u201d.<\/p>\n<p>De asemenea, instan\u021ba a constatat existen\u021ba unei urgen\u021be reale. Curtea a invocat numeroasele articole de pres\u0103 despre insultele la adresa lui Merz \u0219i a subliniat c\u0103 noile informa\u021bii solicitate sunt menite s\u0103 continue dezbaterea public\u0103 \u0219i s\u0103 o \u00eembog\u0103\u021beasc\u0103 cu noi perspective.<\/p>\n<\/div>\n<p>[analyse_source url=&#8221;https:\/\/ortodoxinfo.ro\/2026\/04\/10\/germania-peste-300-de-anchete-penale-pentru-insulte-aduse-cancelarului-merz-au-fost-tinute-la-secret-instanta-obliga-guvernul-sa-dea-explicatii\/&#8221;]<\/p>\n","protected":false},"excerpt":{"rendered":"<p>[analyse_image type=&#8221;featured&#8221; src=&#8221;https:\/\/ortodoxinfo.ro\/wp-content\/uploads\/2026\/04\/germania-peste-300-de-anchete-penale-pentru-insulte-aduse-cancelarului-merz-au-fost-tinute-la-secret.jpeg&#8221;] Germania: peste 300 de anchete penale pentru \u201einsulte aduse cancelarului Merz\u201d au fost \u021binute la secret. Instan\u021ba oblig\u0103 guvernul s\u0103 dea explica\u021bii 10 aprilie 2026Big brother2.6k vizualiz\u0103ri Comentarii Share 6 Min Read SHARE Aproximativ 300 de anchete penale au fost deschise \u00een Germania \u00eempotriva unor cet\u0103\u021beni acuza\u021bi c\u0103 l-au insultat online pe [&hellip;]<\/p>\n","protected":false},"author":1,"featured_media":0,"comment_status":"open","ping_status":"","sticky":false,"template":"","format":"standard","meta":{"footnotes":""},"categories":[89],"tags":[226,94],"class_list":["post-1876507","post","type-post","status-publish","format-standard","hentry","category-romania","tag-crawlmanager","tag-ortodoxinfo-ro"],"_links":{"self":[{"href":"https:\/\/analyse.optim.biz\/index.php?rest_route=\/wp\/v2\/posts\/1876507","targetHints":{"allow":["GET"]}}],"collection":[{"href":"https:\/\/analyse.optim.biz\/index.php?rest_route=\/wp\/v2\/posts"}],"about":[{"href":"https:\/\/analyse.optim.biz\/index.php?rest_route=\/wp\/v2\/types\/post"}],"author":[{"embeddable":true,"href":"https:\/\/analyse.optim.biz\/index.php?rest_route=\/wp\/v2\/users\/1"}],"replies":[{"embeddable":true,"href":"https:\/\/analyse.optim.biz\/index.php?rest_route=%2Fwp%2Fv2%2Fcomments&post=1876507"}],"version-history":[{"count":0,"href":"https:\/\/analyse.optim.biz\/index.php?rest_route=\/wp\/v2\/posts\/1876507\/revisions"}],"wp:attachment":[{"href":"https:\/\/analyse.optim.biz\/index.php?rest_route=%2Fwp%2Fv2%2Fmedia&parent=1876507"}],"wp:term":[{"taxonomy":"category","embeddable":true,"href":"https:\/\/analyse.optim.biz\/index.php?rest_route=%2Fwp%2Fv2%2Fcategories&post=1876507"},{"taxonomy":"post_tag","embeddable":true,"href":"https:\/\/analyse.optim.biz\/index.php?rest_route=%2Fwp%2Fv2%2Ftags&post=1876507"}],"curies":[{"name":"wp","href":"https:\/\/api.w.org\/{rel}","templated":true}]}}