{"id":1876505,"date":"2026-04-10T15:57:40","date_gmt":"2026-04-10T12:57:40","guid":{"rendered":"https:\/\/analyse.optim.biz\/?p=1876505"},"modified":"2026-04-10T15:57:40","modified_gmt":"2026-04-10T12:57:40","slug":"budanov-a-recunoscut-ca-razboiul-din-ucraina-s-ar-putea-incheia-in-curand-printr-un-compromis-in-cadrul-negocierilor","status":"publish","type":"post","link":"https:\/\/analyse.optim.biz\/?p=1876505","title":{"rendered":"Budanov a recunoscut c\u0103 r\u0103zboiul din Ucraina s-ar putea \u00eencheia \u00een cur\u00e2nd printr-un compromis \u00een cadrul negocierilor"},"content":{"rendered":"<p>[analyse_image type=&#8221;featured&#8221; src=&#8221;https:\/\/ortodoxinfo.ro\/wp-content\/uploads\/2026\/04\/budanov-a-recunoscut-ca-razboiul-din-ucraina-s-ar-putea-incheia-in-curand-printr-un-compromis-in-cad.png&#8221;]<\/p>\n<article id=\"post-220356\" class=\"post-220356 post type-post status-publish format-standard has-post-thumbnail category-ucraina\">\n<header class=\"single-header\">\n<h1 class=\"s-title fw-headline\">Budanov a recunoscut c\u0103 r\u0103zboiul din Ucraina s-ar putea \u00eencheia \u00een cur\u00e2nd printr-un compromis \u00een cadrul negocierilor<\/h1>\n<div class=\"single-meta meta-s-default yes-0\">\n<div class=\"smeta-in\"><a class=\"meta-el meta-avatar\" href=\"https:\/\/ortodoxinfo.ro\/author\/redactor\/\"><img loading=\"lazy\" decoding=\"async\" alt=\"OrtodoxINFO\" src=\"https:\/\/secure.gravatar.com\/avatar\/21010332354a182ce4de6016685c5586f21c51866d0ec5bc8ef383240b3c3e02?s=120&amp;r=g\" class=\"avatar avatar-120 photo\" height=\"120\" width=\"120\"><\/a><\/p>\n<div class=\"smeta-sec\">\n<div class=\"p-meta\">\n<div class=\"meta-inner is-meta\"><span class=\"meta-el meta-date\"><time datetime=\"2026-04-10T18:57:40+03:00\">10 aprilie 2026<\/time><\/span><span class=\"meta-el meta-category meta-bold\"><a class=\"meta-separate category-15871\" href=\"https:\/\/ortodoxinfo.ro\/category\/anti-sistem\/al-iii-lea-razboi-mondial\/ucraina\/\">Ucraina<\/a><\/span><span class=\"meta-el meta-view\">2.4k vizualiz\u0103ri\t\t<\/span><span class=\"meta-el meta-comment mobile-last-meta tablet-last-meta\"><a href=\"https:\/\/ortodoxinfo.ro\/2026\/04\/10\/budanov-a-recunoscut-ca-razboiul-din-ucraina-s-ar-putea-incheia-in-curand-printr-un-compromis-in-cadrul-negocierilor\/#respond\">Comentarii<\/a><\/span><\/div>\n<\/div>\n<\/div>\n<\/div>\n<div class=\"smeta-extra\">\n<div class=\"t-shared-sec tooltips-n has-read-meta is-color\">\n<div class=\"t-shared-header is-meta\"><span class=\"share-label\">Share<\/span><\/div>\n<\/div>\n<div class=\"single-right-meta single-time-read is-meta\"><span class=\"meta-el meta-read\">2 Min Read<\/span><\/div>\n<\/div>\n<\/div>\n<\/header>\n<div class=\"grid-container\">\n<div class=\"s-ct\">\n<div class=\"s-feat-outer\">\n<div class=\"s-feat\">\n<div class=\"featured-lightbox-trigger\" data-source=\"https:\/\/ortodoxinfo.ro\/wp-content\/uploads\/2026\/04\/budanov-a-recunoscut-ca-razboiul-din-ucraina-s-ar-putea-incheia-in-curand-printr-un-compromis-in-cad.png\" data-caption data-attribution><img fetchpriority=\"high\" decoding=\"async\" width=\"860\" height=\"452\" src=\"https:\/\/ortodoxinfo.ro\/wp-content\/uploads\/2026\/04\/budanov-a-recunoscut-ca-razboiul-din-ucraina-s-ar-putea-incheia-in-curand-printr-un-compromis-in-cad-860x452.png\" class=\"attachment-foxiz_crop_o1 size-foxiz_crop_o1 wp-post-image\" alt loading=\"eager\"><\/div>\n<\/div>\n<\/div>\n<div class=\"s-ct-wrap has-lsl\">\n<div class=\"s-ct-inner\">\n<div class=\"l-shared-sec-outer show-mobile\">\n<div class=\"l-shared-sec\">\n<div class=\"l-shared-header meta-text\"><span class=\"share-label\">SHARE<\/span><\/div>\n<\/div>\n<\/div>\n<div class=\"e-ct-outer\">\n<div class=\"entry-content rbct clearfix is-highlight-shares\">\n<p>R\u0103zboiul din Ucraina s-ar putea \u00eencheia \u00een viitorul apropiat, conform <a href=\"https:\/\/strana.today\/news\/503513-vojna-v-ukraine-mozhet-skoro-podojti-k-kontsu-budanov.html\" target=\"_blank\" rel=\"noopener\">Strana<\/a>.<\/p>\n<div class=\"inline-single-ad ad_single_index alignfull\">\n<div class=\"ad-wrap ad-script-wrap\">\n<div class=\"ad-script non-adsense edge-padding\">\n<div>\n\u203c\ufe0f\u203c\ufe0f NU recunoa\u0219tem ca pre\u0219edinte al Rom\u00e2niei pe marioneta retard\u0103 Nicu\u0219or Dan! Rom\u00e2ni, boicota\u021bi aceast\u0103 f\u0103c\u0103tur\u0103, care ne face \u021bara de r\u00e2s! NU rom\u00e2nii l-au votat pe Nicusoro\u0219 &#8211; cu unele excep\u021bii de persoane infantile, manipulabile \u0219i chiar idioate &#8211; ci l-au ajutat Maia Soro\u0219, Emanuel Macrou \u0219i tr\u0103d\u0103torii de la B.E.C. \u0219i CCR!<br \/>\n La \u00eenchisoare cu cei care au fraudat alegerile!\n<\/div>\n<\/div>\n<\/div>\n<\/div>\n<p>Acest lucru a fost declarat de \u0219eful Biroului Preziden\u021bial, Kirill Budanov, \u00eentr-un interviu acordat Bloomberg.<\/p>\n<p>\u201eToat\u0103 lumea \u00een\u021belege c\u0103 r\u0103zboiul trebuie s\u0103 se termine. Spre deosebire de noi, ei (ru\u0219ii \u2013 <b>Ed<\/b>.) \u00ee\u0219i cheltuiesc proprii bani. Sunt sume uria\u0219e, care se ridic\u0103 deja la trilioane. De aceea negociaz\u0103. Nu cred c\u0103 acest lucru se va prelungi mult\u201d, a spus Budanov.<\/p>\n<p>Potrivit acestuia, p\u0103r\u021bile prezint\u0103 \u00een prezent cereri \u201emaximaliste\u201d pentru \u00eencheierea r\u0103zboiului, dar el \u0219i-a exprimat \u00eencrederea c\u0103, \u00een cele din urm\u0103, se va ajunge la un compromis.<\/p>\n<p>C\u00e2nd a fost \u00eentrebat despre posibila retragere a trupelor ucrainene din Donbas, el nu a r\u0103spuns direct: \u201eDecizia final\u0103 nu a fost \u00eenc\u0103 luat\u0103. Dar, \u00een principiu, toat\u0103 lumea \u00een\u021belege acum clar limitele a ceea ce este acceptabil. Acesta este un progres uria\u0219.\u201d<\/p>\n<p>Sursele Bloomberg din Kremlin au declarat \u00eens\u0103 c\u0103 nu s-a \u00eenregistrat practic niciun progres \u00een negocieri, c\u0103 discu\u021biile au ajuns \u00eentr-un impas \u0219i c\u0103 singurul rezultat concret a fost identificarea de c\u0103tre p\u0103r\u021bi a pozi\u021biilor inacceptabile pentru adversari.<\/p>\n<p><a href=\"https:\/\/strana.today\/news\/503178-kirill-budanov-anonsiroval-priezd-v-ukrainu-spetspredstavitelej-trampa-posle-paskhi.html\">Reprezentan\u021bii speciali ai pre\u0219edintelui SUA, Steve Witkoff \u0219i Jared Kushner, ar putea sosi la Kiev<\/a> \u00eenc\u0103 de s\u0103pt\u0103m\u00e2na viitoare.<\/p>\n<p>\u00cen acela\u0219i interviu, Budanov \u0219i-a prezentat evaluarea privind efectivele militare ruse. El consider\u0103 c\u0103 Rusia nu se confrunt\u0103 cu o lips\u0103 de personal \u0219i, dac\u0103 este necesar, poate mobiliza o for\u021b\u0103 de rezerv\u0103 de 23,5 milioane de solda\u021bi.<\/p>\n<p>\u201eAcest num\u0103r dep\u0103\u0219e\u0219te cu mult orice ar putea mobiliza Ucraina, care se confrunt\u0103 ea \u00eens\u0103\u0219i cu o lips\u0103 de solda\u021bi\u201d, se arat\u0103 \u00een articol.<\/p>\n<\/div>\n<\/div>\n<\/div>\n<div class=\"e-shared-sec entry-sec\">\n<div class=\"e-shared-header h4\"><span>Distribuie<\/span><\/div>\n<div class=\"rbbsl tooltips-n effect-fadeout is-bg\"><a class=\"share-action share-trigger icon-facebook\" aria-label=\"Share on Facebook\" href=\"https:\/\/www.facebook.com\/sharer.php?u=https%3A%2F%2Fortodoxinfo.ro%2F2026%2F04%2F10%2Fbudanov-a-recunoscut-ca-razboiul-din-ucraina-s-ar-putea-incheia-in-curand-printr-un-compromis-in-cadrul-negocierilor%2F\" data-title=\"Facebook\" rel=\"nofollow\"><span>Facebook<\/span><\/a><a class=\"share-action share-trigger icon-twitter\" aria-label=\"Share on X\" href=\"https:\/\/twitter.com\/intent\/tweet?text=Budanov+a+recunoscut+c%C4%83+r%C4%83zboiul+din+Ucraina+s-ar+putea+%C3%AEncheia+%C3%AEn+cur%C3%A2nd+printr-un+compromis+%C3%AEn+cadrul+negocierilor&amp;url=https%3A%2F%2Fortodoxinfo.ro%2F2026%2F04%2F10%2Fbudanov-a-recunoscut-ca-razboiul-din-ucraina-s-ar-putea-incheia-in-curand-printr-un-compromis-in-cadrul-negocierilor%2F&amp;via=ortodoxinforo\" data-title=\"X\" rel=\"nofollow\"><span>X<\/span><\/a><a class=\"share-action icon-whatsapp is-web\" aria-label=\"Share on Whatsapp\" href=\"https:\/\/web.whatsapp.com\/send?text=Budanov+a+recunoscut+c%C4%83+r%C4%83zboiul+din+Ucraina+s-ar+putea+%C3%AEncheia+%C3%AEn+cur%C3%A2nd+printr-un+compromis+%C3%AEn+cadrul+negocierilor%20%E2%98%9E%20https%3A%2F%2Fortodoxinfo.ro%2F2026%2F04%2F10%2Fbudanov-a-recunoscut-ca-razboiul-din-ucraina-s-ar-putea-incheia-in-curand-printr-un-compromis-in-cadrul-negocierilor%2F\" target=\"_blank\" data-title=\"WhatsApp\" rel=\"nofollow\"><span>Whatsapp<\/span><\/a><a class=\"share-action icon-whatsapp is-mobile\" aria-label=\"Share on Whatsapp\" href=\"\/\/send?text=Budanov+a+recunoscut+c%C4%83+r%C4%83zboiul+din+Ucraina+s-ar+putea+%C3%AEncheia+%C3%AEn+cur%C3%A2nd+printr-un+compromis+%C3%AEn+cadrul+negocierilor%20%E2%98%9E%20https%3A%2F%2Fortodoxinfo.ro%2F2026%2F04%2F10%2Fbudanov-a-recunoscut-ca-razboiul-din-ucraina-s-ar-putea-incheia-in-curand-printr-un-compromis-in-cadrul-negocierilor%2F\" target=\"_blank\" data-title=\"WhatsApp\" rel=\"nofollow\"><span>Whatsapp<\/span><\/a><a class=\"share-action share-trigger icon-telegram\" aria-label=\"Share on Telegram\" href=\"https:\/\/t.me\/share\/?url=https%3A%2F%2Fortodoxinfo.ro%2F2026%2F04%2F10%2Fbudanov-a-recunoscut-ca-razboiul-din-ucraina-s-ar-putea-incheia-in-curand-printr-un-compromis-in-cadrul-negocierilor%2F&amp;text=Budanov+a+recunoscut+c%C4%83+r%C4%83zboiul+din+Ucraina+s-ar+putea+%C3%AEncheia+%C3%AEn+cur%C3%A2nd+printr-un+compromis+%C3%AEn+cadrul+negocierilor\" data-title=\"Telegram\" rel=\"nofollow\"><span>Telegram<\/span><\/a><a class=\"share-action icon-copy copy-trigger\" aria-label=\"Copy Link\" href=\"https:\/\/ortodoxinfo.ro\/2026\/04\/10\/budanov-a-recunoscut-ca-razboiul-din-ucraina-s-ar-putea-incheia-in-curand-printr-un-compromis-in-cadrul-negocierilor\/\" data-copied=\"Copied!\" data-link=\"https:\/\/ortodoxinfo.ro\/2026\/04\/10\/budanov-a-recunoscut-ca-razboiul-din-ucraina-s-ar-putea-incheia-in-curand-printr-un-compromis-in-cadrul-negocierilor\/\" rel=\"nofollow\" data-copy=\"Copy Link\"><span>Copy Link<\/span><\/a><a class=\"share-action icon-print\" aria-label=\"Print\" rel=\"nofollow\" data-title=\"Print\"><span>Print<\/span><\/a><\/div>\n<\/div>\n<\/div>\n<div id=\"tabs\" class=\"dntplgn_form_wrapper\"><span><\/p>\n<h2>\u0218tirile sunt sub cenzur\u0103! Sprijini\u021bi OrtodoxINFO!<\/h2>\n<p>Guvernul nu dore\u0219te aflarea adev\u0103rului despre lovitura de stat \u0219i \u00eengenuncherea Rom\u00e2niei. \u00cencerc\u0103m s\u0103 men\u021binem viu acest site \u0219i s\u0103 v\u0103 punem la dispozi\u021bie informa\u021bii care s\u0103 fac\u0103 lumin\u0103 \u00een cea mai mare provocare pe care o tr\u0103im. Jurnalismul independent al portalului OrtodoxINFO func\u021bioneaz\u0103 strict cu ajutorul cititorilor.<br \/>\nNe pute\u021bi sprijini printr-o <b><a href=\"https:\/\/ortodoxinfo.ro\/donatii\/\">dona\u021bie bancar\u0103<\/a> sau prin PayPal, complet\u00e2nd formularul de mai jos.<\/b><\/span><\/p>\n<ul>\n<li><a href=\"https:\/\/ortodoxinfo.ro\/2026\/04\/10\/budanov-a-recunoscut-ca-razboiul-din-ucraina-s-ar-putea-incheia-in-curand-printr-un-compromis-in-cadrul-negocierilor\/#tabs-1\">Dona\u021bie lunar\u0103<\/a><\/li>\n<li><a href=\"https:\/\/ortodoxinfo.ro\/2026\/04\/10\/budanov-a-recunoscut-ca-razboiul-din-ucraina-s-ar-putea-incheia-in-curand-printr-un-compromis-in-cadrul-negocierilor\/#tabs-2\">Doar acum<\/a><\/li>\n<\/ul>\n<div id=\"tabs-1\"><img loading=\"lazy\" decoding=\"async\" alt border=\"0\" src=\"https:\/\/www.paypalobjects.com\/en_US\/i\/scr\/pixel.gif\" width=\"1\" height=\"1\"><\/div>\n<div id=\"tabs-2\">\n<p>\t\t     \u20ac<\/p>\n<p>\t\t    <img loading=\"lazy\" decoding=\"async\" alt border=\"0\" src=\"https:\/\/www.paypalobjects.com\/en_US\/i\/scr\/pixel.gif\" width=\"1\" height=\"1\"><\/div>\n<p>Mul\u021bumim celor care ne-au ajutat p\u00e2n\u0103 acum!\n\t<\/p><\/div>\n<div class=\"comment-box-wrap entry-sec\">\n<div class=\"comment-box-header\"><span class=\"h3\">Las\u0103 un comentariu<\/span><\/div>\n<div class=\"comment-holder no-comment\">\n<div id=\"comments\" class=\"comments-area\">\n<div id=\"respond\" class=\"comment-respond\">\n<h3 id=\"reply-title\" class=\"comment-reply-title\">Las\u0103 un r\u0103spuns <small><a rel=\"nofollow\" id=\"cancel-comment-reply-link\" href=\"https:\/\/ortodoxinfo.ro\/2026\/04\/10\/budanov-a-recunoscut-ca-razboiul-din-ucraina-s-ar-putea-incheia-in-curand-printr-un-compromis-in-cadrul-negocierilor\/#respond\">Anuleaz\u0103 r\u0103spunsul<\/a><\/small><\/h3>\n<p class=\"comment-notes\"><span id=\"email-notes\">Adresa ta de email nu va fi publicat\u0103.<\/span><span class=\"required-field-message\">C\u00e2mpurile obligatorii sunt marcate cu <span class=\"required\">*<\/span><\/span><\/p>\n<\/div>\n<\/div>\n<\/div>\n<\/div>\n<\/div>\n<div class=\"sidebar-wrap single-sidebar\">\n<div class=\"sidebar-inner clearfix\">\n<div id=\"widget-post-2\" class=\"widget rb-section w-sidebar clearfix widget-post\">\n<div class=\"block-h widget-heading heading-layout-1\">\n<div class=\"heading-inner\">\n<h4 class=\"heading-title\"><span>Articole recente<\/span><\/h4>\n<\/div>\n<\/div>\n<div class=\"widget-p-listing\">\n<div class=\"p-wrap p-small p-list-small-2\" data-pid=\"220391\">\n<div class=\"feat-holder\">\n<div class=\"p-featured ratio-v1\"><a class=\"p-flink\" href=\"https:\/\/ortodoxinfo.ro\/2026\/04\/10\/israelul-isi-continua-expansiunea-in-cisiordania-decizia-a-fost-tinuta-secret-pentru-a-nu-irita-sua\/\" title=\"Israelul \u00ee\u0219i continu\u0103 expansiunea \u00een Cisiordania \u2013 Decizia a fost \u021binut\u0103 secret pentru a nu irita SUA\"><img decoding=\"async\" width=\"150\" height=\"150\" src=\"https:\/\/ortodoxinfo.ro\/wp-content\/uploads\/2026\/04\/israelul-i-continu-expansiunea-n-cisiordania-decizia-a-fost-inut-secreta-pentru-a-nu-irita-sua-main-150x150.webp\" class=\"featured-img wp-post-image\" alt loading=\"lazy\"><\/a><\/div>\n<\/div>\n<div class=\"p-content\">\n<h5 class=\"entry-title\"><a class=\"p-url\" href=\"https:\/\/ortodoxinfo.ro\/2026\/04\/10\/israelul-isi-continua-expansiunea-in-cisiordania-decizia-a-fost-tinuta-secret-pentru-a-nu-irita-sua\/\" rel=\"bookmark\">Israelul \u00ee\u0219i continu\u0103 expansiunea \u00een Cisiordania \u2013 Decizia a fost \u021binut\u0103 secret pentru a nu irita SUA<\/a><\/h5>\n<div class=\"p-meta\">\n<div class=\"meta-inner is-meta\"><span class=\"meta-el meta-date\"><time datetime=\"2026-04-10T21:30:31+03:00\">10 aprilie 2026<\/time><\/span><span class=\"meta-el meta-category meta-bold\"><a class=\"meta-separate category-19883\" href=\"https:\/\/ortodoxinfo.ro\/category\/anti-sistem\/al-iii-lea-razboi-mondial\/israel\/\">Israel<\/a><\/span><span class=\"meta-el meta-view\">2.8k vizualiz\u0103ri\t\t<\/span><\/div>\n<\/div>\n<\/div>\n<\/div>\n<div class=\"p-wrap p-small p-list-small-2\" data-pid=\"220379\">\n<div class=\"feat-holder\">\n<div class=\"p-featured ratio-v1\"><a class=\"p-flink\" href=\"https:\/\/ortodoxinfo.ro\/2026\/04\/10\/trump-pregateste-reluarea-loviturilor-asupra-iranului-daca-negocierile-esueaza-incarcam-navele-cu-cele-mai-puternice-arme\/\" title=\"Trump preg\u0103te\u0219te reluarea loviturilor asupra Iranului dac\u0103 negocierile e\u0219ueaz\u0103: \u201e\u00cenc\u0103rc\u0103m navele cu cele mai puternice arme\u201d\"><img decoding=\"async\" width=\"150\" height=\"150\" src=\"https:\/\/ortodoxinfo.ro\/wp-content\/uploads\/2026\/04\/trump-pregateste-reluarea-loviturilor-asupra-iranului-daca-negocierile-esueaza-incarcam-navele-cu-ce-150x150.jpeg\" class=\"featured-img wp-post-image\" alt loading=\"lazy\"><\/a><\/div>\n<\/div>\n<div class=\"p-content\">\n<h5 class=\"entry-title\"><a class=\"p-url\" href=\"https:\/\/ortodoxinfo.ro\/2026\/04\/10\/trump-pregateste-reluarea-loviturilor-asupra-iranului-daca-negocierile-esueaza-incarcam-navele-cu-cele-mai-puternice-arme\/\" rel=\"bookmark\">Trump preg\u0103te\u0219te reluarea loviturilor asupra Iranului dac\u0103 negocierile e\u0219ueaz\u0103: \u201e\u00cenc\u0103rc\u0103m navele cu cele mai puternice arme\u201d<\/a><\/h5>\n<div class=\"p-meta\">\n<div class=\"meta-inner is-meta\"><span class=\"meta-el meta-date\"><time datetime=\"2026-04-10T20:22:49+03:00\">10 aprilie 2026<\/time><\/span><span class=\"meta-el meta-category meta-bold\"><a class=\"meta-separate category-20293\" href=\"https:\/\/ortodoxinfo.ro\/category\/anti-sistem\/al-iii-lea-razboi-mondial\/iran\/\">IRAN<\/a><\/span><span class=\"meta-el meta-view\">2k vizualiz\u0103ri\t\t<\/span><\/div>\n<\/div>\n<\/div>\n<\/div>\n<div class=\"p-wrap p-small p-list-small-2\" data-pid=\"220330\">\n<div class=\"feat-holder\">\n<div class=\"p-featured ratio-v1\"><a class=\"p-flink\" href=\"https:\/\/ortodoxinfo.ro\/2026\/04\/10\/germania-peste-300-de-anchete-penale-pentru-insulte-aduse-cancelarului-merz-au-fost-tinute-la-secret-instanta-obliga-guvernul-sa-dea-explicatii\/\" title=\"Germania: peste 300 de anchete penale pentru \u201einsulte aduse cancelarului Merz\u201d au fost \u021binute la secret. Instan\u021ba oblig\u0103 guvernul s\u0103 dea explica\u021bii\"><img decoding=\"async\" width=\"150\" height=\"150\" src=\"https:\/\/ortodoxinfo.ro\/wp-content\/uploads\/2026\/04\/germania-peste-300-de-anchete-penale-pentru-insulte-aduse-cancelarului-merz-au-fost-tinute-la-secret-150x150.jpeg\" class=\"featured-img wp-post-image\" alt loading=\"lazy\"><\/a><\/div>\n<\/div>\n<div class=\"p-content\">\n<h5 class=\"entry-title\"><a class=\"p-url\" href=\"https:\/\/ortodoxinfo.ro\/2026\/04\/10\/germania-peste-300-de-anchete-penale-pentru-insulte-aduse-cancelarului-merz-au-fost-tinute-la-secret-instanta-obliga-guvernul-sa-dea-explicatii\/\" rel=\"bookmark\">Germania: peste 300 de anchete penale pentru \u201einsulte aduse cancelarului Merz\u201d au fost \u021binute la secret. Instan\u021ba oblig\u0103 guvernul s\u0103 dea explica\u021bii<\/a><\/h5>\n<div class=\"p-meta\">\n<div class=\"meta-inner is-meta\"><span class=\"meta-el meta-date\"><time datetime=\"2026-04-10T16:41:29+03:00\">10 aprilie 2026<\/time><\/span><span class=\"meta-el meta-category meta-bold\"><a class=\"meta-separate category-1596\" href=\"https:\/\/ortodoxinfo.ro\/category\/anti-sistem\/big-brother\/\">Big brother<\/a><\/span><span class=\"meta-el meta-view\">2.6k vizualiz\u0103ri\t\t<\/span><\/div>\n<\/div>\n<\/div>\n<\/div>\n<div class=\"p-wrap p-small p-list-small-2\" data-pid=\"220342\">\n<div class=\"feat-holder\">\n<div class=\"p-featured ratio-v1\"><a class=\"p-flink\" href=\"https:\/\/ortodoxinfo.ro\/2026\/04\/10\/putin-anunta-un-armistitiu-de-paste-de-32-de-ore-in-ucraina-kievul-vorbeste-despre-o-posibila-deschidere-diplomatica\/\" title=\"Putin anun\u021b\u0103 un armisti\u021biu de Pa\u0219te de 32 de ore \u00een Ucraina; Kievul vorbe\u0219te despre o posibil\u0103 deschidere diplomatic\u0103\"><img decoding=\"async\" width=\"150\" height=\"150\" src=\"https:\/\/ortodoxinfo.ro\/wp-content\/uploads\/2026\/04\/putin-anunta-un-armistitiu-de-paste-de-32-de-ore-in-ucraina-kievul-vorbeste-despre-o-posibila-deschi-150x150.jpeg\" class=\"featured-img wp-post-image\" alt loading=\"lazy\"><\/a><\/div>\n<\/div>\n<div class=\"p-content\">\n<h5 class=\"entry-title\"><a class=\"p-url\" href=\"https:\/\/ortodoxinfo.ro\/2026\/04\/10\/putin-anunta-un-armistitiu-de-paste-de-32-de-ore-in-ucraina-kievul-vorbeste-despre-o-posibila-deschidere-diplomatica\/\" rel=\"bookmark\">Putin anun\u021b\u0103 un armisti\u021biu de Pa\u0219te de 32 de ore \u00een Ucraina; Kievul vorbe\u0219te despre o posibil\u0103 deschidere diplomatic\u0103<\/a><\/h5>\n<div class=\"p-meta\">\n<div class=\"meta-inner is-meta\"><span class=\"meta-el meta-date\"><time datetime=\"2026-04-10T16:41:05+03:00\">10 aprilie 2026<\/time><\/span><span class=\"meta-el meta-category meta-bold\"><a class=\"meta-separate category-15871\" href=\"https:\/\/ortodoxinfo.ro\/category\/anti-sistem\/al-iii-lea-razboi-mondial\/ucraina\/\">Ucraina<\/a><\/span><span class=\"meta-el meta-view\">1.3k vizualiz\u0103ri\t\t<\/span><\/div>\n<\/div>\n<\/div>\n<\/div>\n<\/div>\n<\/div>\n<div id=\"custom_html-2\" class=\"widget_text widget rb-section w-sidebar clearfix widget_custom_html\">\n<div class=\"block-h widget-heading heading-layout-1\">\n<div class=\"heading-inner\">\n<h4 class=\"heading-title\"><span>DONA\u021aII \u00een cont bancar<\/span><\/h4>\n<\/div>\n<\/div>\n<div class=\"textwidget custom-html-widget\">\n<table class=\"donatii\">\n<tbody>\n<tr>\n<th colspan=\"2\"><strong><span>ASMIB<\/span><\/strong><\/th>\n<\/tr>\n<tr>\n<th>Cont LEI<\/th>\n<td>RO67CECEB00030RON2081955<\/td>\n<\/tr>\n<tr>\n<th>Cont EURO<\/th>\n<td>RO33CECEB000C1EUR2081978<\/td>\n<\/tr>\n<tr>\n<th>Cod SWIFT<\/th>\n<td>CECEROBU<\/td>\n<\/tr>\n<tr>\n<th colspan=\"2\"><strong>CEC BANK SA<\/strong><\/th>\n<\/tr>\n<\/tbody>\n<\/table>\n<\/div>\n<\/div>\n<\/div>\n<\/div>\n<\/div>\n<\/article>\n<div class=\"entry-content rbct clearfix is-highlight-shares\">\n<p>R\u0103zboiul din Ucraina s-ar putea \u00eencheia \u00een viitorul apropiat, conform <a href=\"https:\/\/strana.today\/news\/503513-vojna-v-ukraine-mozhet-skoro-podojti-k-kontsu-budanov.html\" target=\"_blank\" rel=\"noopener\">Strana<\/a>.<\/p>\n<div class=\"inline-single-ad ad_single_index alignfull\">\n<div class=\"ad-wrap ad-script-wrap\">\n<div class=\"ad-script non-adsense edge-padding\">\n<div>\n\u203c\ufe0f\u203c\ufe0f NU recunoa\u0219tem ca pre\u0219edinte al Rom\u00e2niei pe marioneta retard\u0103 Nicu\u0219or Dan! Rom\u00e2ni, boicota\u021bi aceast\u0103 f\u0103c\u0103tur\u0103, care ne face \u021bara de r\u00e2s! NU rom\u00e2nii l-au votat pe Nicusoro\u0219 &#8211; cu unele excep\u021bii de persoane infantile, manipulabile \u0219i chiar idioate &#8211; ci l-au ajutat Maia Soro\u0219, Emanuel Macrou \u0219i tr\u0103d\u0103torii de la B.E.C. \u0219i CCR!<br \/>\n La \u00eenchisoare cu cei care au fraudat alegerile!\n<\/div>\n<\/div>\n<\/div>\n<\/div>\n<p>Acest lucru a fost declarat de \u0219eful Biroului Preziden\u021bial, Kirill Budanov, \u00eentr-un interviu acordat Bloomberg.<\/p>\n<p>\u201eToat\u0103 lumea \u00een\u021belege c\u0103 r\u0103zboiul trebuie s\u0103 se termine. Spre deosebire de noi, ei (ru\u0219ii \u2013 <b>Ed<\/b>.) \u00ee\u0219i cheltuiesc proprii bani. Sunt sume uria\u0219e, care se ridic\u0103 deja la trilioane. De aceea negociaz\u0103. Nu cred c\u0103 acest lucru se va prelungi mult\u201d, a spus Budanov.<\/p>\n<p>Potrivit acestuia, p\u0103r\u021bile prezint\u0103 \u00een prezent cereri \u201emaximaliste\u201d pentru \u00eencheierea r\u0103zboiului, dar el \u0219i-a exprimat \u00eencrederea c\u0103, \u00een cele din urm\u0103, se va ajunge la un compromis.<\/p>\n<p>C\u00e2nd a fost \u00eentrebat despre posibila retragere a trupelor ucrainene din Donbas, el nu a r\u0103spuns direct: \u201eDecizia final\u0103 nu a fost \u00eenc\u0103 luat\u0103. Dar, \u00een principiu, toat\u0103 lumea \u00een\u021belege acum clar limitele a ceea ce este acceptabil. Acesta este un progres uria\u0219.\u201d<\/p>\n<p>Sursele Bloomberg din Kremlin au declarat \u00eens\u0103 c\u0103 nu s-a \u00eenregistrat practic niciun progres \u00een negocieri, c\u0103 discu\u021biile au ajuns \u00eentr-un impas \u0219i c\u0103 singurul rezultat concret a fost identificarea de c\u0103tre p\u0103r\u021bi a pozi\u021biilor inacceptabile pentru adversari.<\/p>\n<p><a href=\"https:\/\/strana.today\/news\/503178-kirill-budanov-anonsiroval-priezd-v-ukrainu-spetspredstavitelej-trampa-posle-paskhi.html\">Reprezentan\u021bii speciali ai pre\u0219edintelui SUA, Steve Witkoff \u0219i Jared Kushner, ar putea sosi la Kiev<\/a> \u00eenc\u0103 de s\u0103pt\u0103m\u00e2na viitoare.<\/p>\n<p>\u00cen acela\u0219i interviu, Budanov \u0219i-a prezentat evaluarea privind efectivele militare ruse. El consider\u0103 c\u0103 Rusia nu se confrunt\u0103 cu o lips\u0103 de personal \u0219i, dac\u0103 este necesar, poate mobiliza o for\u021b\u0103 de rezerv\u0103 de 23,5 milioane de solda\u021bi.<\/p>\n<p>\u201eAcest num\u0103r dep\u0103\u0219e\u0219te cu mult orice ar putea mobiliza Ucraina, care se confrunt\u0103 ea \u00eens\u0103\u0219i cu o lips\u0103 de solda\u021bi\u201d, se arat\u0103 \u00een articol.<\/p>\n<\/div>\n<p>[analyse_source url=&#8221;https:\/\/ortodoxinfo.ro\/2026\/04\/10\/budanov-a-recunoscut-ca-razboiul-din-ucraina-s-ar-putea-incheia-in-curand-printr-un-compromis-in-cadrul-negocierilor\/&#8221;]<\/p>\n","protected":false},"excerpt":{"rendered":"<p>[analyse_image type=&#8221;featured&#8221; src=&#8221;https:\/\/ortodoxinfo.ro\/wp-content\/uploads\/2026\/04\/budanov-a-recunoscut-ca-razboiul-din-ucraina-s-ar-putea-incheia-in-curand-printr-un-compromis-in-cad.png&#8221;] Budanov a recunoscut c\u0103 r\u0103zboiul din Ucraina s-ar putea \u00eencheia \u00een cur\u00e2nd printr-un compromis \u00een cadrul negocierilor 10 aprilie 2026Ucraina2.4k vizualiz\u0103ri Comentarii Share 2 Min Read SHARE R\u0103zboiul din Ucraina s-ar putea \u00eencheia \u00een viitorul apropiat, conform Strana. \u203c\ufe0f\u203c\ufe0f NU recunoa\u0219tem ca pre\u0219edinte al Rom\u00e2niei pe marioneta retard\u0103 Nicu\u0219or Dan! Rom\u00e2ni, boicota\u021bi [&hellip;]<\/p>\n","protected":false},"author":1,"featured_media":0,"comment_status":"open","ping_status":"","sticky":false,"template":"","format":"standard","meta":{"footnotes":""},"categories":[89],"tags":[226,94],"class_list":["post-1876505","post","type-post","status-publish","format-standard","hentry","category-romania","tag-crawlmanager","tag-ortodoxinfo-ro"],"_links":{"self":[{"href":"https:\/\/analyse.optim.biz\/index.php?rest_route=\/wp\/v2\/posts\/1876505","targetHints":{"allow":["GET"]}}],"collection":[{"href":"https:\/\/analyse.optim.biz\/index.php?rest_route=\/wp\/v2\/posts"}],"about":[{"href":"https:\/\/analyse.optim.biz\/index.php?rest_route=\/wp\/v2\/types\/post"}],"author":[{"embeddable":true,"href":"https:\/\/analyse.optim.biz\/index.php?rest_route=\/wp\/v2\/users\/1"}],"replies":[{"embeddable":true,"href":"https:\/\/analyse.optim.biz\/index.php?rest_route=%2Fwp%2Fv2%2Fcomments&post=1876505"}],"version-history":[{"count":0,"href":"https:\/\/analyse.optim.biz\/index.php?rest_route=\/wp\/v2\/posts\/1876505\/revisions"}],"wp:attachment":[{"href":"https:\/\/analyse.optim.biz\/index.php?rest_route=%2Fwp%2Fv2%2Fmedia&parent=1876505"}],"wp:term":[{"taxonomy":"category","embeddable":true,"href":"https:\/\/analyse.optim.biz\/index.php?rest_route=%2Fwp%2Fv2%2Fcategories&post=1876505"},{"taxonomy":"post_tag","embeddable":true,"href":"https:\/\/analyse.optim.biz\/index.php?rest_route=%2Fwp%2Fv2%2Ftags&post=1876505"}],"curies":[{"name":"wp","href":"https:\/\/api.w.org\/{rel}","templated":true}]}}