{"id":1876231,"date":"2026-04-08T11:51:38","date_gmt":"2026-04-08T08:51:38","guid":{"rendered":"https:\/\/analyse.optim.biz\/?p=1876231"},"modified":"2026-04-08T11:51:38","modified_gmt":"2026-04-08T08:51:38","slug":"deputat-psd-oana-matache-reducerea-numarului-de-elevi-la-clasa","status":"publish","type":"post","link":"https:\/\/analyse.optim.biz\/?p=1876231","title":{"rendered":"DEPUTAT PSD OANA MATACHE: REDUCEREA NUM\u0102RULUI DE ELEVI LA CLAS\u0102"},"content":{"rendered":"<p>[analyse_image type=&#8221;featured&#8221; src=&#8221;https:\/\/newss.ro\/wp-content\/uploads\/2026\/04\/Oana-Matache.jpeg&#8221;]<\/p>\n<div class=\"td-post-content\">\n<div class=\"td-post-featured-image\"><a href=\"https:\/\/newss.ro\/wp-content\/uploads\/2026\/04\/Oana-Matache.jpeg\" data-caption><img loading=\"lazy\" decoding=\"async\" width=\"696\" height=\"662\" class=\"entry-thumb td-modal-image\" src=\"https:\/\/newss.ro\/wp-content\/uploads\/2026\/04\/Oana-Matache-696x662.jpeg\" alt title=\"Oana Matache\"><\/a><\/div>\n<p>Deputata PSD\u00a0Oana Matache\u00a0a a depus, zilele acestea, o interpelare oficial\u0103 c\u0103tre ministrul Educa\u021biei \u0219i Cercet\u0103rii, Mihai Dimian, solicit\u00e2nd m\u0103suri urgente pentru reducerea num\u0103rului de elevi din clasele de liceu.<\/p>\n<p>Parlamentarul este de p\u0103rere c\u0103 Educa\u021bia trebuie reformat\u0103 urgent, principala direc\u021bie fiind sc\u0103derea ratei de 50 % a analfabetismului func\u021bional. Clasele supraaglomerate, cu p\u00e2n\u0103 la 30 de elevi afecteaz\u0103 direct calitatea actului didactic.<\/p>\n<p><em>\u201eNe dorim reformarea educa\u021biei \u0219i vrem s\u0103 sc\u0103dem c\u00e2t mai cur\u00e2nd rata \u00eenfrico\u0219\u0103toare de 50% analfabetism func\u021bional, dar avem \u00een continuare clase la liceu cu 30 de elevi\u201d,<\/em> a transmis deputata, ]ntr-o postare pe Facebook.<\/p>\n<p>Potrivit acesteia, realitatea din teren este una alarmant\u0103. \u00centr-o or\u0103 de curs de 50 de minute, un profesor ajunge s\u0103 aloce sub dou\u0103 minute fiec\u0103rui elev, ceea ce face imposibil\u0103 at\u00e2t evaluarea corect\u0103, c\u00e2t \u0219i recuperarea lacunelor sau dezvoltarea competen\u021belor practice, \u00een special \u00een \u00eenv\u0103\u021b\u0103m\u00e2ntul tehnologic \u0219i voca\u021bional.<\/p>\n<p>Deputata sus\u021bine c\u0103 profesorii se confrunt\u0103 zilnic cu dificult\u0103\u021bi majore:<\/p>\n<p>-imposibilitatea de a lucra diferen\u021biat cu elevii cu cerin\u021be educa\u021bionale speciale sau cu lacune mari;<\/p>\n<p>-cre\u0219terea fenomenului de bullying \u0219i a abandonului \u0219colar;<\/p>\n<p>-nivel ridicat de stres pentru cadrele didactice;<\/p>\n<p>-reducerea num\u0103rului de clase, concomitent cu cre\u0219terea volumului de munc\u0103 per elev.<\/p>\n<p>\u00cen interpelare, deputata Oana Matache, arat\u0103 c\u0103 actualii elevi, ce apar\u021bin Genera\u021biei Z, au nevoi diferite fa\u021b\u0103 de genera\u021biile anterioare. Ace\u0219tia sunt obi\u0219nui\u021bi cu interac\u021biune rapid\u0103 \u0219i feedback constant, ceea ce nu poate fi oferit \u00eentr-o clas\u0103 supradimensionat\u0103.<\/p>\n<p>Totodat\u0103, parlamentarul subliniaz\u0103 cre\u0219terea nivelului de anxietate \u00een r\u00e2ndul elevilor \u0219i faptul c\u0103 mediile aglomerate amplific\u0103 stresul \u0219i dificult\u0103\u021bile emo\u021bionale.<\/p>\n<p>Un alt argument invocat este schimbarea rolului \u0219colii \u00een contextul dezvolt\u0103rii inteligen\u021bei artificiale.<\/p>\n<p><em>\u00a0\u201e\u00cen era AI, rolul profesorului nu mai este doar transmiterea de informa\u021bii, ci ghidarea elevilor \u00een filtrarea \u0219i utilizarea corect\u0103 a acestora, lucru care necesit\u0103 grupe mici \u0219i mentorat individual<\/em>\u201d, se arat\u0103 \u00een mesaj.<\/p>\n<p>Parlamentarul buzoian a f\u0103cut referire \u0219i la Legea nr. 198\/2023, care prevede reformarea liceelor tehnologice \u00eencep\u00e2nd cu anul \u0219colar 2026\u20132027, prin introducerea sistemului dual \u0219i accent pe competen\u021be practice.<\/p>\n<p>\u201e<em>Acest model presupune grupe mici, de 12\u201315 elevi, a\u0219a cum se \u00eent\u00e2mpl\u0103 \u00een Germania, unde rata de inser\u021bie pe pia\u021ba muncii ajunge la 90%. Nu putem aplica aceea\u0219i reform\u0103 cu 30 de elevi \u00een clas\u0103<\/em>\u201d, avertizeaz\u0103 aceasta.<\/p>\n<p>Concret, Ministerului Educa\u021biei i se solicit\u0103: reducerea num\u0103rului maxim de elevi la 20\u201322 pe clas\u0103; modificarea legisla\u021biei \u00een vigoare; realizarea unui studiu de impact privind leg\u0103tura dintre efectivele claselor \u0219i analfabetismul func\u021bional; stabilirea unui calendar clar de implementare, \u00eencep\u00e2nd cu anul \u0219colar 2026\u20132027.<\/p>\n<p>Demersul vine \u00een urma consult\u0103rilor cu cadrele didactice din jude\u021bul Buz\u0103u \u0219i a fost realizat \u00een colaborare cu Corina Moise Poenaru.<\/p>\n<p>\u00a0<\/p>\n<\/div>\n<div class=\"td-post-content\">\n<div class=\"td-post-featured-image\"><a href=\"https:\/\/newss.ro\/wp-content\/uploads\/2026\/04\/Oana-Matache.jpeg\" data-caption><img loading=\"lazy\" decoding=\"async\" width=\"696\" height=\"662\" class=\"entry-thumb td-modal-image\" src=\"https:\/\/newss.ro\/wp-content\/uploads\/2026\/04\/Oana-Matache-696x662.jpeg\" alt title=\"Oana Matache\"><\/a><\/div>\n<p>Deputata PSD\u00a0Oana Matache\u00a0a a depus, zilele acestea, o interpelare oficial\u0103 c\u0103tre ministrul Educa\u021biei \u0219i Cercet\u0103rii, Mihai Dimian, solicit\u00e2nd m\u0103suri urgente pentru reducerea num\u0103rului de elevi din clasele de liceu.<\/p>\n<p>Parlamentarul este de p\u0103rere c\u0103 Educa\u021bia trebuie reformat\u0103 urgent, principala direc\u021bie fiind sc\u0103derea ratei de 50 % a analfabetismului func\u021bional. Clasele supraaglomerate, cu p\u00e2n\u0103 la 30 de elevi afecteaz\u0103 direct calitatea actului didactic.<\/p>\n<p><em>\u201eNe dorim reformarea educa\u021biei \u0219i vrem s\u0103 sc\u0103dem c\u00e2t mai cur\u00e2nd rata \u00eenfrico\u0219\u0103toare de 50% analfabetism func\u021bional, dar avem \u00een continuare clase la liceu cu 30 de elevi\u201d,<\/em> a transmis deputata, ]ntr-o postare pe Facebook.<\/p>\n<p>Potrivit acesteia, realitatea din teren este una alarmant\u0103. \u00centr-o or\u0103 de curs de 50 de minute, un profesor ajunge s\u0103 aloce sub dou\u0103 minute fiec\u0103rui elev, ceea ce face imposibil\u0103 at\u00e2t evaluarea corect\u0103, c\u00e2t \u0219i recuperarea lacunelor sau dezvoltarea competen\u021belor practice, \u00een special \u00een \u00eenv\u0103\u021b\u0103m\u00e2ntul tehnologic \u0219i voca\u021bional.<\/p>\n<p>Deputata sus\u021bine c\u0103 profesorii se confrunt\u0103 zilnic cu dificult\u0103\u021bi majore:<\/p>\n<p>-imposibilitatea de a lucra diferen\u021biat cu elevii cu cerin\u021be educa\u021bionale speciale sau cu lacune mari;<\/p>\n<p>-cre\u0219terea fenomenului de bullying \u0219i a abandonului \u0219colar;<\/p>\n<p>-nivel ridicat de stres pentru cadrele didactice;<\/p>\n<p>-reducerea num\u0103rului de clase, concomitent cu cre\u0219terea volumului de munc\u0103 per elev.<\/p>\n<p>\u00cen interpelare, deputata Oana Matache, arat\u0103 c\u0103 actualii elevi, ce apar\u021bin Genera\u021biei Z, au nevoi diferite fa\u021b\u0103 de genera\u021biile anterioare. Ace\u0219tia sunt obi\u0219nui\u021bi cu interac\u021biune rapid\u0103 \u0219i feedback constant, ceea ce nu poate fi oferit \u00eentr-o clas\u0103 supradimensionat\u0103.<\/p>\n<p>Totodat\u0103, parlamentarul subliniaz\u0103 cre\u0219terea nivelului de anxietate \u00een r\u00e2ndul elevilor \u0219i faptul c\u0103 mediile aglomerate amplific\u0103 stresul \u0219i dificult\u0103\u021bile emo\u021bionale.<\/p>\n<p>Un alt argument invocat este schimbarea rolului \u0219colii \u00een contextul dezvolt\u0103rii inteligen\u021bei artificiale.<\/p>\n<p><em>\u00a0\u201e\u00cen era AI, rolul profesorului nu mai este doar transmiterea de informa\u021bii, ci ghidarea elevilor \u00een filtrarea \u0219i utilizarea corect\u0103 a acestora, lucru care necesit\u0103 grupe mici \u0219i mentorat individual<\/em>\u201d, se arat\u0103 \u00een mesaj.<\/p>\n<p>Parlamentarul buzoian a f\u0103cut referire \u0219i la Legea nr. 198\/2023, care prevede reformarea liceelor tehnologice \u00eencep\u00e2nd cu anul \u0219colar 2026\u20132027, prin introducerea sistemului dual \u0219i accent pe competen\u021be practice.<\/p>\n<p>\u201e<em>Acest model presupune grupe mici, de 12\u201315 elevi, a\u0219a cum se \u00eent\u00e2mpl\u0103 \u00een Germania, unde rata de inser\u021bie pe pia\u021ba muncii ajunge la 90%. Nu putem aplica aceea\u0219i reform\u0103 cu 30 de elevi \u00een clas\u0103<\/em>\u201d, avertizeaz\u0103 aceasta.<\/p>\n<p>Concret, Ministerului Educa\u021biei i se solicit\u0103: reducerea num\u0103rului maxim de elevi la 20\u201322 pe clas\u0103; modificarea legisla\u021biei \u00een vigoare; realizarea unui studiu de impact privind leg\u0103tura dintre efectivele claselor \u0219i analfabetismul func\u021bional; stabilirea unui calendar clar de implementare, \u00eencep\u00e2nd cu anul \u0219colar 2026\u20132027.<\/p>\n<p>Demersul vine \u00een urma consult\u0103rilor cu cadrele didactice din jude\u021bul Buz\u0103u \u0219i a fost realizat \u00een colaborare cu Corina Moise Poenaru.<\/p>\n<p>\u00a0<\/p>\n<\/div>\n<p>[analyse_source url=&#8221;https:\/\/newss.ro\/2026\/04\/08\/deputat-psd-oana-matache-reducerea-numarului-de-elevi-la-clasa\/&#8221;]<\/p>\n","protected":false},"excerpt":{"rendered":"<p>[analyse_image type=&#8221;featured&#8221; src=&#8221;https:\/\/newss.ro\/wp-content\/uploads\/2026\/04\/Oana-Matache.jpeg&#8221;] Deputata PSD\u00a0Oana Matache\u00a0a a depus, zilele acestea, o interpelare oficial\u0103 c\u0103tre ministrul Educa\u021biei \u0219i Cercet\u0103rii, Mihai Dimian, solicit\u00e2nd m\u0103suri urgente pentru reducerea num\u0103rului de elevi din clasele de liceu. Parlamentarul este de p\u0103rere c\u0103 Educa\u021bia trebuie reformat\u0103 urgent, principala direc\u021bie fiind sc\u0103derea ratei de 50 % a analfabetismului func\u021bional. Clasele supraaglomerate, cu [&hellip;]<\/p>\n","protected":false},"author":1,"featured_media":0,"comment_status":"open","ping_status":"","sticky":false,"template":"","format":"standard","meta":{"footnotes":""},"categories":[2],"tags":[226,73],"class_list":["post-1876231","post","type-post","status-publish","format-standard","hentry","category-politics","tag-crawlmanager","tag-newss-ro"],"_links":{"self":[{"href":"https:\/\/analyse.optim.biz\/index.php?rest_route=\/wp\/v2\/posts\/1876231","targetHints":{"allow":["GET"]}}],"collection":[{"href":"https:\/\/analyse.optim.biz\/index.php?rest_route=\/wp\/v2\/posts"}],"about":[{"href":"https:\/\/analyse.optim.biz\/index.php?rest_route=\/wp\/v2\/types\/post"}],"author":[{"embeddable":true,"href":"https:\/\/analyse.optim.biz\/index.php?rest_route=\/wp\/v2\/users\/1"}],"replies":[{"embeddable":true,"href":"https:\/\/analyse.optim.biz\/index.php?rest_route=%2Fwp%2Fv2%2Fcomments&post=1876231"}],"version-history":[{"count":0,"href":"https:\/\/analyse.optim.biz\/index.php?rest_route=\/wp\/v2\/posts\/1876231\/revisions"}],"wp:attachment":[{"href":"https:\/\/analyse.optim.biz\/index.php?rest_route=%2Fwp%2Fv2%2Fmedia&parent=1876231"}],"wp:term":[{"taxonomy":"category","embeddable":true,"href":"https:\/\/analyse.optim.biz\/index.php?rest_route=%2Fwp%2Fv2%2Fcategories&post=1876231"},{"taxonomy":"post_tag","embeddable":true,"href":"https:\/\/analyse.optim.biz\/index.php?rest_route=%2Fwp%2Fv2%2Ftags&post=1876231"}],"curies":[{"name":"wp","href":"https:\/\/api.w.org\/{rel}","templated":true}]}}