{"id":187607,"date":"2015-01-26T22:11:15","date_gmt":"2015-01-26T19:11:15","guid":{"rendered":"https:\/\/analyse.optim.biz\/?p=187607"},"modified":"2015-01-26T22:11:15","modified_gmt":"2015-01-26T19:11:15","slug":"victor-ponta-nou-atac-la-traian-basescu-pe-tema-locuintei-premierul-vorbeste-si-despre-redeschiderea-dosarului-flota","status":"publish","type":"post","link":"https:\/\/analyse.optim.biz\/?p=187607","title":{"rendered":"Victor Ponta, nou atac la Traian B\u0103sescu pe tema locuin\u021bei. Premierul vorbe\u0219te \u0219i despre redeschiderea dosarului \u201eFlota\u201d"},"content":{"rendered":"<div class=\"entry data-app-meta data-app-meta-article\" data-embed-base-url-canonical=\"https:\/\/www.digi24.ro\/embed\/stiri\/actualitate\/politica\/victor-ponta-nou-atac-la-traian-basescu-pe-tema-locuintei-premierul-vorbeste-si-despre-redeschiderea-dosarului-flota-351942\">\n<p data-index=\"1\"><img decoding=\"async\" src=\"https:\/\/analyse.optim.biz\/wp-content\/uploads\/2024\/09\/mzy3njg4mzm1y2y1mje1mjg3mgzmzdfiywixzq-thumb_.jpg\" data-skip-htmlfix=\"1\" title=\"mzy3njg4mzm1y2y1mje1mjg3mgzmzdfiywixzq-thumb_\"><\/p>\n<p data-index=\"2\">\u201e<strong>Mi se pare cel pu\u021bin sordid s\u0103 discut\u0103m acum despre locuin\u021ba lui Traian B\u0103sescu. Oamenilor li s-au luat pensiile \u0219i salariile, iar noi acum ne facem griji despre unde va locui Traian B\u0103sescu din banii statului? Pu\u021bin\u0103 modestie nu i-ar strica, pentru c\u0103 nici cet\u0103\u021beni din Rom\u00e2nia care au muncit mai mult ca domnul B\u0103sescu nu beneficiaz\u0103 de a\u0219a ceva.<\/strong>\u201d, a scris Victor Ponta pe pagina de Facebook.<\/p>\n<div class=\"fb-post\">\n<div class=\"fb-xfbml-parse-ignore\"><a href=\"https:\/\/www.facebook.com\/victor.ponta\/posts\/897566850283203\" data-skip-linkfix=\"1\">Post<\/a> by <a href=\"https:\/\/www.facebook.com\/victor.ponta\" data-skip-linkfix=\"1\">Victor Ponta<\/a>.<\/div>\n<\/div>\n<p data-index=\"4\">Atacul premierului vine dup\u0103 ce\u00a0<strong><a href=\"https:\/\/www.digi24.ro\/Stiri\/Digi24\/Actualitate\/Stiri\/Traian+Basescu+a+trimis+Guvernului+o+plangere+si+ameninta+ca+se+\" data-skip-linkfix=\"1\">fostul pre\u015fedinte Traian B\u0103sescu a trimis Guvernului o pl\u00e2ngere administrativ\u0103<\/a> prealabil\u0103 \u00een care avertizeaz\u0103 c\u0103 se va adresa instan\u0163ei judec\u0103tore\u015fti dac\u0103 nu i se acord\u0103 o locuin\u0163\u0103<\/strong><span>\u00a0ca re\u015fedin\u0163\u0103 \u015fi un cabinet de lucru, spun\u00e2nd c\u0103 el a agreat cele dou\u0103 vile din Snagov propuse, dar nu a primit r\u0103spuns.<\/span><\/p>\n<p data-index=\"5\">Re\u021beaua de socializare pare s\u0103 fie locul preferat de premier pentru a publica decizii, p\u0103reri \u0219i pentru a lansa atacuri. Tot ast\u0103zi Victor Ponta a vorbit \u0219i despre posibilitatea redeschiderii dosarului \u201eFlota\u201d. \u201e<strong>Exist\u0103 posibilitatea legal\u0103 de a se redeschide dosarul Flota. \u00cen func\u021bie de analize vom lua o decizie. Guvernul r\u0103spunde \u00een fa\u021ba Cur\u021bii de Conturi despre cum gestioneaz\u0103 prejudiciile statului \u0219i nu vrem s\u0103 vin\u0103 Curtea s\u0103 ne spun\u0103 c\u0103 nu am f\u0103cut tot posibilul pentru a recupera prejudiciul.\u201d<\/strong>, a mai transmis Victor Ponta pe Facebook.<\/p>\n<\/div>\n<p> Source URL: https:\/\/www.digi24.ro\/stiri\/actualitate\/politica\/victor-ponta-nou-atac-la-traian-basescu-pe-tema-locuintei-premierul-vorbeste-si-despre-redeschiderea-dosarului-flota-351942<\/p>\n","protected":false},"excerpt":{"rendered":"<p>\u201eMi se pare cel pu\u021bin sordid s\u0103 discut\u0103m acum despre locuin\u021ba lui Traian B\u0103sescu. Oamenilor li s-au luat pensiile \u0219i salariile, iar noi acum ne facem griji despre unde va locui Traian B\u0103sescu din banii statului? Pu\u021bin\u0103 modestie nu i-ar strica, pentru c\u0103 nici cet\u0103\u021beni din Rom\u00e2nia care au muncit mai mult ca domnul B\u0103sescu [&hellip;]<\/p>\n","protected":false},"author":1,"featured_media":187608,"comment_status":"open","ping_status":"","sticky":false,"template":"","format":"standard","meta":{"footnotes":""},"categories":[2],"tags":[11],"class_list":["post-187607","post","type-post","status-publish","format-standard","has-post-thumbnail","hentry","category-politics","tag-digi24"],"_links":{"self":[{"href":"https:\/\/analyse.optim.biz\/index.php?rest_route=\/wp\/v2\/posts\/187607","targetHints":{"allow":["GET"]}}],"collection":[{"href":"https:\/\/analyse.optim.biz\/index.php?rest_route=\/wp\/v2\/posts"}],"about":[{"href":"https:\/\/analyse.optim.biz\/index.php?rest_route=\/wp\/v2\/types\/post"}],"author":[{"embeddable":true,"href":"https:\/\/analyse.optim.biz\/index.php?rest_route=\/wp\/v2\/users\/1"}],"replies":[{"embeddable":true,"href":"https:\/\/analyse.optim.biz\/index.php?rest_route=%2Fwp%2Fv2%2Fcomments&post=187607"}],"version-history":[{"count":0,"href":"https:\/\/analyse.optim.biz\/index.php?rest_route=\/wp\/v2\/posts\/187607\/revisions"}],"wp:featuredmedia":[{"embeddable":true,"href":"https:\/\/analyse.optim.biz\/index.php?rest_route=\/wp\/v2\/media\/187608"}],"wp:attachment":[{"href":"https:\/\/analyse.optim.biz\/index.php?rest_route=%2Fwp%2Fv2%2Fmedia&parent=187607"}],"wp:term":[{"taxonomy":"category","embeddable":true,"href":"https:\/\/analyse.optim.biz\/index.php?rest_route=%2Fwp%2Fv2%2Fcategories&post=187607"},{"taxonomy":"post_tag","embeddable":true,"href":"https:\/\/analyse.optim.biz\/index.php?rest_route=%2Fwp%2Fv2%2Ftags&post=187607"}],"curies":[{"name":"wp","href":"https:\/\/api.w.org\/{rel}","templated":true}]}}