{"id":1876068,"date":"2026-04-10T10:09:35","date_gmt":"2026-04-10T07:09:35","guid":{"rendered":"https:\/\/analyse.optim.biz\/?p=1876068"},"modified":"2026-04-10T10:09:35","modified_gmt":"2026-04-10T07:09:35","slug":"cosmar-pentru-o-femeie-de-36-de-ani-a-fost-batuta-hartuita-si-sechestrata-agresorul-a-fost-retinut","status":"publish","type":"post","link":"https:\/\/analyse.optim.biz\/?p=1876068","title":{"rendered":"Co\u0219mar pentru o femeie de 36 de ani: A fost b\u0103tut\u0103, h\u0103r\u021buit\u0103 \u0219i sechestrat\u0103 &#8211; Agresorul a fost re\u021binut"},"content":{"rendered":"<p>[analyse_image type=&#8221;featured&#8221; src=&#8221;https:\/\/focustim.ro\/wp-content\/uploads\/2021\/01\/politia.jpg&#8221;]<\/p>\n<article id=\"post-39932\" class=\"penci-single-artcontent noloaddisqus post-39932 post type-post status-publish format-standard has-post-thumbnail hentry category-actualitate category-eveniment category-featured tag-agresat tag-femeie penci-post-item\">\n<header class=\"entry-header penci-entry-header penci-title-\">\n<div class=\"penci-entry-categories\"><span class=\"penci-cat-links\"><a href=\"https:\/\/focustim.ro\/category\/actualitate\/\" rel=\"category tag\">Actualitate<\/a><a href=\"https:\/\/focustim.ro\/category\/eveniment\/\" rel=\"category tag\">Eveniment<\/a><a href=\"https:\/\/focustim.ro\/category\/featured\/\" rel=\"category tag\">Featured<\/a><\/span><\/div>\n<h1 class=\"entry-title penci-entry-title penci-title-\">Co\u0219mar pentru o femeie de 36 de ani: A fost b\u0103tut\u0103, h\u0103r\u021buit\u0103 \u0219i sechestrat\u0103 \u2013 Agresorul a fost re\u021binut<\/h1>\n<div class=\"entry-meta penci-entry-meta\"><span class=\"entry-meta-item penci-posted-on\"><time class=\"entry-date published\" datetime=\"2026-04-10T13:09:35+03:00\">10\/04\/2026<\/time><time class=\"updated\" datetime=\"2026-04-10T13:09:38+03:00\">10\/04\/2026<\/time><\/span><span class=\"entry-meta-item penci-comment-count\"><a class=\"penci_pmeta-link\" href=\"https:\/\/focustim.ro\/cosmar-pentru-o-femeie-de-36-de-ani-a-fost-batuta-hartuita-si-sechestrata-agresorul-a-fost-retinut\/#respond\">0<\/a><\/span><\/div>\n<p><span class=\"penci-social-buttons penci-social-share-footer\"><span class=\"penci-social-share-text\">Distribuie<\/span><a href=\"https:\/\/focustim.ro\/cosmar-pentru-o-femeie-de-36-de-ani-a-fost-batuta-hartuita-si-sechestrata-agresorul-a-fost-retinut\/\" class=\"penci-post-like penci_post-meta_item  single-like-button penci-social-item like\" data-post_id=\"39932\" title=\"Like\" data-like=\"Like\" data-unlike=\"Unlike\"><span class=\"penci-share-number\">0<\/span><\/a><\/span><\/header>\n<div class=\"entry-media penci-entry-media\">\n<div class=\"post-format-meta \">\n<div class=\"post-image penci-standard-format\"><img decoding=\"async\" width=\"800\" height=\"450\" src=\"https:\/\/focustim.ro\/wp-content\/uploads\/2021\/01\/politia.jpg\" class=\"attachment-penci-thumb-960-auto size-penci-thumb-960-auto wp-post-image\" alt loading=\"lazy\"><\/div>\n<\/div>\n<\/div>\n<div class=\"penci-entry-content entry-content\">\n<p><strong>Co\u0219mar tr\u0103it de o femeie de 36 de ani din Lugoj. Un b\u0103rbat cu care a avut o rela\u021bie a schestrat-o, b\u0103tut-o \u0219i mai apoi \u0219antajat-o c\u0103 va publica imagini compromi\u021b\u0103toare cu ea. Agresorul a ajuns \u00een spatele gratiilor.<\/strong><\/p>\n<p>Poli\u021bi\u0219tii Biroului Investiga\u021bii Criminale din Lugoj, sub coordonarea unui procuror din cadrul Parchetului de pe l\u00e2ng\u0103 Judec\u0103toria Lugoj, au documentat activitatea infrac\u021bional\u0103 a unui b\u0103rbat, \u00een v\u00e2rst\u0103 de 44 de ani, din municipiul Lugoj cu privire la s\u0103v\u00e2r\u0219irea infrac\u021biunilor de \u0219antaj, h\u0103r\u021buire \u00een form\u0103 continuat\u0103, lovire sau alte violen\u021be \u0219i lipsire de libertate \u00een mod ilegal.<\/p>\n<p>Din materialul probator administrat \u00een cauz\u0103, a reie\u0219it faptul c\u0103, la data de 2 martie 2026, b\u0103rbatul ar fi agresat fizic o femeie de 36 de ani, provoc\u00e2ndu-i leziuni ce au necesitat \u00eengrijiri medicale. De asemenea, acesta ar fi lipsit-o de libertate, \u00eempiedic\u00e2nd-o s\u0103 p\u0103r\u0103seasc\u0103 locuin\u021ba.<\/p>\n<p>Ulterior, \u00een perioada 5 martie \u2013 6 aprilie 2026, b\u0103rbatul ar fi \u0219antajat \u0219i h\u0103r\u021buit persoana v\u0103t\u0103mat\u0103, amenin\u021b\u00e2nd-o cu divulgarea unor imagini compromi\u021b\u0103toare \u0219i urm\u0103rind-o \u00een mod repetat \u00een diverse loca\u021bii din municipiul Lugoj, precum \u0219i contact\u00e2nd-o frecvent telefonic \u0219i prin intermediul aplica\u021biilor de mesagerie.<\/p>\n<p>B\u0103rbatul a fost re\u021binut pentru 24 de ore \u00een arestul poli\u021biei, iar la data de 09 aprilie 2026, a fost prezentat magistra\u021bilor cu propunere de arestare preventiv\u0103. Instan\u021ba de judecat\u0103 a dispus fa\u021b\u0103 de acesta m\u0103sura controlului judiciar pentru o perioad\u0103 de 60 de zile, cu obligativitatea purt\u0103rii unui dispozitiv electronic de supraveghere.<\/p>\n<p>Preciz\u0103m c\u0103, pe parcursul \u00eentregului proces penal, persoana cercetat\u0103 beneficiaz\u0103 de prezum\u021bia de nevinov\u0103\u021bie.<\/p>\n<div class=\"sharedaddy sd-sharing-enabled\">\n<div class=\"robots-nocontent sd-block sd-social sd-social-icon-text sd-sharing\">\n<h3 class=\"sd-title\">Partajeaz\u0103 asta:<\/h3>\n<div class=\"sd-content\">\n<ul>\n<li class=\"share-twitter\"><a rel=\"nofollow noopener noreferrer\" data-shared=\"sharing-twitter-39932\" class=\"share-twitter sd-button share-icon\" href=\"https:\/\/focustim.ro\/cosmar-pentru-o-femeie-de-36-de-ani-a-fost-batuta-hartuita-si-sechestrata-agresorul-a-fost-retinut\/?share=twitter\" target=\"_blank\" title=\"D\u0103 clic pentru a partaja pe Twitter\"><span>Twitter<\/span><\/a><\/li>\n<li class=\"share-facebook\"><a rel=\"nofollow noopener noreferrer\" data-shared=\"sharing-facebook-39932\" class=\"share-facebook sd-button share-icon\" href=\"https:\/\/focustim.ro\/cosmar-pentru-o-femeie-de-36-de-ani-a-fost-batuta-hartuita-si-sechestrata-agresorul-a-fost-retinut\/?share=facebook\" target=\"_blank\" title=\"D\u0103 clic pentru a partaja pe Facebook\"><span>Facebook<\/span><\/a><\/li>\n<li class=\"share-end\"><\/ul>\n<\/div>\n<\/div>\n<\/div>\n<div class=\"sharedaddy sd-block sd-like jetpack-likes-widget-wrapper jetpack-likes-widget-unloaded\" id=\"like-post-wrapper-167025405-39932-69d8ce2491fe8\" data-src=\"https:\/\/widgets.wp.com\/likes\/#blog_id=167025405&amp;post_id=39932&amp;origin=focustim.ro&amp;obj_id=167025405-39932-69d8ce2491fe8\" data-name=\"like-post-frame-167025405-39932-69d8ce2491fe8\" data-title=\"Apreciaz\u0103 sau republic\u0103\">\n<h3 class=\"sd-title\">Apreciaz\u0103:<\/h3>\n<div class=\"likes-widget-placeholder post-likes-widget-placeholder\"><span class=\"button\"><span>Apreciere<\/span><\/span><span class=\"loading\">\u00cencarc&#8230;<\/span><\/div>\n<\/div>\n<\/div>\n<footer class=\"penci-entry-footer\">\n<div class=\"penci-source-via-tags-wrap\"><span class=\"tags-links penci-tags-links\"><a href=\"https:\/\/focustim.ro\/tag\/agresat\/\" rel=\"tag\">agresat<\/a><a href=\"https:\/\/focustim.ro\/tag\/femeie\/\" rel=\"tag\">femeie<\/a><\/span><\/div>\n<p><span class=\"penci-social-buttons penci-social-share-footer\"><span class=\"penci-social-share-text\">Distribuie<\/span><a href=\"https:\/\/focustim.ro\/cosmar-pentru-o-femeie-de-36-de-ani-a-fost-batuta-hartuita-si-sechestrata-agresorul-a-fost-retinut\/\" class=\"penci-post-like penci_post-meta_item  single-like-button penci-social-item like\" data-post_id=\"39932\" title=\"Like\" data-like=\"Like\" data-unlike=\"Unlike\"><span class=\"penci-share-number\">0<\/span><\/a><\/span><\/footer>\n<\/article>\n<div class=\"penci-entry-content entry-content\">\n<p><strong>Co\u0219mar tr\u0103it de o femeie de 36 de ani din Lugoj. Un b\u0103rbat cu care a avut o rela\u021bie a schestrat-o, b\u0103tut-o \u0219i mai apoi \u0219antajat-o c\u0103 va publica imagini compromi\u021b\u0103toare cu ea. Agresorul a ajuns \u00een spatele gratiilor.<\/strong><\/p>\n<p>Poli\u021bi\u0219tii Biroului Investiga\u021bii Criminale din Lugoj, sub coordonarea unui procuror din cadrul Parchetului de pe l\u00e2ng\u0103 Judec\u0103toria Lugoj, au documentat activitatea infrac\u021bional\u0103 a unui b\u0103rbat, \u00een v\u00e2rst\u0103 de 44 de ani, din municipiul Lugoj cu privire la s\u0103v\u00e2r\u0219irea infrac\u021biunilor de \u0219antaj, h\u0103r\u021buire \u00een form\u0103 continuat\u0103, lovire sau alte violen\u021be \u0219i lipsire de libertate \u00een mod ilegal.<\/p>\n<p>Din materialul probator administrat \u00een cauz\u0103, a reie\u0219it faptul c\u0103, la data de 2 martie 2026, b\u0103rbatul ar fi agresat fizic o femeie de 36 de ani, provoc\u00e2ndu-i leziuni ce au necesitat \u00eengrijiri medicale. De asemenea, acesta ar fi lipsit-o de libertate, \u00eempiedic\u00e2nd-o s\u0103 p\u0103r\u0103seasc\u0103 locuin\u021ba.<\/p>\n<p>Ulterior, \u00een perioada 5 martie \u2013 6 aprilie 2026, b\u0103rbatul ar fi \u0219antajat \u0219i h\u0103r\u021buit persoana v\u0103t\u0103mat\u0103, amenin\u021b\u00e2nd-o cu divulgarea unor imagini compromi\u021b\u0103toare \u0219i urm\u0103rind-o \u00een mod repetat \u00een diverse loca\u021bii din municipiul Lugoj, precum \u0219i contact\u00e2nd-o frecvent telefonic \u0219i prin intermediul aplica\u021biilor de mesagerie.<\/p>\n<p>B\u0103rbatul a fost re\u021binut pentru 24 de ore \u00een arestul poli\u021biei, iar la data de 09 aprilie 2026, a fost prezentat magistra\u021bilor cu propunere de arestare preventiv\u0103. Instan\u021ba de judecat\u0103 a dispus fa\u021b\u0103 de acesta m\u0103sura controlului judiciar pentru o perioad\u0103 de 60 de zile, cu obligativitatea purt\u0103rii unui dispozitiv electronic de supraveghere.<\/p>\n<p>Preciz\u0103m c\u0103, pe parcursul \u00eentregului proces penal, persoana cercetat\u0103 beneficiaz\u0103 de prezum\u021bia de nevinov\u0103\u021bie.<\/p>\n<div class=\"sharedaddy sd-sharing-enabled\">\n<div class=\"robots-nocontent sd-block sd-social sd-social-icon-text sd-sharing\">\n<h3 class=\"sd-title\">Partajeaz\u0103 asta:<\/h3>\n<div class=\"sd-content\">\n<ul>\n<li class=\"share-twitter\"><a rel=\"nofollow noopener noreferrer\" data-shared=\"sharing-twitter-39932\" class=\"share-twitter sd-button share-icon\" href=\"https:\/\/focustim.ro\/cosmar-pentru-o-femeie-de-36-de-ani-a-fost-batuta-hartuita-si-sechestrata-agresorul-a-fost-retinut\/?share=twitter\" target=\"_blank\" title=\"D\u0103 clic pentru a partaja pe Twitter\"><span>Twitter<\/span><\/a><\/li>\n<li class=\"share-facebook\"><a rel=\"nofollow noopener noreferrer\" data-shared=\"sharing-facebook-39932\" class=\"share-facebook sd-button share-icon\" href=\"https:\/\/focustim.ro\/cosmar-pentru-o-femeie-de-36-de-ani-a-fost-batuta-hartuita-si-sechestrata-agresorul-a-fost-retinut\/?share=facebook\" target=\"_blank\" title=\"D\u0103 clic pentru a partaja pe Facebook\"><span>Facebook<\/span><\/a><\/li>\n<li class=\"share-end\"><\/ul>\n<\/div>\n<\/div>\n<\/div>\n<div class=\"sharedaddy sd-block sd-like jetpack-likes-widget-wrapper jetpack-likes-widget-unloaded\" id=\"like-post-wrapper-167025405-39932-69d8ce2491fe8\" data-src=\"https:\/\/widgets.wp.com\/likes\/#blog_id=167025405&amp;post_id=39932&amp;origin=focustim.ro&amp;obj_id=167025405-39932-69d8ce2491fe8\" data-name=\"like-post-frame-167025405-39932-69d8ce2491fe8\" data-title=\"Apreciaz\u0103 sau republic\u0103\">\n<h3 class=\"sd-title\">Apreciaz\u0103:<\/h3>\n<div class=\"likes-widget-placeholder post-likes-widget-placeholder\"><span class=\"button\"><span>Apreciere<\/span><\/span><span class=\"loading\">\u00cencarc&#8230;<\/span><\/div>\n<\/div>\n<\/div>\n<p>[analyse_source url=&#8221;https:\/\/focustim.ro\/cosmar-pentru-o-femeie-de-36-de-ani-a-fost-batuta-hartuita-si-sechestrata-agresorul-a-fost-retinut\/&#8221;]<\/p>\n","protected":false},"excerpt":{"rendered":"<p>[analyse_image type=&#8221;featured&#8221; src=&#8221;https:\/\/focustim.ro\/wp-content\/uploads\/2021\/01\/politia.jpg&#8221;] ActualitateEvenimentFeatured Co\u0219mar pentru o femeie de 36 de ani: A fost b\u0103tut\u0103, h\u0103r\u021buit\u0103 \u0219i sechestrat\u0103 \u2013 Agresorul a fost re\u021binut 10\/04\/202610\/04\/20260 Distribuie0 Co\u0219mar tr\u0103it de o femeie de 36 de ani din Lugoj. Un b\u0103rbat cu care a avut o rela\u021bie a schestrat-o, b\u0103tut-o \u0219i mai apoi \u0219antajat-o c\u0103 va publica imagini [&hellip;]<\/p>\n","protected":false},"author":1,"featured_media":0,"comment_status":"open","ping_status":"","sticky":false,"template":"","format":"standard","meta":{"footnotes":""},"categories":[89],"tags":[226,197],"class_list":["post-1876068","post","type-post","status-publish","format-standard","hentry","category-romania","tag-crawlmanager","tag-focustim-ro"],"_links":{"self":[{"href":"https:\/\/analyse.optim.biz\/index.php?rest_route=\/wp\/v2\/posts\/1876068","targetHints":{"allow":["GET"]}}],"collection":[{"href":"https:\/\/analyse.optim.biz\/index.php?rest_route=\/wp\/v2\/posts"}],"about":[{"href":"https:\/\/analyse.optim.biz\/index.php?rest_route=\/wp\/v2\/types\/post"}],"author":[{"embeddable":true,"href":"https:\/\/analyse.optim.biz\/index.php?rest_route=\/wp\/v2\/users\/1"}],"replies":[{"embeddable":true,"href":"https:\/\/analyse.optim.biz\/index.php?rest_route=%2Fwp%2Fv2%2Fcomments&post=1876068"}],"version-history":[{"count":0,"href":"https:\/\/analyse.optim.biz\/index.php?rest_route=\/wp\/v2\/posts\/1876068\/revisions"}],"wp:attachment":[{"href":"https:\/\/analyse.optim.biz\/index.php?rest_route=%2Fwp%2Fv2%2Fmedia&parent=1876068"}],"wp:term":[{"taxonomy":"category","embeddable":true,"href":"https:\/\/analyse.optim.biz\/index.php?rest_route=%2Fwp%2Fv2%2Fcategories&post=1876068"},{"taxonomy":"post_tag","embeddable":true,"href":"https:\/\/analyse.optim.biz\/index.php?rest_route=%2Fwp%2Fv2%2Ftags&post=1876068"}],"curies":[{"name":"wp","href":"https:\/\/api.w.org\/{rel}","templated":true}]}}