{"id":1876067,"date":"2026-04-10T10:15:09","date_gmt":"2026-04-10T07:15:09","guid":{"rendered":"https:\/\/analyse.optim.biz\/?p=1876067"},"modified":"2026-04-10T10:15:09","modified_gmt":"2026-04-10T07:15:09","slug":"vinerea-mare-credinciosii-tin-post-negru-toata-ziua-putini-stiu-de-ce-exista-insa-aceasta-traditie","status":"publish","type":"post","link":"https:\/\/analyse.optim.biz\/?p=1876067","title":{"rendered":"Vinerea Mare: Credincio\u0219ii \u021bin post negru toat\u0103 ziua. Pu\u021bini \u0219tiu de ce exist\u0103 \u00eens\u0103 aceast\u0103 tradi\u021bie"},"content":{"rendered":"<p>[analyse_image type=&#8221;featured&#8221; src=&#8221;https:\/\/focustim.ro\/wp-content\/uploads\/2026\/04\/post-negru.jpg&#8221;]<\/p>\n<article id=\"post-39935\" class=\"penci-single-artcontent noloaddisqus post-39935 post type-post status-publish format-standard has-post-thumbnail hentry category-actualitate category-featured category-social tag-post tag-vinerea-mare penci-post-item\">\n<header class=\"entry-header penci-entry-header penci-title-\">\n<div class=\"penci-entry-categories\"><span class=\"penci-cat-links\"><a href=\"https:\/\/focustim.ro\/category\/actualitate\/\" rel=\"category tag\">Actualitate<\/a><a href=\"https:\/\/focustim.ro\/category\/featured\/\" rel=\"category tag\">Featured<\/a><a href=\"https:\/\/focustim.ro\/category\/social\/\" rel=\"category tag\">Social<\/a><\/span><\/div>\n<h1 class=\"entry-title penci-entry-title penci-title-\">Vinerea Mare: Credincio\u0219ii \u021bin post negru toat\u0103 ziua. Pu\u021bini \u0219tiu de ce exist\u0103 \u00eens\u0103 aceast\u0103 tradi\u021bie<\/h1>\n<div class=\"entry-meta penci-entry-meta\"><span class=\"entry-meta-item penci-posted-on\"><time class=\"entry-date published\" datetime=\"2026-04-10T13:15:09+03:00\">10\/04\/2026<\/time><time class=\"updated\" datetime=\"2026-04-10T13:15:11+03:00\">10\/04\/2026<\/time><\/span><span class=\"entry-meta-item penci-comment-count\"><a class=\"penci_pmeta-link\" href=\"https:\/\/focustim.ro\/vinerea-mare-credinciosii-tin-post-negru-toata-ziua-putini-stiu-de-ce-exista-insa-aceasta-traditie\/#respond\">0<\/a><\/span><\/div>\n<p><span class=\"penci-social-buttons penci-social-share-footer\"><span class=\"penci-social-share-text\">Distribuie<\/span><a href=\"https:\/\/focustim.ro\/vinerea-mare-credinciosii-tin-post-negru-toata-ziua-putini-stiu-de-ce-exista-insa-aceasta-traditie\/\" class=\"penci-post-like penci_post-meta_item  single-like-button penci-social-item like\" data-post_id=\"39935\" title=\"Like\" data-like=\"Like\" data-unlike=\"Unlike\"><span class=\"penci-share-number\">0<\/span><\/a><\/span><\/header>\n<div class=\"entry-media penci-entry-media\">\n<div class=\"post-format-meta \">\n<div class=\"post-image penci-standard-format\"><img decoding=\"async\" width=\"620\" height=\"413\" src=\"https:\/\/focustim.ro\/wp-content\/uploads\/2026\/04\/post-negru.jpg\" class=\"attachment-penci-thumb-960-auto size-penci-thumb-960-auto wp-post-image\" alt loading=\"lazy\"><\/div>\n<\/div>\n<\/div>\n<div class=\"penci-entry-content entry-content\">\n<p><strong>Vinerea Mare, cunoscut\u0103 \u0219i ca vinerea patimilor, reprezint\u0103 ultima zi din S\u0103pt\u0103m\u00e2na Mare. Credincio\u0219ii \u021bin post negru, f\u0103r\u0103 m\u00e2ncare \u0219i f\u0103r\u0103 ap\u0103. Biserica \u00eel recomand\u0103 numai celor care nu au probleme de s\u0103n\u0103tate.<\/strong><\/p>\n<p>\u00cen Sf\u00e2nta \u0219i Marea Vineri, numita \u00een popor \u0219i Vinerea Neagr\u0103 sau Vinerea Seac\u0103, mul\u021bi credincio\u0219i \u021bin post negru. Conform tradi\u021biei, cei far\u0103 sl\u0103biciuni trupe\u0219ti nu consuma niciun fel de m\u00e2ncare \u0219i nu beau ap\u0103 p\u00e2n\u0103 dup\u0103 Denia Prohodului.Preasfin\u021bitul Corneliu, Episcopul Husilor a explicat de ce se \u021bine post negru \u00een Sf\u00e2nta \u0219i Marea Vineri: A\u0219a cum a prezis M\u00e2ntuitorul c\u00e2nd au fost \u00eentreba\u021bi ucenicii Lui de ce ei nu postesc precum ucenicii Sfan\u021bului Ioan Botezatorul, El a spus c\u0103 v\u0103 veni o vreme c\u00e2nd Mirele se va lua de la ei \u0219i atunci vor posti \u0219i ei. Acum a venit clipa \u00een care Domnul a trebuit s\u0103 moar\u0103 pentru noi pe cruce, de aceea Biserica a r\u00e2nduit c\u0103 \u00een Vinerea Mare s\u0103 fie post negru; nu se m\u0103n\u00e2nc\u0103 de diminea\u021ba p\u00e2n\u0103 seara. Ba chiar de multe ori se c\u00e2nt\u0103 Prohodul Domnului pe nem\u00e2ncate . Postul negru nu este numai un gest de \u00eenfr\u00e2nare, ci trebuie s\u0103 fie \u0219i un prilej de cercetare duhovniceasc\u0103. Inalpreasfintitul Ioan Episcopul Covasnei \u0219i Harghitei a subliniat importan\u021ba postului \u00een urcu\u0219ul duhovnicesc: Rug\u0103ciunea cu foc \u0219i cu lacrimi nu se poate face dup\u0103 ce ai consumat multe alimente. \u00cenainte de a hr\u0103ni trupul, prioritate o are sufletul. Sufletul este sc\u00e2nteie dumnezeiasc\u0103 iar oasele acestea sunt f\u0103r\u0103ma din p\u0103m\u00e2nt. Ele se hr\u0103nesc din roua p\u0103m\u00e2ntului iar sufletul se hr\u0103ne\u0219te din roua cerului , informeaz\u0103 TRINITAS TV.<\/p>\n<div class=\"sharedaddy sd-sharing-enabled\">\n<div class=\"robots-nocontent sd-block sd-social sd-social-icon-text sd-sharing\">\n<h3 class=\"sd-title\">Partajeaz\u0103 asta:<\/h3>\n<div class=\"sd-content\">\n<ul>\n<li class=\"share-twitter\"><a rel=\"nofollow noopener noreferrer\" data-shared=\"sharing-twitter-39935\" class=\"share-twitter sd-button share-icon\" href=\"https:\/\/focustim.ro\/vinerea-mare-credinciosii-tin-post-negru-toata-ziua-putini-stiu-de-ce-exista-insa-aceasta-traditie\/?share=twitter\" target=\"_blank\" title=\"D\u0103 clic pentru a partaja pe Twitter\"><span>Twitter<\/span><\/a><\/li>\n<li class=\"share-facebook\"><a rel=\"nofollow noopener noreferrer\" data-shared=\"sharing-facebook-39935\" class=\"share-facebook sd-button share-icon\" href=\"https:\/\/focustim.ro\/vinerea-mare-credinciosii-tin-post-negru-toata-ziua-putini-stiu-de-ce-exista-insa-aceasta-traditie\/?share=facebook\" target=\"_blank\" title=\"D\u0103 clic pentru a partaja pe Facebook\"><span>Facebook<\/span><\/a><\/li>\n<li class=\"share-end\"><\/ul>\n<\/div>\n<\/div>\n<\/div>\n<div class=\"sharedaddy sd-block sd-like jetpack-likes-widget-wrapper jetpack-likes-widget-unloaded\" id=\"like-post-wrapper-167025405-39935-69d8cdcf45d28\" data-src=\"https:\/\/widgets.wp.com\/likes\/#blog_id=167025405&amp;post_id=39935&amp;origin=focustim.ro&amp;obj_id=167025405-39935-69d8cdcf45d28\" data-name=\"like-post-frame-167025405-39935-69d8cdcf45d28\" data-title=\"Apreciaz\u0103 sau republic\u0103\">\n<h3 class=\"sd-title\">Apreciaz\u0103:<\/h3>\n<div class=\"likes-widget-placeholder post-likes-widget-placeholder\"><span class=\"button\"><span>Apreciere<\/span><\/span><span class=\"loading\">\u00cencarc&#8230;<\/span><\/div>\n<\/div>\n<\/div>\n<footer class=\"penci-entry-footer\">\n<div class=\"penci-source-via-tags-wrap\"><span class=\"tags-links penci-tags-links\"><a href=\"https:\/\/focustim.ro\/tag\/post\/\" rel=\"tag\">post<\/a><a href=\"https:\/\/focustim.ro\/tag\/vinerea-mare\/\" rel=\"tag\">vinerea mare<\/a><\/span><\/div>\n<p><span class=\"penci-social-buttons penci-social-share-footer\"><span class=\"penci-social-share-text\">Distribuie<\/span><a href=\"https:\/\/focustim.ro\/vinerea-mare-credinciosii-tin-post-negru-toata-ziua-putini-stiu-de-ce-exista-insa-aceasta-traditie\/\" class=\"penci-post-like penci_post-meta_item  single-like-button penci-social-item like\" data-post_id=\"39935\" title=\"Like\" data-like=\"Like\" data-unlike=\"Unlike\"><span class=\"penci-share-number\">0<\/span><\/a><\/span><\/footer>\n<\/article>\n<div class=\"penci-entry-content entry-content\">\n<p><strong>Vinerea Mare, cunoscut\u0103 \u0219i ca vinerea patimilor, reprezint\u0103 ultima zi din S\u0103pt\u0103m\u00e2na Mare. Credincio\u0219ii \u021bin post negru, f\u0103r\u0103 m\u00e2ncare \u0219i f\u0103r\u0103 ap\u0103. Biserica \u00eel recomand\u0103 numai celor care nu au probleme de s\u0103n\u0103tate.<\/strong><\/p>\n<p>\u00cen Sf\u00e2nta \u0219i Marea Vineri, numita \u00een popor \u0219i Vinerea Neagr\u0103 sau Vinerea Seac\u0103, mul\u021bi credincio\u0219i \u021bin post negru. Conform tradi\u021biei, cei far\u0103 sl\u0103biciuni trupe\u0219ti nu consuma niciun fel de m\u00e2ncare \u0219i nu beau ap\u0103 p\u00e2n\u0103 dup\u0103 Denia Prohodului.Preasfin\u021bitul Corneliu, Episcopul Husilor a explicat de ce se \u021bine post negru \u00een Sf\u00e2nta \u0219i Marea Vineri: A\u0219a cum a prezis M\u00e2ntuitorul c\u00e2nd au fost \u00eentreba\u021bi ucenicii Lui de ce ei nu postesc precum ucenicii Sfan\u021bului Ioan Botezatorul, El a spus c\u0103 v\u0103 veni o vreme c\u00e2nd Mirele se va lua de la ei \u0219i atunci vor posti \u0219i ei. Acum a venit clipa \u00een care Domnul a trebuit s\u0103 moar\u0103 pentru noi pe cruce, de aceea Biserica a r\u00e2nduit c\u0103 \u00een Vinerea Mare s\u0103 fie post negru; nu se m\u0103n\u00e2nc\u0103 de diminea\u021ba p\u00e2n\u0103 seara. Ba chiar de multe ori se c\u00e2nt\u0103 Prohodul Domnului pe nem\u00e2ncate . Postul negru nu este numai un gest de \u00eenfr\u00e2nare, ci trebuie s\u0103 fie \u0219i un prilej de cercetare duhovniceasc\u0103. Inalpreasfintitul Ioan Episcopul Covasnei \u0219i Harghitei a subliniat importan\u021ba postului \u00een urcu\u0219ul duhovnicesc: Rug\u0103ciunea cu foc \u0219i cu lacrimi nu se poate face dup\u0103 ce ai consumat multe alimente. \u00cenainte de a hr\u0103ni trupul, prioritate o are sufletul. Sufletul este sc\u00e2nteie dumnezeiasc\u0103 iar oasele acestea sunt f\u0103r\u0103ma din p\u0103m\u00e2nt. Ele se hr\u0103nesc din roua p\u0103m\u00e2ntului iar sufletul se hr\u0103ne\u0219te din roua cerului , informeaz\u0103 TRINITAS TV.<\/p>\n<div class=\"sharedaddy sd-sharing-enabled\">\n<div class=\"robots-nocontent sd-block sd-social sd-social-icon-text sd-sharing\">\n<h3 class=\"sd-title\">Partajeaz\u0103 asta:<\/h3>\n<div class=\"sd-content\">\n<ul>\n<li class=\"share-twitter\"><a rel=\"nofollow noopener noreferrer\" data-shared=\"sharing-twitter-39935\" class=\"share-twitter sd-button share-icon\" href=\"https:\/\/focustim.ro\/vinerea-mare-credinciosii-tin-post-negru-toata-ziua-putini-stiu-de-ce-exista-insa-aceasta-traditie\/?share=twitter\" target=\"_blank\" title=\"D\u0103 clic pentru a partaja pe Twitter\"><span>Twitter<\/span><\/a><\/li>\n<li class=\"share-facebook\"><a rel=\"nofollow noopener noreferrer\" data-shared=\"sharing-facebook-39935\" class=\"share-facebook sd-button share-icon\" href=\"https:\/\/focustim.ro\/vinerea-mare-credinciosii-tin-post-negru-toata-ziua-putini-stiu-de-ce-exista-insa-aceasta-traditie\/?share=facebook\" target=\"_blank\" title=\"D\u0103 clic pentru a partaja pe Facebook\"><span>Facebook<\/span><\/a><\/li>\n<li class=\"share-end\"><\/ul>\n<\/div>\n<\/div>\n<\/div>\n<div class=\"sharedaddy sd-block sd-like jetpack-likes-widget-wrapper jetpack-likes-widget-unloaded\" id=\"like-post-wrapper-167025405-39935-69d8cdcf45d28\" data-src=\"https:\/\/widgets.wp.com\/likes\/#blog_id=167025405&amp;post_id=39935&amp;origin=focustim.ro&amp;obj_id=167025405-39935-69d8cdcf45d28\" data-name=\"like-post-frame-167025405-39935-69d8cdcf45d28\" data-title=\"Apreciaz\u0103 sau republic\u0103\">\n<h3 class=\"sd-title\">Apreciaz\u0103:<\/h3>\n<div class=\"likes-widget-placeholder post-likes-widget-placeholder\"><span class=\"button\"><span>Apreciere<\/span><\/span><span class=\"loading\">\u00cencarc&#8230;<\/span><\/div>\n<\/div>\n<\/div>\n<p>[analyse_source url=&#8221;https:\/\/focustim.ro\/vinerea-mare-credinciosii-tin-post-negru-toata-ziua-putini-stiu-de-ce-exista-insa-aceasta-traditie\/&#8221;]<\/p>\n","protected":false},"excerpt":{"rendered":"<p>[analyse_image type=&#8221;featured&#8221; src=&#8221;https:\/\/focustim.ro\/wp-content\/uploads\/2026\/04\/post-negru.jpg&#8221;] ActualitateFeaturedSocial Vinerea Mare: Credincio\u0219ii \u021bin post negru toat\u0103 ziua. Pu\u021bini \u0219tiu de ce exist\u0103 \u00eens\u0103 aceast\u0103 tradi\u021bie 10\/04\/202610\/04\/20260 Distribuie0 Vinerea Mare, cunoscut\u0103 \u0219i ca vinerea patimilor, reprezint\u0103 ultima zi din S\u0103pt\u0103m\u00e2na Mare. Credincio\u0219ii \u021bin post negru, f\u0103r\u0103 m\u00e2ncare \u0219i f\u0103r\u0103 ap\u0103. Biserica \u00eel recomand\u0103 numai celor care nu au probleme de s\u0103n\u0103tate. [&hellip;]<\/p>\n","protected":false},"author":1,"featured_media":0,"comment_status":"open","ping_status":"","sticky":false,"template":"","format":"standard","meta":{"footnotes":""},"categories":[89],"tags":[226,197],"class_list":["post-1876067","post","type-post","status-publish","format-standard","hentry","category-romania","tag-crawlmanager","tag-focustim-ro"],"_links":{"self":[{"href":"https:\/\/analyse.optim.biz\/index.php?rest_route=\/wp\/v2\/posts\/1876067","targetHints":{"allow":["GET"]}}],"collection":[{"href":"https:\/\/analyse.optim.biz\/index.php?rest_route=\/wp\/v2\/posts"}],"about":[{"href":"https:\/\/analyse.optim.biz\/index.php?rest_route=\/wp\/v2\/types\/post"}],"author":[{"embeddable":true,"href":"https:\/\/analyse.optim.biz\/index.php?rest_route=\/wp\/v2\/users\/1"}],"replies":[{"embeddable":true,"href":"https:\/\/analyse.optim.biz\/index.php?rest_route=%2Fwp%2Fv2%2Fcomments&post=1876067"}],"version-history":[{"count":0,"href":"https:\/\/analyse.optim.biz\/index.php?rest_route=\/wp\/v2\/posts\/1876067\/revisions"}],"wp:attachment":[{"href":"https:\/\/analyse.optim.biz\/index.php?rest_route=%2Fwp%2Fv2%2Fmedia&parent=1876067"}],"wp:term":[{"taxonomy":"category","embeddable":true,"href":"https:\/\/analyse.optim.biz\/index.php?rest_route=%2Fwp%2Fv2%2Fcategories&post=1876067"},{"taxonomy":"post_tag","embeddable":true,"href":"https:\/\/analyse.optim.biz\/index.php?rest_route=%2Fwp%2Fv2%2Ftags&post=1876067"}],"curies":[{"name":"wp","href":"https:\/\/api.w.org\/{rel}","templated":true}]}}