{"id":1876049,"date":"2026-04-10T14:42:28","date_gmt":"2026-04-10T11:42:28","guid":{"rendered":"https:\/\/analyse.optim.biz\/?p=1876049"},"modified":"2026-04-10T14:42:28","modified_gmt":"2026-04-10T11:42:28","slug":"ioan-balan-preventia-trebuie-sa-devina-pilonul-principal-al-politicilor-de-sanatate-stiri-suceava","status":"publish","type":"post","link":"https:\/\/analyse.optim.biz\/?p=1876049","title":{"rendered":"Ioan Balan: Preven\u021bia trebuie s\u0103 devin\u0103 pilonul principal al politicilor de s\u0103n\u0103tate &#8211; Stiri Suceava"},"content":{"rendered":"<p>[analyse_image type=&#8221;featured&#8221; src=&#8221;https:\/\/www.informatiata.ro\/wp-content\/uploads\/2022\/10\/Ioan-Balan.jpg&#8221;]<\/p>\n<div class=\"td-post-content tagdiv-type\">\n<div class=\"td-post-featured-image\"><a href=\"https:\/\/www.informatiata.ro\/wp-content\/uploads\/2022\/10\/Ioan-Balan.jpg\" data-caption><img loading=\"lazy\" decoding=\"async\" width=\"696\" height=\"584\" class=\"entry-thumb td-modal-image\" src=\"https:\/\/www.informatiata.ro\/wp-content\/uploads\/2022\/10\/Ioan-Balan-696x584.jpg\" alt title=\"Ioan B\u0103lan\"><img loading=\"lazy\" decoding=\"async\" width=\"696\" height=\"584\" class=\"entry-thumb td-modal-image\" src=\"https:\/\/www.informatiata.ro\/wp-content\/uploads\/2022\/10\/Ioan-Balan-696x584.jpg\" alt title=\"Ioan B\u0103lan\"><\/a><\/div>\n<p>Deputatul PNL de Suceava, Ioan Balan, a f\u0103cut recent declara\u021bie politic\u0103 despre importan\u021ba preven\u021biei \u00een sistemul sanitar rom\u00e2nesc.<\/p>\n<p>Ioan Balan\u00a0 a declarat c\u0103 succesul pe termen lung al unei na\u021biuni depinde de capacitatea de a men\u021bine cet\u0103\u021benii s\u0103n\u0103to\u0219i \u00eenainte ca ace\u0219tia s\u0103 aib\u0103 nevoie de spitalizare.<\/p>\n<div class=\"td-a-rec td-a-rec-id-content_inlineright  tdi_6 td_block_template_1\"><img loading=\"lazy\" decoding=\"async\" class=\"aligncenter size-full wp-image-64555\" src=\"https:\/\/www.informatiata.ro\/wp-content\/uploads\/2026\/04\/SAVCOM-13.gif\" alt width=\"299\" height=\"250\"><img loading=\"lazy\" decoding=\"async\" class=\"aligncenter size-full wp-image-64555\" src=\"https:\/\/www.informatiata.ro\/wp-content\/uploads\/2026\/04\/SAVCOM-13.gif\" alt width=\"299\" height=\"250\"><img loading=\"lazy\" decoding=\"async\" class=\"aligncenter size-full wp-image-64556\" src=\"https:\/\/www.informatiata.ro\/wp-content\/uploads\/2026\/04\/FACOS-11.gif\" alt width=\"300\" height=\"250\"><img loading=\"lazy\" decoding=\"async\" class=\"aligncenter size-full wp-image-64556\" src=\"https:\/\/www.informatiata.ro\/wp-content\/uploads\/2026\/04\/FACOS-11.gif\" alt width=\"300\" height=\"250\"><\/div>\n<p>Ioan Balan a atras aten\u021bia asupra unei mentalit\u0103\u021bi \u00eenvechite conform c\u0103reia monitorizarea medical\u0103 ar fi necesar\u0103 doar dup\u0103 v\u00e2rsta pension\u0103rii.<\/p>\n<p>Acesta a vorbit despre afec\u021biuni grave considerate specifice v\u00e2rstei a treia care apar tot mai frecvent la tineri \u0219i adolescen\u021bi \u0219i a subliniat c\u0103 se impune o schimbare radical\u0103 de paradigm\u0103.<\/p>\n<p>Ioan Balan a precizat c\u0103 preven\u021bia trebuie s\u0103 devin\u0103 pilonul principal al politicilor de s\u0103n\u0103tate deoarece orice afec\u021biune descoperit\u0103 precoce cre\u0219te exponen\u021bial \u0219ansele de vindecare \u0219i elimin\u0103 suferin\u021ba pacientului \u0219i a familiei sale.<\/p>\n<p>Mai mult, deputatul PNL de Suceava a exicat c\u0103 Rom\u00e2nia are \u00een prezent toate atuurile necesare pentru a implementa un sistem de preven\u021bie eficient: tehnologii moderne de screening, medici de elit\u0103 recunoscu\u021bi la nivel european \u0219i acces la fonduri europene nerambursabile destinate monitoriz\u0103rii st\u0103rii de s\u0103n\u0103tate.<\/p>\n<p>\u201ePrimul obicei care trebuie abandonat este acela: \u00absunt t\u00e2n\u0103r \u0219i \u00een putere, deci nu mi se poate \u00eent\u00e2mpla nimic\u00bb. Solu\u021bii exist\u0103, mai trebuie \u00eens\u0103 s\u0103 avem \u0219i politici publice de calitate care s\u0103 pun\u0103 mai mult pre\u021b pe men\u021binerea cet\u0103\u021benilor rom\u00e2ni \u00eentr-o stare de s\u0103n\u0103tate c\u00e2t mai bun\u0103\u201d, a concluzionat Ioan Balan.<\/p>\n<div class=\"td-a-rec td-a-rec-id-content_bottom  tdi_7 td_block_template_1\"><img loading=\"lazy\" decoding=\"async\" class=\"aligncenter size-large wp-image-64642\" src=\"https:\/\/www.informatiata.ro\/wp-content\/uploads\/2026\/04\/felicitare-bun-Dzimi-1024x612.jpg\" alt width=\"696\" height=\"416\"><img loading=\"lazy\" decoding=\"async\" class=\"aligncenter size-large wp-image-64642\" src=\"https:\/\/www.informatiata.ro\/wp-content\/uploads\/2026\/04\/felicitare-bun-Dzimi-1024x612.jpg\" alt width=\"696\" height=\"416\"><img loading=\"lazy\" decoding=\"async\" class=\"aligncenter size-large wp-image-64641\" src=\"https:\/\/www.informatiata.ro\/wp-content\/uploads\/2026\/04\/felicitare-bun-balan-1024x765.jpg\" alt width=\"696\" height=\"520\"><img loading=\"lazy\" decoding=\"async\" class=\"aligncenter size-large wp-image-64641\" src=\"https:\/\/www.informatiata.ro\/wp-content\/uploads\/2026\/04\/felicitare-bun-balan-1024x765.jpg\" alt width=\"696\" height=\"520\"><img loading=\"lazy\" decoding=\"async\" class=\"aligncenter size-large wp-image-64643\" src=\"https:\/\/www.informatiata.ro\/wp-content\/uploads\/2026\/04\/felicitare-bun-boliacu-1024x1024.jpg\" alt width=\"696\" height=\"696\"><img loading=\"lazy\" decoding=\"async\" class=\"aligncenter size-large wp-image-64643\" src=\"https:\/\/www.informatiata.ro\/wp-content\/uploads\/2026\/04\/felicitare-bun-boliacu-1024x1024.jpg\" alt width=\"696\" height=\"696\"><\/div>\n<\/div>\n<p>[analyse_source url=&#8221;https:\/\/www.informatiata.ro\/balan-preventia-prioritara-politici-sanatate\/&#8221;]<\/p>\n","protected":false},"excerpt":{"rendered":"<p>[analyse_image type=&#8221;featured&#8221; src=&#8221;https:\/\/www.informatiata.ro\/wp-content\/uploads\/2022\/10\/Ioan-Balan.jpg&#8221;] Deputatul PNL de Suceava, Ioan Balan, a f\u0103cut recent declara\u021bie politic\u0103 despre importan\u021ba preven\u021biei \u00een sistemul sanitar rom\u00e2nesc. Ioan Balan\u00a0 a declarat c\u0103 succesul pe termen lung al unei na\u021biuni depinde de capacitatea de a men\u021bine cet\u0103\u021benii s\u0103n\u0103to\u0219i \u00eenainte ca ace\u0219tia s\u0103 aib\u0103 nevoie de spitalizare. Ioan Balan a atras aten\u021bia asupra [&hellip;]<\/p>\n","protected":false},"author":1,"featured_media":0,"comment_status":"open","ping_status":"","sticky":false,"template":"","format":"standard","meta":{"footnotes":""},"categories":[89],"tags":[226,167],"class_list":["post-1876049","post","type-post","status-publish","format-standard","hentry","category-romania","tag-crawlmanager","tag-informatiata-ro"],"_links":{"self":[{"href":"https:\/\/analyse.optim.biz\/index.php?rest_route=\/wp\/v2\/posts\/1876049","targetHints":{"allow":["GET"]}}],"collection":[{"href":"https:\/\/analyse.optim.biz\/index.php?rest_route=\/wp\/v2\/posts"}],"about":[{"href":"https:\/\/analyse.optim.biz\/index.php?rest_route=\/wp\/v2\/types\/post"}],"author":[{"embeddable":true,"href":"https:\/\/analyse.optim.biz\/index.php?rest_route=\/wp\/v2\/users\/1"}],"replies":[{"embeddable":true,"href":"https:\/\/analyse.optim.biz\/index.php?rest_route=%2Fwp%2Fv2%2Fcomments&post=1876049"}],"version-history":[{"count":0,"href":"https:\/\/analyse.optim.biz\/index.php?rest_route=\/wp\/v2\/posts\/1876049\/revisions"}],"wp:attachment":[{"href":"https:\/\/analyse.optim.biz\/index.php?rest_route=%2Fwp%2Fv2%2Fmedia&parent=1876049"}],"wp:term":[{"taxonomy":"category","embeddable":true,"href":"https:\/\/analyse.optim.biz\/index.php?rest_route=%2Fwp%2Fv2%2Fcategories&post=1876049"},{"taxonomy":"post_tag","embeddable":true,"href":"https:\/\/analyse.optim.biz\/index.php?rest_route=%2Fwp%2Fv2%2Ftags&post=1876049"}],"curies":[{"name":"wp","href":"https:\/\/api.w.org\/{rel}","templated":true}]}}