{"id":1876009,"date":"2026-04-03T10:44:29","date_gmt":"2026-04-03T07:44:29","guid":{"rendered":"https:\/\/analyse.optim.biz\/?p=1876009"},"modified":"2026-04-03T10:44:29","modified_gmt":"2026-04-03T07:44:29","slug":"planuri-de-colaborare-intre-buzau-si-vrancea","status":"publish","type":"post","link":"https:\/\/analyse.optim.biz\/?p=1876009","title":{"rendered":"PLANURI DE COLABORARE \u00ceNTRE BUZ\u0102U \u0218I VRANCEA"},"content":{"rendered":"<p>[analyse_image type=&#8221;featured&#8221; src=&#8221;https:\/\/newss.ro\/wp-content\/uploads\/2026\/04\/intalnire-1.jpg&#8221;]<\/p>\n<div class=\"td-post-content\">\n<div class=\"td-post-featured-image\"><a href=\"https:\/\/newss.ro\/wp-content\/uploads\/2026\/04\/intalnire-1.jpg\" data-caption><img loading=\"lazy\" decoding=\"async\" width=\"696\" height=\"524\" class=\"entry-thumb td-modal-image\" src=\"https:\/\/newss.ro\/wp-content\/uploads\/2026\/04\/intalnire-1-696x524.jpg\" alt title=\"intalnire 1\"><\/a><\/div>\n<p>Jude\u021bele Buz\u0103u \u0219i Vrancea pun bazele unei colabor\u0103ri mult mai eficiente pe viitor. Pre\u0219edintele Consiliului Jude\u021bean Buz\u0103u, Marcel Ciolacu \u0219i pre\u0219edintele Consiliului Jude\u021bean Vrancea, Nicu\u0219or Halici, s-au \u00eent\u00e2lnit la Buz\u0103u pentru a discuta despre proiecte comune care pot duce la dezvoltarea celor dou\u0103 jude\u021be.<\/p>\n<p>Un punct important pe agenda \u00eent\u00e2lnirii a fost valorificarea poten\u021bialului comun \u00een domenii precum turismul \u0219i dezvoltarea economic\u0103. De asemenea, cei doi au discutat \u0219i despre interconectarea infrastructurii din Buz\u0103u \u0219i Vrancea, at\u00e2t prin dezvoltarea \u00een jurul Autostr\u0103zii A7, c\u00e2t \u0219i prin alte proiecte.<\/p>\n<p>Marcel Ciolacu \u0219i Nicu\u0219or Halici au mai discutat \u0219i despre importan\u021ba magistralei de gaze Ghergheasa \u2013 Foc\u0219ani, un proiect important pentru dezvoltarea economic\u0103 regional\u0103, care poate ajuta la atragerea de investi\u021bii \u00een \u00eentreaga regiune.<\/p>\n<\/div>\n<div class=\"td-post-content\">\n<div class=\"td-post-featured-image\"><a href=\"https:\/\/newss.ro\/wp-content\/uploads\/2026\/04\/intalnire-1.jpg\" data-caption><img loading=\"lazy\" decoding=\"async\" width=\"696\" height=\"524\" class=\"entry-thumb td-modal-image\" src=\"https:\/\/newss.ro\/wp-content\/uploads\/2026\/04\/intalnire-1-696x524.jpg\" alt title=\"intalnire 1\"><\/a><\/div>\n<p>Jude\u021bele Buz\u0103u \u0219i Vrancea pun bazele unei colabor\u0103ri mult mai eficiente pe viitor. Pre\u0219edintele Consiliului Jude\u021bean Buz\u0103u, Marcel Ciolacu \u0219i pre\u0219edintele Consiliului Jude\u021bean Vrancea, Nicu\u0219or Halici, s-au \u00eent\u00e2lnit la Buz\u0103u pentru a discuta despre proiecte comune care pot duce la dezvoltarea celor dou\u0103 jude\u021be.<\/p>\n<p>Un punct important pe agenda \u00eent\u00e2lnirii a fost valorificarea poten\u021bialului comun \u00een domenii precum turismul \u0219i dezvoltarea economic\u0103. De asemenea, cei doi au discutat \u0219i despre interconectarea infrastructurii din Buz\u0103u \u0219i Vrancea, at\u00e2t prin dezvoltarea \u00een jurul Autostr\u0103zii A7, c\u00e2t \u0219i prin alte proiecte.<\/p>\n<p>Marcel Ciolacu \u0219i Nicu\u0219or Halici au mai discutat \u0219i despre importan\u021ba magistralei de gaze Ghergheasa \u2013 Foc\u0219ani, un proiect important pentru dezvoltarea economic\u0103 regional\u0103, care poate ajuta la atragerea de investi\u021bii \u00een \u00eentreaga regiune.<\/p>\n<\/div>\n<p>[analyse_source url=&#8221;https:\/\/newss.ro\/2026\/04\/03\/planuri-de-colaborare-intre-buzau-si-vrancea\/&#8221;]<\/p>\n","protected":false},"excerpt":{"rendered":"<p>[analyse_image type=&#8221;featured&#8221; src=&#8221;https:\/\/newss.ro\/wp-content\/uploads\/2026\/04\/intalnire-1.jpg&#8221;] Jude\u021bele Buz\u0103u \u0219i Vrancea pun bazele unei colabor\u0103ri mult mai eficiente pe viitor. Pre\u0219edintele Consiliului Jude\u021bean Buz\u0103u, Marcel Ciolacu \u0219i pre\u0219edintele Consiliului Jude\u021bean Vrancea, Nicu\u0219or Halici, s-au \u00eent\u00e2lnit la Buz\u0103u pentru a discuta despre proiecte comune care pot duce la dezvoltarea celor dou\u0103 jude\u021be. Un punct important pe agenda \u00eent\u00e2lnirii a fost [&hellip;]<\/p>\n","protected":false},"author":1,"featured_media":0,"comment_status":"open","ping_status":"","sticky":false,"template":"","format":"standard","meta":{"footnotes":""},"categories":[2],"tags":[226,73],"class_list":["post-1876009","post","type-post","status-publish","format-standard","hentry","category-politics","tag-crawlmanager","tag-newss-ro"],"_links":{"self":[{"href":"https:\/\/analyse.optim.biz\/index.php?rest_route=\/wp\/v2\/posts\/1876009","targetHints":{"allow":["GET"]}}],"collection":[{"href":"https:\/\/analyse.optim.biz\/index.php?rest_route=\/wp\/v2\/posts"}],"about":[{"href":"https:\/\/analyse.optim.biz\/index.php?rest_route=\/wp\/v2\/types\/post"}],"author":[{"embeddable":true,"href":"https:\/\/analyse.optim.biz\/index.php?rest_route=\/wp\/v2\/users\/1"}],"replies":[{"embeddable":true,"href":"https:\/\/analyse.optim.biz\/index.php?rest_route=%2Fwp%2Fv2%2Fcomments&post=1876009"}],"version-history":[{"count":0,"href":"https:\/\/analyse.optim.biz\/index.php?rest_route=\/wp\/v2\/posts\/1876009\/revisions"}],"wp:attachment":[{"href":"https:\/\/analyse.optim.biz\/index.php?rest_route=%2Fwp%2Fv2%2Fmedia&parent=1876009"}],"wp:term":[{"taxonomy":"category","embeddable":true,"href":"https:\/\/analyse.optim.biz\/index.php?rest_route=%2Fwp%2Fv2%2Fcategories&post=1876009"},{"taxonomy":"post_tag","embeddable":true,"href":"https:\/\/analyse.optim.biz\/index.php?rest_route=%2Fwp%2Fv2%2Ftags&post=1876009"}],"curies":[{"name":"wp","href":"https:\/\/api.w.org\/{rel}","templated":true}]}}