{"id":187596,"date":"2015-01-27T08:36:43","date_gmt":"2015-01-27T05:36:43","guid":{"rendered":"https:\/\/analyse.optim.biz\/?p=187596"},"modified":"2015-01-27T08:36:43","modified_gmt":"2015-01-27T05:36:43","slug":"14-alesi-locali-declarati-incompatibili-de-ani","status":"publish","type":"post","link":"https:\/\/analyse.optim.biz\/?p=187596","title":{"rendered":"14 ale\u0219i locali, declara\u021bi incompatibili de ANI"},"content":{"rendered":"<div class=\"entry data-app-meta data-app-meta-article\" data-embed-base-url-canonical=\"https:\/\/www.digi24.ro\/embed\/stiri\/actualitate\/politica\/14-alesi-locali-declarati-incompatibili-de-ani-352002\">\n<h2 id=\"highlight-352002-1\"><span>Agen\u0163ia Na\u0163ional\u0103 de Integritate continu\u0103 r\u0103zboiul cu ale\u015fii locali. 14 dintre ace\u0219tia au fost declara\u0163i incompatibili de ANI. Printre ei, un viceprimar din jude\u0163ul Bihor.<\/span><\/h2>\n<p data-index=\"1\">Sebastian Tocai este viceprimar al comunei S\u00e2ntandrei, iar inspectorii ANI spun despre el c\u0103 s-ar fi aflat \u00een stare de incompatibilitate \u00een perioada iunie 2012 &#8211; mai 2014.<\/p>\n<p data-index=\"2\">\u00cen tot acest timp, el ar fi ocupat simultan func\u0163iile de viceprimar \u015fi cea de administrator la dou\u0103 societ\u0103\u0163i comerciale, chiar dac\u0103 legea nu \u00eei permite.<\/p>\n<p data-index=\"3\">Agen\u021bia Na\u021bional\u0103 de Integritate a constatat existen\u021ba st\u0103rii de incompatibilitate \u00een cazul a 14 ale\u0219i locali din toat\u0103 \u0163ara: cinci primari, doi viceprimari, un consilier jude\u021bean, patru consilieri locali \u0219i doi fo\u0219ti consilieri locali.\u00a0<\/p>\n<\/div>\n<p> Source URL: https:\/\/www.digi24.ro\/stiri\/actualitate\/politica\/14-alesi-locali-declarati-incompatibili-de-ani-352002<\/p>\n","protected":false},"excerpt":{"rendered":"<p>Agen\u0163ia Na\u0163ional\u0103 de Integritate continu\u0103 r\u0103zboiul cu ale\u015fii locali. 14 dintre ace\u0219tia au fost declara\u0163i incompatibili de ANI. Printre ei, un viceprimar din jude\u0163ul Bihor. Sebastian Tocai este viceprimar al comunei S\u00e2ntandrei, iar inspectorii ANI spun despre el c\u0103 s-ar fi aflat \u00een stare de incompatibilitate \u00een perioada iunie 2012 &#8211; mai 2014. \u00cen tot [&hellip;]<\/p>\n","protected":false},"author":1,"featured_media":187597,"comment_status":"open","ping_status":"","sticky":false,"template":"","format":"standard","meta":{"footnotes":""},"categories":[2],"tags":[11],"class_list":["post-187596","post","type-post","status-publish","format-standard","has-post-thumbnail","hentry","category-politics","tag-digi24"],"_links":{"self":[{"href":"https:\/\/analyse.optim.biz\/index.php?rest_route=\/wp\/v2\/posts\/187596","targetHints":{"allow":["GET"]}}],"collection":[{"href":"https:\/\/analyse.optim.biz\/index.php?rest_route=\/wp\/v2\/posts"}],"about":[{"href":"https:\/\/analyse.optim.biz\/index.php?rest_route=\/wp\/v2\/types\/post"}],"author":[{"embeddable":true,"href":"https:\/\/analyse.optim.biz\/index.php?rest_route=\/wp\/v2\/users\/1"}],"replies":[{"embeddable":true,"href":"https:\/\/analyse.optim.biz\/index.php?rest_route=%2Fwp%2Fv2%2Fcomments&post=187596"}],"version-history":[{"count":0,"href":"https:\/\/analyse.optim.biz\/index.php?rest_route=\/wp\/v2\/posts\/187596\/revisions"}],"wp:featuredmedia":[{"embeddable":true,"href":"https:\/\/analyse.optim.biz\/index.php?rest_route=\/wp\/v2\/media\/187597"}],"wp:attachment":[{"href":"https:\/\/analyse.optim.biz\/index.php?rest_route=%2Fwp%2Fv2%2Fmedia&parent=187596"}],"wp:term":[{"taxonomy":"category","embeddable":true,"href":"https:\/\/analyse.optim.biz\/index.php?rest_route=%2Fwp%2Fv2%2Fcategories&post=187596"},{"taxonomy":"post_tag","embeddable":true,"href":"https:\/\/analyse.optim.biz\/index.php?rest_route=%2Fwp%2Fv2%2Ftags&post=187596"}],"curies":[{"name":"wp","href":"https:\/\/api.w.org\/{rel}","templated":true}]}}