{"id":187593,"date":"2015-01-27T12:02:48","date_gmt":"2015-01-27T09:02:48","guid":{"rendered":"https:\/\/analyse.optim.biz\/?p=187593"},"modified":"2015-01-27T12:02:48","modified_gmt":"2015-01-27T09:02:48","slug":"klaus-iohannis-amintirea-victimelor-holocaustului-un-avertisment-dureros-al-istoriei","status":"publish","type":"post","link":"https:\/\/analyse.optim.biz\/?p=187593","title":{"rendered":"Klaus Iohannis: Amintirea victimelor Holocaustului, un avertisment dureros al istoriei"},"content":{"rendered":"<div class=\"entry data-app-meta data-app-meta-article\" data-embed-base-url-canonical=\"https:\/\/www.digi24.ro\/embed\/stiri\/actualitate\/politica\/klaus-iohannis-amintirea-victimelor-holocaustului-un-avertisment-dureros-al-istoriei-352103\">\n<p data-index=\"1\"><img decoding=\"async\" src=\"https:\/\/analyse.optim.biz\/wp-content\/uploads\/2024\/09\/zyz3ptgwmczoyxnopte4zjjknjhiodc2nzlmntewndriyty3nwe5mtg0mjfh-thumb_.jpg\" data-skip-htmlfix=\"1\" title=\"zyz3ptgwmczoyxnopte4zjjknjhiodc2nzlmntewndriyty3nwe5mtg0mjfh-thumb_\"><\/p>\n<p data-index=\"2\"><span>\u201e<strong>Ast\u0103zi se \u00eemplinesc 70 de ani de la eliberarea de\u021binu\u021bilor din lag\u0103rul de exterminare de la Auschwitz.<\/strong> Am acordat Ordinul Na\u021bional &#8220;Serviciul Credincios&#8221; \u00een grad de Cavaler c\u00e2torva dintre supravie\u021buitorii rom\u00e2ni. Prin ceremonia de decorare de ast\u0103zi, care va avea loc la Palatul Cotroceni, aduc un omagiu plin de respect tuturor victimelor Holocaustului din al Doilea R\u0103zboi Mondial. Amintirea lor r\u0103m\u00e2ne cu noi ca un avertisment dureros al istoriei&#8221;, a scris Klaus Iohannis, mar\u021bi, pe Facebook.<\/span><\/p>\n<p data-index=\"3\"><strong>Ceremonia de decorare a unor supravie\u021buitori ai Holocaustului va avea loc mar\u021bi, la ora 16,00, la Palatul Cotroceni.<\/strong><\/p>\n<p data-index=\"4\"><strong>\u0218eful statului a semnat vineri un decret de decorare a unor supravie\u021buitori ai Holocaustului, noteaz\u0103 Agerpres.<\/strong>\u00a0Astfel, potrivit Administra\u021biei Preziden\u021biale, &#8220;\u00een semn de profund respect pentru suferin\u021bele \u00eendurate \u00een timpul celui de-al Doilea R\u0103zboi Mondial \u00een lag\u0103rele de concentrare de la Auschwitz-Birkenau, dorind a p\u0103stra vie memoria Holocaustului \u2014 o tragedie pe care omenirea nu trebuie s\u0103 o mai cunoasc\u0103&#8221;, \u0219eful statului a conferit Ordinul Na\u021bional &#8220;Serviciul Credincios&#8221; \u00een grad de Cavaler pentru Elizabeta Asztalos, Gabriela Bone, Viora Braun, Susana Diamantstein, Marta Marmor, Vasile Szekely \u0219i Etelca Tusa.<\/p>\n<p data-index=\"5\"><strong>Decorarea a fost f\u0103cut\u0103 la propunerea consilierului preziden\u021bial Andrei Muraru.<\/strong><\/p>\n<\/div>\n<p> Source URL: https:\/\/www.digi24.ro\/stiri\/actualitate\/politica\/klaus-iohannis-amintirea-victimelor-holocaustului-un-avertisment-dureros-al-istoriei-352103<\/p>\n","protected":false},"excerpt":{"rendered":"<p>\u201eAst\u0103zi se \u00eemplinesc 70 de ani de la eliberarea de\u021binu\u021bilor din lag\u0103rul de exterminare de la Auschwitz. Am acordat Ordinul Na\u021bional &#8220;Serviciul Credincios&#8221; \u00een grad de Cavaler c\u00e2torva dintre supravie\u021buitorii rom\u00e2ni. Prin ceremonia de decorare de ast\u0103zi, care va avea loc la Palatul Cotroceni, aduc un omagiu plin de respect tuturor victimelor Holocaustului din al [&hellip;]<\/p>\n","protected":false},"author":1,"featured_media":187594,"comment_status":"open","ping_status":"","sticky":false,"template":"","format":"standard","meta":{"footnotes":""},"categories":[2],"tags":[11],"class_list":["post-187593","post","type-post","status-publish","format-standard","has-post-thumbnail","hentry","category-politics","tag-digi24"],"_links":{"self":[{"href":"https:\/\/analyse.optim.biz\/index.php?rest_route=\/wp\/v2\/posts\/187593","targetHints":{"allow":["GET"]}}],"collection":[{"href":"https:\/\/analyse.optim.biz\/index.php?rest_route=\/wp\/v2\/posts"}],"about":[{"href":"https:\/\/analyse.optim.biz\/index.php?rest_route=\/wp\/v2\/types\/post"}],"author":[{"embeddable":true,"href":"https:\/\/analyse.optim.biz\/index.php?rest_route=\/wp\/v2\/users\/1"}],"replies":[{"embeddable":true,"href":"https:\/\/analyse.optim.biz\/index.php?rest_route=%2Fwp%2Fv2%2Fcomments&post=187593"}],"version-history":[{"count":0,"href":"https:\/\/analyse.optim.biz\/index.php?rest_route=\/wp\/v2\/posts\/187593\/revisions"}],"wp:featuredmedia":[{"embeddable":true,"href":"https:\/\/analyse.optim.biz\/index.php?rest_route=\/wp\/v2\/media\/187594"}],"wp:attachment":[{"href":"https:\/\/analyse.optim.biz\/index.php?rest_route=%2Fwp%2Fv2%2Fmedia&parent=187593"}],"wp:term":[{"taxonomy":"category","embeddable":true,"href":"https:\/\/analyse.optim.biz\/index.php?rest_route=%2Fwp%2Fv2%2Fcategories&post=187593"},{"taxonomy":"post_tag","embeddable":true,"href":"https:\/\/analyse.optim.biz\/index.php?rest_route=%2Fwp%2Fv2%2Ftags&post=187593"}],"curies":[{"name":"wp","href":"https:\/\/api.w.org\/{rel}","templated":true}]}}