{"id":187582,"date":"2015-01-27T16:16:05","date_gmt":"2015-01-27T13:16:05","guid":{"rendered":"https:\/\/analyse.optim.biz\/?p=187582"},"modified":"2015-01-27T16:16:05","modified_gmt":"2015-01-27T13:16:05","slug":"victor-ponta-avertizeaza-nu-e-bine-ca-sri-sa-revina-sub-control-politic","status":"publish","type":"post","link":"https:\/\/analyse.optim.biz\/?p=187582","title":{"rendered":"Victor Ponta avertizeaz\u0103: Nu e bine ca SRI s\u0103 revin\u0103 sub control politic!"},"content":{"rendered":"<div class=\"entry data-app-meta data-app-meta-article\" data-embed-base-url-canonical=\"https:\/\/www.digi24.ro\/embed\/stiri\/actualitate\/politica\/victor-ponta-avertizeaza-nu-e-bine-ca-sri-sa-revina-sub-control-politic-352298\">\n<p data-index=\"1\">\u201e<span lang=\"en-US\">Toat\u0103 aprecierea pentru reforma adev\u0103rat\u0103 din ultimii 8 ani realizat\u0103 de George Maior la SRI! Nu e bine ca SRI s\u0103 revin\u0103 sub control politic!\u201d, a scris premierul Victor Ponta.<\/span><\/p>\n<p data-index=\"2\"><span lang=\"en-US\"><a href=\"https:\/\/www.digi24.ro\/Stiri\/Digi24\/Actualitate\/Stiri\/George+Maior+si-a+dat+demisia\" target=\"_blank\" data-skip-linkfix=\"1\" rel=\"noopener\">George Maior \u0219i-a dat demisia<\/a><\/span><\/p>\n<p data-index=\"3\">\u0218eful Serviciului Rom\u00e2n de Informa\u021bii, George Maior, \u0219i-a dat demisia. Pre\u0219edintele Klaus Iohannis a acceptat demisia \u0219efului SRI.\u00a0<\/p>\n<p data-index=\"4\"><a href=\"https:\/\/www.digi24.ro\/Stiri\/Digi24\/Actualitate\/Stiri\/Recent+reconfirmat+la+sefia+SRI+George+Maior+critica+CCR+pentru+\" target=\"_blank\" data-skip-linkfix=\"1\" rel=\"noopener\"><span>Reamintim c\u0103 George Maior a criticat decizia Cur\u0163ii Constitu\u0163ionale de a respinge a\u015fa-numitele legi Big Brother \u015fi a transmis un avertisment: dac\u0103 se va \u00eent\u00e2mpla o catastrof\u0103, va \u015fti cine se face vinovat.<\/span><\/a><\/p>\n<p data-index=\"5\"><strong>\u015eeful SRI spune c\u0103 sunt esen\u0163iale pentru siguran\u0163a cet\u0103\u0163enilor Rom\u00e2niei, iar supranumirea lor drept \u201elegi Big Brother\u201d este gre\u015fit\u0103, pentru c\u0103 toate au fost elaborate \u00een a\u015fa fel \u00eenc\u00e2t s\u0103 respecte drepturile \u015fi libert\u0103\u0163ile omului.<\/strong><\/p>\n<p data-index=\"6\"><span lang=\"en-US\"><br \/><\/span><\/p>\n<p class=\"gdpr-placeholder gdpr-social-media \" data-index=\"7\"> Setarile tale privind cookie-urile nu permit afisarea continutul din aceasta sectiune. Poti actualiza setarile modulelor coookie direct din browser sau de <a class=\"ot-sdk-show-settings\" data-skip-linkfix=\"1\">aici<\/a> \u2013 e nevoie sa accepti cookie-urile social media<\/p>\n<p class=\"gdpr-placeholder gdpr-social-media \" data-index=\"8\"> Setarile tale privind cookie-urile nu permit afisarea continutul din aceasta sectiune. Poti actualiza setarile modulelor coookie direct din browser sau de <a class=\"ot-sdk-show-settings\" data-skip-linkfix=\"1\">aici<\/a> \u2013 e nevoie sa accepti cookie-urile social media<\/p>\n<\/div>\n<p> Source URL: https:\/\/www.digi24.ro\/stiri\/actualitate\/politica\/victor-ponta-avertizeaza-nu-e-bine-ca-sri-sa-revina-sub-control-politic-352298<\/p>\n","protected":false},"excerpt":{"rendered":"<p>\u201eToat\u0103 aprecierea pentru reforma adev\u0103rat\u0103 din ultimii 8 ani realizat\u0103 de George Maior la SRI! Nu e bine ca SRI s\u0103 revin\u0103 sub control politic!\u201d, a scris premierul Victor Ponta. George Maior \u0219i-a dat demisia \u0218eful Serviciului Rom\u00e2n de Informa\u021bii, George Maior, \u0219i-a dat demisia. Pre\u0219edintele Klaus Iohannis a acceptat demisia \u0219efului SRI.\u00a0 Reamintim c\u0103 [&hellip;]<\/p>\n","protected":false},"author":1,"featured_media":187583,"comment_status":"open","ping_status":"","sticky":false,"template":"","format":"standard","meta":{"footnotes":""},"categories":[2],"tags":[11],"class_list":["post-187582","post","type-post","status-publish","format-standard","has-post-thumbnail","hentry","category-politics","tag-digi24"],"_links":{"self":[{"href":"https:\/\/analyse.optim.biz\/index.php?rest_route=\/wp\/v2\/posts\/187582","targetHints":{"allow":["GET"]}}],"collection":[{"href":"https:\/\/analyse.optim.biz\/index.php?rest_route=\/wp\/v2\/posts"}],"about":[{"href":"https:\/\/analyse.optim.biz\/index.php?rest_route=\/wp\/v2\/types\/post"}],"author":[{"embeddable":true,"href":"https:\/\/analyse.optim.biz\/index.php?rest_route=\/wp\/v2\/users\/1"}],"replies":[{"embeddable":true,"href":"https:\/\/analyse.optim.biz\/index.php?rest_route=%2Fwp%2Fv2%2Fcomments&post=187582"}],"version-history":[{"count":0,"href":"https:\/\/analyse.optim.biz\/index.php?rest_route=\/wp\/v2\/posts\/187582\/revisions"}],"wp:featuredmedia":[{"embeddable":true,"href":"https:\/\/analyse.optim.biz\/index.php?rest_route=\/wp\/v2\/media\/187583"}],"wp:attachment":[{"href":"https:\/\/analyse.optim.biz\/index.php?rest_route=%2Fwp%2Fv2%2Fmedia&parent=187582"}],"wp:term":[{"taxonomy":"category","embeddable":true,"href":"https:\/\/analyse.optim.biz\/index.php?rest_route=%2Fwp%2Fv2%2Fcategories&post=187582"},{"taxonomy":"post_tag","embeddable":true,"href":"https:\/\/analyse.optim.biz\/index.php?rest_route=%2Fwp%2Fv2%2Ftags&post=187582"}],"curies":[{"name":"wp","href":"https:\/\/api.w.org\/{rel}","templated":true}]}}