{"id":1875780,"date":"2026-04-10T08:14:03","date_gmt":"2026-04-10T05:14:03","guid":{"rendered":"https:\/\/analyse.optim.biz\/?p=1875780"},"modified":"2026-04-10T08:14:03","modified_gmt":"2026-04-10T05:14:03","slug":"motor-de-barca-in-valoare-de-25-000-lei-cautat-de-autoritatile-din-norvegia-descoperit-la-tulcea","status":"publish","type":"post","link":"https:\/\/analyse.optim.biz\/?p=1875780","title":{"rendered":"Motor de barc\u0103 \u00een valoare de 25.000 lei c\u0103utat de autorit\u0103\u021bile din Norvegia descoperit la Tulcea"},"content":{"rendered":"<p>[analyse_image type=&#8221;featured&#8221; src=&#8221;https:\/\/dobrogeanews.b-cdn.net\/wp-content\/uploads\/2026\/04\/Tulcea-Motor-de-barca-furat-din-Norvegia-02.jpg&#8221;]<\/p>\n<div id=\"post-69811\" class=\"entry single-default post-69811 post type-post status-publish format-standard has-post-thumbnail hentry category-info\">\n<div>\n<div class=\"ss-follow-wrapper ss-clearfix ss-regular-buttons ss-columns-1 ss-default-style\">\n<div class=\"ss-follow-column\" data-ss-sf-network-id='\"facebook\"'><a href=\"https:\/\/www.facebook.com\/dobrogeanews\" class=\"ss-follow-network ss-facebook-color\" rel=\"nofollow noopener\" aria-label=\"facebook\" target=\"_blank\"><span class=\"ss-follow-network-label\">Urm\u0103re\u015fte-ne \u015fi pe Facebook!<\/span><span class=\"ss-follow-network-count\"><span class=\"ss-follow-network-count-number\">57K<\/span><span class=\"ss-follow-network-count-label\">Followers<\/span><\/span><\/a><\/div>\n<\/div>\n<\/div>\n<p>Poli\u021bi\u0219tii de frontier\u0103 din cadrul Serviciului Teritorial al Poli\u021biei de Frontier\u0103 Tulcea \u015fi Sectorului Poli\u021biei de Frontier\u0103 Tulcea, \u00een cooperare cu doi ofi\u021beri Europol, au descoperit, \u00een urma unei ac\u021biuni desf\u0103\u0219urate \u00een zona de competen\u021b\u0103, un motor de ambarca\u021biune semnalat ca fiind bun c\u0103utat \u00een vederea confisc\u0103rii.<\/p>\n<figure class=\"wp-block-image size-full is-resized\">\n<source type=\"image\/webp\" data-lazy-srcset=\"https:\/\/dobrogeanews.b-cdn.net\/wp-content\/uploads\/2026\/04\/Tulcea-Motor-de-barca-furat-din-Norvegia.jpg.webp 2560w, https:\/\/dobrogeanews.b-cdn.net\/wp-content\/uploads\/2026\/04\/Tulcea-Motor-de-barca-furat-din-Norvegia-300x211.jpg.webp 300w, https:\/\/dobrogeanews.b-cdn.net\/wp-content\/uploads\/2026\/04\/Tulcea-Motor-de-barca-furat-din-Norvegia-1024x719.jpg.webp 1024w, https:\/\/dobrogeanews.b-cdn.net\/wp-content\/uploads\/2026\/04\/Tulcea-Motor-de-barca-furat-din-Norvegia-768x539.jpg.webp 768w, https:\/\/dobrogeanews.b-cdn.net\/wp-content\/uploads\/2026\/04\/Tulcea-Motor-de-barca-furat-din-Norvegia-1536x1078.jpg.webp 1536w, https:\/\/dobrogeanews.b-cdn.net\/wp-content\/uploads\/2026\/04\/Tulcea-Motor-de-barca-furat-din-Norvegia-2048x1438.jpg.webp 2048w\" sizes=\"(max-width: 640px) 100vw, 640px\" \/><br \/>\n<img loading=\"lazy\" decoding=\"async\" src=\"https:\/\/dobrogeanews.b-cdn.net\/wp-content\/uploads\/2026\/04\/Tulcea-Motor-de-barca-furat-din-Norvegia.jpg\" alt=\"Tulcea Motor de barc\u0103 furat din Norvegia\" width=\"640\" height=\"449\"><\/figure>\n<p>\u00cen data de 09.04.2026, poli\u021bi\u0219tii de frontier\u0103 din cadrul Serviciului Teritorial al Poli\u021biei de Frontier\u0103 Tulcea \u015fi Sectorului Poli\u021biei de Frontier\u0103 Tulcea, \u00eempreun\u0103 cu ofi\u021beri Europol, au efectuat o ac\u021biune specific\u0103 \u00een zona de responsabilitate, pe linia identific\u0103rii de ambarca\u021biuni \u0219i motoare furate.<\/p>\n<p>Astfel, pe raza localit\u0103\u021bii Tulcea, poli\u021bi\u0219tii de frontier\u0103 au verificat o ambarca\u021biune care apar\u021binea unui cet\u0103\u021bean rom\u00e2n, iar, \u00een urma verific\u0103rilor, au constatat c\u0103 aceasta este propulsat\u0103 de un motor semnalat \u00een bazele de date ca fiind bun c\u0103utat \u00een vederea confisc\u0103rii de c\u0103tre autorit\u0103\u021bile norvegiene.<\/p>\n<figure class=\"wp-block-image size-full is-resized\">\n<source type=\"image\/webp\" data-lazy-srcset=\"https:\/\/dobrogeanews.b-cdn.net\/wp-content\/uploads\/2026\/04\/Tulcea-Motor-de-barca-furat-din-Norvegia-02.jpg.webp 2560w, https:\/\/dobrogeanews.b-cdn.net\/wp-content\/uploads\/2026\/04\/Tulcea-Motor-de-barca-furat-din-Norvegia-02-300x211.jpg.webp 300w, https:\/\/dobrogeanews.b-cdn.net\/wp-content\/uploads\/2026\/04\/Tulcea-Motor-de-barca-furat-din-Norvegia-02-1024x719.jpg.webp 1024w, https:\/\/dobrogeanews.b-cdn.net\/wp-content\/uploads\/2026\/04\/Tulcea-Motor-de-barca-furat-din-Norvegia-02-768x539.jpg.webp 768w, https:\/\/dobrogeanews.b-cdn.net\/wp-content\/uploads\/2026\/04\/Tulcea-Motor-de-barca-furat-din-Norvegia-02-1536x1078.jpg.webp 1536w, https:\/\/dobrogeanews.b-cdn.net\/wp-content\/uploads\/2026\/04\/Tulcea-Motor-de-barca-furat-din-Norvegia-02-2048x1438.jpg.webp 2048w\" sizes=\"(max-width: 640px) 100vw, 640px\" \/><br \/>\n<img loading=\"lazy\" decoding=\"async\" src=\"https:\/\/dobrogeanews.b-cdn.net\/wp-content\/uploads\/2026\/04\/Tulcea-Motor-de-barca-furat-din-Norvegia-02.jpg\" alt=\"Tulcea Motor de barc\u0103 furat din Norvegia\" width=\"640\" height=\"449\"><\/figure>\n<p>Persoana \u00een cauz\u0103 a precizat faptul c\u0103 nu avea cuno\u0219tin\u021b\u0103 despre situa\u021bia juridic\u0103 a motorului \u0219i despre faptul c\u0103 acesta se afl\u0103 \u00een aten\u021bia autorit\u0103\u021bilor.<br \/>\u00cen cauz\u0103, a fost \u00eentocmit dosar penal pentru s\u0103v\u00e2r\u0219irea infrac\u021biunii de t\u0103inuire, iar motorul \u00een cauz\u0103, \u00een valoare de 25.000 de lei a fost ridicat p\u00e2n\u0103 la finalizarea cercet\u0103rilor.<\/p>\n<div class=\"monsterinsights-inline-popular-posts monsterinsights-inline-popular-posts-charlie monsterinsights-popular-posts-styled\">\n<div class=\"monsterinsights-inline-popular-posts-text\"><span class=\"monsterinsights-inline-popular-posts-label\">Vezi \u0219i:<\/span><\/p>\n<div class=\"monsterinsights-inline-popular-posts-post\"><a class=\"monsterinsights-inline-popular-posts-title\" href=\"https:\/\/www.dobrogeanews.ro\/impozitul-pe-imobile-2026-in-municipiul-tulcea-pe-intelesul-tuturor-cine-benefiaza-de-reduceri-informatii-detaliate\/\">Impozitul pe imobile\/2026 \u00een Municipiul Tulcea, pe \u00een\u021belesul tuturor. Cine benefiaz\u0103 de reduceri. Informa\u021bii detaliate<\/a><\/div>\n<div class=\"monsterinsights-inline-popular-posts-post\"><a class=\"monsterinsights-inline-popular-posts-title\" href=\"https:\/\/www.dobrogeanews.ro\/liliana-marinescu-a-fost-semnat-contractul-de-finantare-pentru-alimentare-cu-gaze-la-baia-in-valoare-de-8-075-000-lei\/\">Liliana Marinescu: A fost semnat contractul de finan\u021bare pentru \u201eAlimentare cu gaze\u201d la Baia \u00een valoare de 8.075.000 lei<\/a><\/div>\n<div class=\"monsterinsights-inline-popular-posts-post\"><a class=\"monsterinsights-inline-popular-posts-title\" href=\"https:\/\/www.dobrogeanews.ro\/la-babadag-eleviii-continua-sa-primeasca-pachetele-alimentare-prin-programul-national-masa-sanatoasa\/\">La Babadag, elevii continu\u0103 s\u0103 primeasc\u0103 pachetele alimentare prin Programul Na\u021bional \u201eMas\u0103 s\u0103n\u0103toas\u0103\u201d<\/a><\/div>\n<\/div>\n<\/div>\n<p class=\"has-text-align-center has-white-color has-text-color has-background\"><span><a href=\"https:\/\/news.google.com\/publications\/CAAqBwgKMIu5pgsw88O-Aw?ceid=RO:ro&amp;oc=3\">Urm\u0103ri\u0163i \u015etirile Dobrogeanews \u015fi pe Google News<\/a><\/span><\/p>\n<\/div>\n<div id=\"post-69811\" class=\"entry single-default post-69811 post type-post status-publish format-standard has-post-thumbnail hentry category-info\">\n<div>\n<div class=\"ss-follow-wrapper ss-clearfix ss-regular-buttons ss-columns-1 ss-default-style\">\n<div class=\"ss-follow-column\" data-ss-sf-network-id='\"facebook\"'><a href=\"https:\/\/www.facebook.com\/dobrogeanews\" class=\"ss-follow-network ss-facebook-color\" rel=\"nofollow noopener\" aria-label=\"facebook\" target=\"_blank\"><span class=\"ss-follow-network-label\">Urm\u0103re\u015fte-ne \u015fi pe Facebook!<\/span><span class=\"ss-follow-network-count\"><span class=\"ss-follow-network-count-number\">57K<\/span><span class=\"ss-follow-network-count-label\">Followers<\/span><\/span><\/a><\/div>\n<\/div>\n<\/div>\n<p>Poli\u021bi\u0219tii de frontier\u0103 din cadrul Serviciului Teritorial al Poli\u021biei de Frontier\u0103 Tulcea \u015fi Sectorului Poli\u021biei de Frontier\u0103 Tulcea, \u00een cooperare cu doi ofi\u021beri Europol, au descoperit, \u00een urma unei ac\u021biuni desf\u0103\u0219urate \u00een zona de competen\u021b\u0103, un motor de ambarca\u021biune semnalat ca fiind bun c\u0103utat \u00een vederea confisc\u0103rii.<\/p>\n<figure class=\"wp-block-image size-full is-resized\">\n<source type=\"image\/webp\" data-lazy-srcset=\"https:\/\/dobrogeanews.b-cdn.net\/wp-content\/uploads\/2026\/04\/Tulcea-Motor-de-barca-furat-din-Norvegia.jpg.webp 2560w, https:\/\/dobrogeanews.b-cdn.net\/wp-content\/uploads\/2026\/04\/Tulcea-Motor-de-barca-furat-din-Norvegia-300x211.jpg.webp 300w, https:\/\/dobrogeanews.b-cdn.net\/wp-content\/uploads\/2026\/04\/Tulcea-Motor-de-barca-furat-din-Norvegia-1024x719.jpg.webp 1024w, https:\/\/dobrogeanews.b-cdn.net\/wp-content\/uploads\/2026\/04\/Tulcea-Motor-de-barca-furat-din-Norvegia-768x539.jpg.webp 768w, https:\/\/dobrogeanews.b-cdn.net\/wp-content\/uploads\/2026\/04\/Tulcea-Motor-de-barca-furat-din-Norvegia-1536x1078.jpg.webp 1536w, https:\/\/dobrogeanews.b-cdn.net\/wp-content\/uploads\/2026\/04\/Tulcea-Motor-de-barca-furat-din-Norvegia-2048x1438.jpg.webp 2048w\" sizes=\"(max-width: 640px) 100vw, 640px\" \/><br \/>\n<img loading=\"lazy\" decoding=\"async\" src=\"https:\/\/dobrogeanews.b-cdn.net\/wp-content\/uploads\/2026\/04\/Tulcea-Motor-de-barca-furat-din-Norvegia.jpg\" alt=\"Tulcea Motor de barc\u0103 furat din Norvegia\" width=\"640\" height=\"449\"><\/figure>\n<p>\u00cen data de 09.04.2026, poli\u021bi\u0219tii de frontier\u0103 din cadrul Serviciului Teritorial al Poli\u021biei de Frontier\u0103 Tulcea \u015fi Sectorului Poli\u021biei de Frontier\u0103 Tulcea, \u00eempreun\u0103 cu ofi\u021beri Europol, au efectuat o ac\u021biune specific\u0103 \u00een zona de responsabilitate, pe linia identific\u0103rii de ambarca\u021biuni \u0219i motoare furate.<\/p>\n<p>Astfel, pe raza localit\u0103\u021bii Tulcea, poli\u021bi\u0219tii de frontier\u0103 au verificat o ambarca\u021biune care apar\u021binea unui cet\u0103\u021bean rom\u00e2n, iar, \u00een urma verific\u0103rilor, au constatat c\u0103 aceasta este propulsat\u0103 de un motor semnalat \u00een bazele de date ca fiind bun c\u0103utat \u00een vederea confisc\u0103rii de c\u0103tre autorit\u0103\u021bile norvegiene.<\/p>\n<figure class=\"wp-block-image size-full is-resized\">\n<source type=\"image\/webp\" data-lazy-srcset=\"https:\/\/dobrogeanews.b-cdn.net\/wp-content\/uploads\/2026\/04\/Tulcea-Motor-de-barca-furat-din-Norvegia-02.jpg.webp 2560w, https:\/\/dobrogeanews.b-cdn.net\/wp-content\/uploads\/2026\/04\/Tulcea-Motor-de-barca-furat-din-Norvegia-02-300x211.jpg.webp 300w, https:\/\/dobrogeanews.b-cdn.net\/wp-content\/uploads\/2026\/04\/Tulcea-Motor-de-barca-furat-din-Norvegia-02-1024x719.jpg.webp 1024w, https:\/\/dobrogeanews.b-cdn.net\/wp-content\/uploads\/2026\/04\/Tulcea-Motor-de-barca-furat-din-Norvegia-02-768x539.jpg.webp 768w, https:\/\/dobrogeanews.b-cdn.net\/wp-content\/uploads\/2026\/04\/Tulcea-Motor-de-barca-furat-din-Norvegia-02-1536x1078.jpg.webp 1536w, https:\/\/dobrogeanews.b-cdn.net\/wp-content\/uploads\/2026\/04\/Tulcea-Motor-de-barca-furat-din-Norvegia-02-2048x1438.jpg.webp 2048w\" sizes=\"(max-width: 640px) 100vw, 640px\" \/><br \/>\n<img loading=\"lazy\" decoding=\"async\" src=\"https:\/\/dobrogeanews.b-cdn.net\/wp-content\/uploads\/2026\/04\/Tulcea-Motor-de-barca-furat-din-Norvegia-02.jpg\" alt=\"Tulcea Motor de barc\u0103 furat din Norvegia\" width=\"640\" height=\"449\"><\/figure>\n<p>Persoana \u00een cauz\u0103 a precizat faptul c\u0103 nu avea cuno\u0219tin\u021b\u0103 despre situa\u021bia juridic\u0103 a motorului \u0219i despre faptul c\u0103 acesta se afl\u0103 \u00een aten\u021bia autorit\u0103\u021bilor.<br \/>\u00cen cauz\u0103, a fost \u00eentocmit dosar penal pentru s\u0103v\u00e2r\u0219irea infrac\u021biunii de t\u0103inuire, iar motorul \u00een cauz\u0103, \u00een valoare de 25.000 de lei a fost ridicat p\u00e2n\u0103 la finalizarea cercet\u0103rilor.<\/p>\n<div class=\"monsterinsights-inline-popular-posts monsterinsights-inline-popular-posts-charlie monsterinsights-popular-posts-styled\">\n<div class=\"monsterinsights-inline-popular-posts-text\"><span class=\"monsterinsights-inline-popular-posts-label\">Vezi \u0219i:<\/span><\/p>\n<div class=\"monsterinsights-inline-popular-posts-post\"><a class=\"monsterinsights-inline-popular-posts-title\" href=\"https:\/\/www.dobrogeanews.ro\/impozitul-pe-imobile-2026-in-municipiul-tulcea-pe-intelesul-tuturor-cine-benefiaza-de-reduceri-informatii-detaliate\/\">Impozitul pe imobile\/2026 \u00een Municipiul Tulcea, pe \u00een\u021belesul tuturor. Cine benefiaz\u0103 de reduceri. Informa\u021bii detaliate<\/a><\/div>\n<div class=\"monsterinsights-inline-popular-posts-post\"><a class=\"monsterinsights-inline-popular-posts-title\" href=\"https:\/\/www.dobrogeanews.ro\/liliana-marinescu-a-fost-semnat-contractul-de-finantare-pentru-alimentare-cu-gaze-la-baia-in-valoare-de-8-075-000-lei\/\">Liliana Marinescu: A fost semnat contractul de finan\u021bare pentru \u201eAlimentare cu gaze\u201d la Baia \u00een valoare de 8.075.000 lei<\/a><\/div>\n<div class=\"monsterinsights-inline-popular-posts-post\"><a class=\"monsterinsights-inline-popular-posts-title\" href=\"https:\/\/www.dobrogeanews.ro\/la-babadag-eleviii-continua-sa-primeasca-pachetele-alimentare-prin-programul-national-masa-sanatoasa\/\">La Babadag, elevii continu\u0103 s\u0103 primeasc\u0103 pachetele alimentare prin Programul Na\u021bional \u201eMas\u0103 s\u0103n\u0103toas\u0103\u201d<\/a><\/div>\n<\/div>\n<\/div>\n<p class=\"has-text-align-center has-white-color has-text-color has-background\"><span><a href=\"https:\/\/news.google.com\/publications\/CAAqBwgKMIu5pgsw88O-Aw?ceid=RO:ro&amp;oc=3\">Urm\u0103ri\u0163i \u015etirile Dobrogeanews \u015fi pe Google News<\/a><\/span><\/p>\n<\/div>\n<p>[analyse_source url=&#8221;https:\/\/www.dobrogeanews.ro\/motor-de-barca-in-valoare-de-25-000-lei-cautat-de-autoritatile-din-norvegia-descoperit-la-tulcea\/&#8221;]<\/p>\n","protected":false},"excerpt":{"rendered":"<p>[analyse_image type=&#8221;featured&#8221; src=&#8221;https:\/\/dobrogeanews.b-cdn.net\/wp-content\/uploads\/2026\/04\/Tulcea-Motor-de-barca-furat-din-Norvegia-02.jpg&#8221;] Urm\u0103re\u015fte-ne \u015fi pe Facebook!57KFollowers Poli\u021bi\u0219tii de frontier\u0103 din cadrul Serviciului Teritorial al Poli\u021biei de Frontier\u0103 Tulcea \u015fi Sectorului Poli\u021biei de Frontier\u0103 Tulcea, \u00een cooperare cu doi ofi\u021beri Europol, au descoperit, \u00een urma unei ac\u021biuni desf\u0103\u0219urate \u00een zona de competen\u021b\u0103, un motor de ambarca\u021biune semnalat ca fiind bun c\u0103utat \u00een vederea confisc\u0103rii. \u00cen [&hellip;]<\/p>\n","protected":false},"author":1,"featured_media":0,"comment_status":"open","ping_status":"","sticky":false,"template":"","format":"standard","meta":{"footnotes":""},"categories":[89],"tags":[226,223],"class_list":["post-1875780","post","type-post","status-publish","format-standard","hentry","category-romania","tag-crawlmanager","tag-dobrogeanews-ro"],"_links":{"self":[{"href":"https:\/\/analyse.optim.biz\/index.php?rest_route=\/wp\/v2\/posts\/1875780","targetHints":{"allow":["GET"]}}],"collection":[{"href":"https:\/\/analyse.optim.biz\/index.php?rest_route=\/wp\/v2\/posts"}],"about":[{"href":"https:\/\/analyse.optim.biz\/index.php?rest_route=\/wp\/v2\/types\/post"}],"author":[{"embeddable":true,"href":"https:\/\/analyse.optim.biz\/index.php?rest_route=\/wp\/v2\/users\/1"}],"replies":[{"embeddable":true,"href":"https:\/\/analyse.optim.biz\/index.php?rest_route=%2Fwp%2Fv2%2Fcomments&post=1875780"}],"version-history":[{"count":0,"href":"https:\/\/analyse.optim.biz\/index.php?rest_route=\/wp\/v2\/posts\/1875780\/revisions"}],"wp:attachment":[{"href":"https:\/\/analyse.optim.biz\/index.php?rest_route=%2Fwp%2Fv2%2Fmedia&parent=1875780"}],"wp:term":[{"taxonomy":"category","embeddable":true,"href":"https:\/\/analyse.optim.biz\/index.php?rest_route=%2Fwp%2Fv2%2Fcategories&post=1875780"},{"taxonomy":"post_tag","embeddable":true,"href":"https:\/\/analyse.optim.biz\/index.php?rest_route=%2Fwp%2Fv2%2Ftags&post=1875780"}],"curies":[{"name":"wp","href":"https:\/\/api.w.org\/{rel}","templated":true}]}}