{"id":187571,"date":"2015-01-27T16:39:16","date_gmt":"2015-01-27T13:39:16","guid":{"rendered":"https:\/\/analyse.optim.biz\/?p=187571"},"modified":"2015-01-27T16:39:16","modified_gmt":"2015-01-27T13:39:16","slug":"legea-insolventei-incinge-spiritele-in-parlament-disputa-intre-parlamentari-si-reprezentantii-bnr","status":"publish","type":"post","link":"https:\/\/analyse.optim.biz\/?p=187571","title":{"rendered":"Legea insolven\u021bei \u00eencinge spiritele \u00een Parlament. Disput\u0103 \u00eentre parlamentari \u0219i reprezentan\u021bii BNR"},"content":{"rendered":"<div class=\"entry data-app-meta data-app-meta-article\" data-embed-base-url-canonical=\"https:\/\/www.digi24.ro\/embed\/stiri\/actualitate\/politica\/legea-insolventei-incinge-spiritele-in-parlament-disputa-intre-parlamentari-si-reprezentantii-bnr-352325\">\n<p data-index=\"1\">\u201e<span>Dac\u0103 tot \u00eencerc\u0103m s\u0103 rescriem doar de dragul de a rescrie, eu m\u0103 voi \u00eempotrivi acestei abord\u0103ri. Dac\u0103 tot \u00eencerc\u0103m s\u0103 facem a\u015fa, varz\u0103, toc\u0103ni\u0163\u0103, nu o s\u0103 mearg\u0103\u201d, a spus deputatul PSD Ana Birchall, ini\u021biatoarea proiectului legislativ.<\/span><\/p>\n<p data-index=\"2\">\u201e<span>Veni\u0163i aici s\u0103 facem un populism. V\u0103 rog, l\u0103sa\u0163i-m\u0103 s\u0103 termin. Dac\u0103 nu v\u0103 potoli\u0163i, v\u0103 reamintesc c\u0103 am posibilitatea s\u0103 v\u0103 dau afar\u0103 din sal\u0103\u201d, a fost replica deputatului PNL Ovidiu Nicolescu.<\/span><\/p>\n<p data-index=\"3\">\u201e<span>Este imoral s\u0103 pl\u0103te\u015fti o datorie imoral\u0103\u201d, a fost opinia deputatului PSD Ninel Peia.<\/span><\/p>\n<p data-index=\"4\">\u201eDiscut\u0103m de un concept numit credit \u015fi nu de moralitatea sau imoralitatea acestui concept. Mi se pare extrem de ciudat s\u0103 vorbim de moralitate\u201d, a r\u0103spuns \u015feful Direc\u0163iei Juridice a BNR.<\/p>\n<p data-index=\"5\">\u201e<span>Domnii, reprezentan\u0163ii b\u0103ncilor, dac\u0103 vor s\u0103 fac\u0103 legi pot s\u0103 candideze \u00een 2016. Deocamdat\u0103 accept\u0103m numai sugestii \u015fi noi facem legile \u00een acest moment\u201d, i-a spus Ninel Peia lui Alexandru P\u0103unescu.<\/span><\/p>\n<p data-index=\"6\">Dezbaterile asupra legii insolven\u021bei au fost reluate dup\u0103 izbucnirea <a href=\"https:\/\/www.digi24.ro\/Utile\/Search\/?q=franc+elvetian\" target=\"_blank\" data-skip-linkfix=\"1\" rel=\"noopener\">crizei francului elve\u021bian<\/a>, \u00een condi\u021biile \u00een care circa 75.000 de rom\u00e2ni au credite \u00een aceast\u0103 moned\u0103 \u0219i mul\u021bi dintre ei nu-\u0219i mai pot pl\u0103ti ratele la cursul actual al monedei elve\u021biene.<\/p>\n<p data-index=\"7\">FMI<a href=\"https:\/\/www.digi24.ro\/Stiri\/Digi24\/Economie\/Stiri\/FMI+cere+studiu+de+impact+la+Legea+insolventei\" target=\"_blank\" data-skip-linkfix=\"1\" rel=\"noopener\"> a avertizat \u00eens\u0103 c\u0103 e nevoie de un studiu de impact<\/a> \u00eenainte de adoptarea acestei legi.<\/p>\n<p data-index=\"8\">\u201e<span>O lege a falimentului personal eficient\u0103 reprezint\u0103 o component\u0103 important\u0103 a sistemului modern de insolven\u0163\u0103 \u015fi sprijinim eforturile autorit\u0103\u0163ilor de a realiza o legisla\u0163ie \u00een acest domeniu. Suntem, totu\u015fi, profund \u00eengrijora\u0163i de faptul c\u0103 adoptarea unei legi a falimentului personal f\u0103r\u0103 un studiu de impact adecvat, f\u0103r\u0103 consultarea p\u0103r\u0163ilor interesate \u015fi f\u0103r\u0103 un sprijin institu\u0163ional adecvat nu-\u015fi va atinge obiectivele\u201d, se arat\u0103 \u00eentr-o scrisoare transmis\u0103 ministrului Finan\u0163elor, Darius V\u00e2lcov, de Andrea Schaechter, \u015fefa misiunii FMI \u00een Rom\u00e2nia, \u015fi de Elisabetta Capannelli, Country Manager al B\u0103ncii Mondiale.<\/span><\/p>\n<\/div>\n<p> Source URL: https:\/\/www.digi24.ro\/stiri\/actualitate\/politica\/legea-insolventei-incinge-spiritele-in-parlament-disputa-intre-parlamentari-si-reprezentantii-bnr-352325<\/p>\n","protected":false},"excerpt":{"rendered":"<p>\u201eDac\u0103 tot \u00eencerc\u0103m s\u0103 rescriem doar de dragul de a rescrie, eu m\u0103 voi \u00eempotrivi acestei abord\u0103ri. Dac\u0103 tot \u00eencerc\u0103m s\u0103 facem a\u015fa, varz\u0103, toc\u0103ni\u0163\u0103, nu o s\u0103 mearg\u0103\u201d, a spus deputatul PSD Ana Birchall, ini\u021biatoarea proiectului legislativ. \u201eVeni\u0163i aici s\u0103 facem un populism. V\u0103 rog, l\u0103sa\u0163i-m\u0103 s\u0103 termin. Dac\u0103 nu v\u0103 potoli\u0163i, v\u0103 reamintesc [&hellip;]<\/p>\n","protected":false},"author":1,"featured_media":187572,"comment_status":"open","ping_status":"","sticky":false,"template":"","format":"standard","meta":{"footnotes":""},"categories":[2],"tags":[11],"class_list":["post-187571","post","type-post","status-publish","format-standard","has-post-thumbnail","hentry","category-politics","tag-digi24"],"_links":{"self":[{"href":"https:\/\/analyse.optim.biz\/index.php?rest_route=\/wp\/v2\/posts\/187571","targetHints":{"allow":["GET"]}}],"collection":[{"href":"https:\/\/analyse.optim.biz\/index.php?rest_route=\/wp\/v2\/posts"}],"about":[{"href":"https:\/\/analyse.optim.biz\/index.php?rest_route=\/wp\/v2\/types\/post"}],"author":[{"embeddable":true,"href":"https:\/\/analyse.optim.biz\/index.php?rest_route=\/wp\/v2\/users\/1"}],"replies":[{"embeddable":true,"href":"https:\/\/analyse.optim.biz\/index.php?rest_route=%2Fwp%2Fv2%2Fcomments&post=187571"}],"version-history":[{"count":0,"href":"https:\/\/analyse.optim.biz\/index.php?rest_route=\/wp\/v2\/posts\/187571\/revisions"}],"wp:featuredmedia":[{"embeddable":true,"href":"https:\/\/analyse.optim.biz\/index.php?rest_route=\/wp\/v2\/media\/187572"}],"wp:attachment":[{"href":"https:\/\/analyse.optim.biz\/index.php?rest_route=%2Fwp%2Fv2%2Fmedia&parent=187571"}],"wp:term":[{"taxonomy":"category","embeddable":true,"href":"https:\/\/analyse.optim.biz\/index.php?rest_route=%2Fwp%2Fv2%2Fcategories&post=187571"},{"taxonomy":"post_tag","embeddable":true,"href":"https:\/\/analyse.optim.biz\/index.php?rest_route=%2Fwp%2Fv2%2Ftags&post=187571"}],"curies":[{"name":"wp","href":"https:\/\/api.w.org\/{rel}","templated":true}]}}